{"id":173873,"date":"2025-07-04T23:31:45","date_gmt":"2025-07-04T21:31:45","guid":{"rendered":"https:\/\/www.andreas-edler.de\/blog\/?p=173873"},"modified":"2025-07-27T19:05:27","modified_gmt":"2025-07-27T17:05:27","slug":"auto-in-pumptrackanlage-geparkt","status":"publish","type":"post","link":"https:\/\/www.andreas-edler.de\/blog\/2025\/07\/auto-in-pumptrackanlage-geparkt\/","title":{"rendered":"Auto in Pumptrackanlage geparkt"},"content":{"rendered":"<p>In Bad Oeynhausen haben wir extremen <a rel=\"tag\" class=\"hashtag u-tag u-category\" href=\"https:\/\/www.andreas-edler.de\/blog\/tag\/parkdruck\/\">#Parkdruck<\/a>. Es kann zwar niemand erkl\u00e4ren, wie der gemessen wird, aber er muss da sein. Tats\u00e4chlich haben wir auch viele Parkh\u00e4user, die regelm\u00e4\u00dfig leer vor sich hin stehen. Der Parkdruck ist zu einem nicht geringen Teil auch schlichte Bequemlichkeit, dann ein paar Schritte zu Fu\u00df gehen zu m\u00fcssen.<\/p>\n<p><a href=\"https:\/\/www.andreas-edler.de\/blog\/2022\/07\/parken-am-sielbad-in-bad-oeynhausen\/\" target=\"_blank\">Seit das Sielbad neu er\u00f6ffnet hat<\/a> (und vorher auch schon) <a href=\"https:\/\/www.andreas-edler.de\/blog\/2022\/08\/immer-noch-wildes-parken-am-sielbad\/\" target=\"_blank\">parken die Menschen dort entlang der Mindener Stra\u00dfe<\/a>. Anfangs war irgendwie nicht so richtig klar, ob das erlaubt ist. Inzwischen schafften Parkverbotsschilder Klarheit. Das hindert nat\u00fcrlich niemanden, falsch zu parken. Wo kommen wir denn da hin, wenn man sich an die Regeln halten m\u00fcsste!<\/p>\n<figure id=\"attachment_168953\" aria-describedby=\"caption-attachment-168953\" style=\"width: 470px\" class=\"wp-caption aligncenter\"><a href=\"https:\/\/www.andreas-edler.de\/blog\/wp-content\/uploads\/2022\/08\/2022-08-04-17.36.45.jpg\"><img loading=\"lazy\" decoding=\"async\" src=\"https:\/\/www.andreas-edler.de\/blog\/wp-content\/uploads\/2022\/08\/2022-08-04-17.36.45-470x97.jpg\" alt=\"\" width=\"470\" height=\"97\" class=\"size-large wp-image-168953\" srcset=\"https:\/\/www.andreas-edler.de\/blog\/wp-content\/uploads\/2022\/08\/2022-08-04-17.36.45-470x97.jpg 470w, https:\/\/www.andreas-edler.de\/blog\/wp-content\/uploads\/2022\/08\/2022-08-04-17.36.45-250x51.jpg 250w, https:\/\/www.andreas-edler.de\/blog\/wp-content\/uploads\/2022\/08\/2022-08-04-17.36.45-768x158.jpg 768w, https:\/\/www.andreas-edler.de\/blog\/wp-content\/uploads\/2022\/08\/2022-08-04-17.36.45-100x21.jpg 100w, https:\/\/www.andreas-edler.de\/blog\/wp-content\/uploads\/2022\/08\/2022-08-04-17.36.45-150x31.jpg 150w, https:\/\/www.andreas-edler.de\/blog\/wp-content\/uploads\/2022\/08\/2022-08-04-17.36.45-200x41.jpg 200w, https:\/\/www.andreas-edler.de\/blog\/wp-content\/uploads\/2022\/08\/2022-08-04-17.36.45-300x62.jpg 300w, https:\/\/www.andreas-edler.de\/blog\/wp-content\/uploads\/2022\/08\/2022-08-04-17.36.45-450x92.jpg 450w, https:\/\/www.andreas-edler.de\/blog\/wp-content\/uploads\/2022\/08\/2022-08-04-17.36.45-600x123.jpg 600w, https:\/\/www.andreas-edler.de\/blog\/wp-content\/uploads\/2022\/08\/2022-08-04-17.36.45-900x185.jpg 900w, https:\/\/www.andreas-edler.de\/blog\/wp-content\/uploads\/2022\/08\/2022-08-04-17.36.45.jpg 1280w\" sizes=\"auto, (max-width: 470px) 100vw, 470px\" \/><\/a><figcaption id=\"caption-attachment-168953\" class=\"wp-caption-text\">Seitenstreifen komplett zugeparkt<\/figcaption><\/figure>\n<p><cite>NW vom 04.07.2025: <strong><a href=\"https:\/\/www.nw.de\/lokal\/kreis_minden_luebbecke\/bad_oeynhausen\/24130630_Hitze-sorgt-fuer-Ansturm-aufs-Bad-Oeynhausener-Sielbad-inklusive-Park-Chaos-v1.html\" target=\"_new\">Hitze sorgt f\u00fcr Ansturm aufs Bad Oeynhausener Sielbad &#8211; inklusive Park-Chaos<\/a><\/strong><br \/>\n[&#8230;] Mehrere Sielbad-Besucher parkten auf dem Standstreifen direkt an der Kanalstra\u00dfe und huschten mit Badesachen die wenigen Meter ins Freibad. Als sie frisch gebadet zur\u00fcck zum Auto kamen, werden sie die Strafzettel entdeckt haben. [&#8230;]<\/cite><\/p>\n<p>Kann ich das Parken auf einem Seitenstreifen so gerade noch nachvollziehen, vielleicht wurde das entsprechende Schild wirklich \u00fcbersehen, ist mir v\u00f6llig schleierhaft wie man die folgende Aktion bringen kann:<\/p>\n<p><cite>[&#8230;] Eine alleinerziehende Mutter aus Bad Oeynhausen hat am fr\u00fchen Mittwochnachmittag ihren Sohn mit dem Auto rasch ans Freibad gebracht [&#8230;] Sie fuhr \u00fcber den Rad- und Fu\u00dfweg weiter und setzte ihren Mercedes mitten in den Pumptrack. [&#8230;]<\/cite><\/p>\n<p><figure id=\"attachment_173876\" aria-describedby=\"caption-attachment-173876\" style=\"width: 250px\" class=\"wp-caption alignright\"><a href=\"https:\/\/www.andreas-edler.de\/blog\/wp-content\/uploads\/2025\/07\/2025-07-03-12.26.35.jpg\"><img loading=\"lazy\" decoding=\"async\" src=\"https:\/\/www.andreas-edler.de\/blog\/wp-content\/uploads\/2025\/07\/2025-07-03-12.26.35-250x150.jpg\" alt=\"Man sieht die Kante einer asphaltierten Pumptrackanlage. Oben ist der Asphalt eben und dann geht er in steilem Winkel nach unten. Direkt an der Kante sind Kratzer und Abbr\u00fcche zu erkennen.\" width=\"250\" height=\"150\" class=\"size-medium wp-image-173876\" srcset=\"https:\/\/www.andreas-edler.de\/blog\/wp-content\/uploads\/2025\/07\/2025-07-03-12.26.35-250x150.jpg 250w, https:\/\/www.andreas-edler.de\/blog\/wp-content\/uploads\/2025\/07\/2025-07-03-12.26.35-470x283.jpg 470w, https:\/\/www.andreas-edler.de\/blog\/wp-content\/uploads\/2025\/07\/2025-07-03-12.26.35-768x462.jpg 768w, https:\/\/www.andreas-edler.de\/blog\/wp-content\/uploads\/2025\/07\/2025-07-03-12.26.35-100x60.jpg 100w, https:\/\/www.andreas-edler.de\/blog\/wp-content\/uploads\/2025\/07\/2025-07-03-12.26.35-150x90.jpg 150w, https:\/\/www.andreas-edler.de\/blog\/wp-content\/uploads\/2025\/07\/2025-07-03-12.26.35-200x120.jpg 200w, https:\/\/www.andreas-edler.de\/blog\/wp-content\/uploads\/2025\/07\/2025-07-03-12.26.35-300x180.jpg 300w, https:\/\/www.andreas-edler.de\/blog\/wp-content\/uploads\/2025\/07\/2025-07-03-12.26.35-450x271.jpg 450w, https:\/\/www.andreas-edler.de\/blog\/wp-content\/uploads\/2025\/07\/2025-07-03-12.26.35-600x361.jpg 600w, https:\/\/www.andreas-edler.de\/blog\/wp-content\/uploads\/2025\/07\/2025-07-03-12.26.35-900x541.jpg 900w, https:\/\/www.andreas-edler.de\/blog\/wp-content\/uploads\/2025\/07\/2025-07-03-12.26.35.jpg 1280w\" sizes=\"auto, (max-width: 250px) 100vw, 250px\" \/><\/a><figcaption id=\"caption-attachment-173876\" class=\"wp-caption-text\">Die dunklen Stellen wo der Asphalt weggebrochen ist, sind die Positionen der Schweller.<\/figcaption><\/figure> Das kann nur dann &#8222;rasch&#8220; erfolgt sein, wenn der Sohn bis genau vor die Eingangst\u00fcr gefahren wurde. Insofern ist &#8222;ans Freibad&#8220; eher &#8222;ins Freibad&#8220;. Der erw\u00e4hnte Rad- und Fu\u00dfweg ist im \u00fcbrigen im Sielpark gelegen und die <a href=\"https:\/\/www.andreas-edler.de\/blog\/2023\/10\/pumptrackanlage-in-bad-oeynhausen\/\" target=\"_blank\">Pumptrackanlage auch weithin als solche erkennbar<\/a>. Wenn man dort oben drauf f\u00e4hrt und das Auto auch noch auf die Seitenschweller setzt, dann stimmt einiges nicht mit der Wahrnehmung. Die ist wirklich erst den schmalen Geh- und Radweg gefahren und dann noch hoch auf den Pumptrack. Statt dort dann zu gr\u00fcbeln und zur\u00fcck zu setzen, einfach geradeaus. Entweder war sie zu schnell, oder &#8230; keine Ahnung!<\/p>\n<p><cite>[&#8230;] Im Gespr\u00e4ch mit der NW erkl\u00e4rte sie, dass sie keine Schilder entdeckt habe, die ihr die Durchfahrt verboten h\u00e4tten. [&#8230;]<\/cite><\/p>\n<figure id=\"attachment_173879\" aria-describedby=\"caption-attachment-173879\" style=\"width: 470px\" class=\"wp-caption aligncenter\"><a href=\"https:\/\/www.andreas-edler.de\/blog\/wp-content\/uploads\/2025\/07\/2025-07-03-12.27.45.jpg\"><img loading=\"lazy\" decoding=\"async\" src=\"https:\/\/www.andreas-edler.de\/blog\/wp-content\/uploads\/2025\/07\/2025-07-03-12.27.45-470x235.jpg\" alt=\"Die Zufahrt zu einem Hallen- und Freibad. Rechts sind Anschlie\u00dfb\u00fcgel f\u00fcr Fahrr\u00e4der zu sehen. Links ist eine mit B\u00fcschen bewachsene B\u00f6schung. Ganz unten am Bildrand sieht man die Kante zwischen Asphalt der Fahrbahn und gepflasterter Fl\u00e4che vor dem Hallenbad. Ein rot-wei\u00dfes Verkehrszeichen 250 verbietet die Durchfahrt.\" width=\"470\" height=\"235\" class=\"size-large wp-image-173879\" srcset=\"https:\/\/www.andreas-edler.de\/blog\/wp-content\/uploads\/2025\/07\/2025-07-03-12.27.45-470x235.jpg 470w, https:\/\/www.andreas-edler.de\/blog\/wp-content\/uploads\/2025\/07\/2025-07-03-12.27.45-250x125.jpg 250w, https:\/\/www.andreas-edler.de\/blog\/wp-content\/uploads\/2025\/07\/2025-07-03-12.27.45-768x383.jpg 768w, https:\/\/www.andreas-edler.de\/blog\/wp-content\/uploads\/2025\/07\/2025-07-03-12.27.45-1536x767.jpg 1536w, https:\/\/www.andreas-edler.de\/blog\/wp-content\/uploads\/2025\/07\/2025-07-03-12.27.45-2048x1022.jpg 2048w, https:\/\/www.andreas-edler.de\/blog\/wp-content\/uploads\/2025\/07\/2025-07-03-12.27.45-100x50.jpg 100w, https:\/\/www.andreas-edler.de\/blog\/wp-content\/uploads\/2025\/07\/2025-07-03-12.27.45-150x75.jpg 150w, https:\/\/www.andreas-edler.de\/blog\/wp-content\/uploads\/2025\/07\/2025-07-03-12.27.45-200x100.jpg 200w, https:\/\/www.andreas-edler.de\/blog\/wp-content\/uploads\/2025\/07\/2025-07-03-12.27.45-300x150.jpg 300w, https:\/\/www.andreas-edler.de\/blog\/wp-content\/uploads\/2025\/07\/2025-07-03-12.27.45-450x225.jpg 450w, https:\/\/www.andreas-edler.de\/blog\/wp-content\/uploads\/2025\/07\/2025-07-03-12.27.45-600x300.jpg 600w, https:\/\/www.andreas-edler.de\/blog\/wp-content\/uploads\/2025\/07\/2025-07-03-12.27.45-900x449.jpg 900w\" sizes=\"auto, (max-width: 470px) 100vw, 470px\" \/><\/a><figcaption id=\"caption-attachment-173879\" class=\"wp-caption-text\">Das \u00fcbersehene Zeichen.<\/figcaption><\/figure>\n<p>Das Schild h\u00e4tte sie auch nicht besonders entdecken m\u00fcssen, da ist sie dran vorbei gefahren. Und es steht sehr prominent direkt an der Zufahrtstra\u00dfe.<\/p>\n<p>Ich hoffe die Instandsetzung der Pumptrackanlage wird zus\u00e4tzlich zum Bu\u00dfgeld bezahlt.<\/p>\n","protected":false},"excerpt":{"rendered":"<p>In Bad Oeynhausen haben wir extremen #Parkdruck. Es kann zwar niemand erkl\u00e4ren, wie der gemessen wird, aber er muss da sein. Tats\u00e4chlich haben wir auch viele Parkh\u00e4user, die regelm\u00e4\u00dfig leer vor sich hin stehen. Der Parkdruck ist zu einem nicht &hellip;<\/p>\n<p class=\"read-more\"> <a class=\"more-link\" href=\"https:\/\/www.andreas-edler.de\/blog\/2025\/07\/auto-in-pumptrackanlage-geparkt\/\"> <span class=\"screen-reader-text\">Auto in Pumptrackanlage geparkt<\/span> Weiterlesen &raquo;<\/a><\/p>\n","protected":false},"author":1,"featured_media":0,"comment_status":"open","ping_status":"open","sticky":false,"template":"","format":"standard","meta":{"ngg_post_thumbnail":0,"activitypub_content_warning":"","activitypub_content_visibility":"","activitypub_max_image_attachments":2,"activitypub_interaction_policy_quote":"anyone","activitypub_status":"federated","footnotes":""},"categories":[14,13],"tags":[37,63,436,214,216,59,71,302,260],"class_list":["post-173873","post","type-post","status-publish","format-standard","hentry","category-bad-oeynhausen","category-verkehr","tag-auto","tag-benehmen","tag-parkdruck","tag-parken","tag-parkhaeuser","tag-presse","tag-regeln","tag-sielbad","tag-stvo"],"share_on_mastodon":{"url":"https:\/\/social.tchncs.de\/@filmfacts\/114926284331222073","error":""},"_links":{"self":[{"href":"https:\/\/www.andreas-edler.de\/blog\/wp-json\/wp\/v2\/posts\/173873","targetHints":{"allow":["GET"]}}],"collection":[{"href":"https:\/\/www.andreas-edler.de\/blog\/wp-json\/wp\/v2\/posts"}],"about":[{"href":"https:\/\/www.andreas-edler.de\/blog\/wp-json\/wp\/v2\/types\/post"}],"author":[{"embeddable":true,"href":"https:\/\/www.andreas-edler.de\/blog\/wp-json\/wp\/v2\/users\/1"}],"replies":[{"embeddable":true,"href":"https:\/\/www.andreas-edler.de\/blog\/wp-json\/wp\/v2\/comments?post=173873"}],"version-history":[{"count":0,"href":"https:\/\/www.andreas-edler.de\/blog\/wp-json\/wp\/v2\/posts\/173873\/revisions"}],"wp:attachment":[{"href":"https:\/\/www.andreas-edler.de\/blog\/wp-json\/wp\/v2\/media?parent=173873"}],"wp:term":[{"taxonomy":"category","embeddable":true,"href":"https:\/\/www.andreas-edler.de\/blog\/wp-json\/wp\/v2\/categories?post=173873"},{"taxonomy":"post_tag","embeddable":true,"href":"https:\/\/www.andreas-edler.de\/blog\/wp-json\/wp\/v2\/tags?post=173873"}],"curies":[{"name":"wp","href":"https:\/\/api.w.org\/{rel}","templated":true}]}}