{"id":173722,"date":"2025-06-30T23:57:16","date_gmt":"2025-06-30T21:57:16","guid":{"rendered":"https:\/\/www.andreas-edler.de\/blog\/?p=173722"},"modified":"2025-07-07T18:45:38","modified_gmt":"2025-07-07T16:45:38","slug":"deutlich-zu-eng-ueberholt","status":"publish","type":"post","link":"https:\/\/www.andreas-edler.de\/blog\/2025\/06\/deutlich-zu-eng-ueberholt\/","title":{"rendered":"Deutlich zu eng \u00fcberholt"},"content":{"rendered":"<p>Alex und ich sind zu einem Treffen im Bualuang gefahren &#8211; bestes thail\u00e4ndisches Restaurant weit und breit. Nat\u00fcrlich mit dem Fahrrad und durch den Siel, damit wir nicht soviel Autoverkehr bekommen. Ein paar gemeinsame Stra\u00dfen mit dem <a rel=\"tag\" class=\"hashtag u-tag u-category\" href=\"https:\/\/www.andreas-edler.de\/blog\/tag\/miv\/\">#MIV<\/a> muss man aber befahren. So z.b. die Wilhelmstra\u00dfe. Wir kamen die Dr.-Hopmann-Stra\u00dfe hoch, fuhren rechts ab in die Wilhelmstra\u00dfe und ja, ich fuhr leicht versetzt hinter Alex her. Direkt hinter der Kurve \u00fcberholte uns dann eine Dame deartig eng, dass ich mit der R\u00fcckseite der linken Hand problemlos an ihre C-S\u00e4ule klopfen konnte.<\/p>\n<figure id=\"attachment_173723\" aria-describedby=\"caption-attachment-173723\" style=\"width: 470px\" class=\"wp-caption aligncenter\"><a href=\"https:\/\/www.andreas-edler.de\/blog\/wp-content\/uploads\/2025\/07\/2025-06-30-wilhelmstrasse_zu_eng_ueberholt.jpg\"><img loading=\"lazy\" decoding=\"async\" src=\"https:\/\/www.andreas-edler.de\/blog\/wp-content\/uploads\/2025\/07\/2025-06-30-wilhelmstrasse_zu_eng_ueberholt-470x264.jpg\" alt=\"Ein wei\u00dfer PKW \u00fcberholt eine Radfahrerin mit zu wenig Abstand. Rechts parken PKW am Fahrbahnrand halb in Parkbuchten. Im schmalen Abstand zwischen der Radfahrerin und dem PKW ist offensichtlich noch das Fahrrad mit der mittig am Lenker montierten Kamera, welche das Bild aufgezeichnet hat.\" width=\"470\" height=\"264\" class=\"size-large wp-image-173723\" srcset=\"https:\/\/www.andreas-edler.de\/blog\/wp-content\/uploads\/2025\/07\/2025-06-30-wilhelmstrasse_zu_eng_ueberholt-470x264.jpg 470w, https:\/\/www.andreas-edler.de\/blog\/wp-content\/uploads\/2025\/07\/2025-06-30-wilhelmstrasse_zu_eng_ueberholt-250x141.jpg 250w, https:\/\/www.andreas-edler.de\/blog\/wp-content\/uploads\/2025\/07\/2025-06-30-wilhelmstrasse_zu_eng_ueberholt-768x432.jpg 768w, https:\/\/www.andreas-edler.de\/blog\/wp-content\/uploads\/2025\/07\/2025-06-30-wilhelmstrasse_zu_eng_ueberholt-1536x864.jpg 1536w, https:\/\/www.andreas-edler.de\/blog\/wp-content\/uploads\/2025\/07\/2025-06-30-wilhelmstrasse_zu_eng_ueberholt-100x56.jpg 100w, https:\/\/www.andreas-edler.de\/blog\/wp-content\/uploads\/2025\/07\/2025-06-30-wilhelmstrasse_zu_eng_ueberholt-150x84.jpg 150w, https:\/\/www.andreas-edler.de\/blog\/wp-content\/uploads\/2025\/07\/2025-06-30-wilhelmstrasse_zu_eng_ueberholt-200x113.jpg 200w, https:\/\/www.andreas-edler.de\/blog\/wp-content\/uploads\/2025\/07\/2025-06-30-wilhelmstrasse_zu_eng_ueberholt-300x169.jpg 300w, https:\/\/www.andreas-edler.de\/blog\/wp-content\/uploads\/2025\/07\/2025-06-30-wilhelmstrasse_zu_eng_ueberholt-450x253.jpg 450w, https:\/\/www.andreas-edler.de\/blog\/wp-content\/uploads\/2025\/07\/2025-06-30-wilhelmstrasse_zu_eng_ueberholt-600x338.jpg 600w, https:\/\/www.andreas-edler.de\/blog\/wp-content\/uploads\/2025\/07\/2025-06-30-wilhelmstrasse_zu_eng_ueberholt-900x506.jpg 900w, https:\/\/www.andreas-edler.de\/blog\/wp-content\/uploads\/2025\/07\/2025-06-30-wilhelmstrasse_zu_eng_ueberholt.jpg 1920w\" sizes=\"auto, (max-width: 470px) 100vw, 470px\" \/><\/a><figcaption id=\"caption-attachment-173723\" class=\"wp-caption-text\">Der Abstand zu Alex ist eigentlich schon zu knapp.<\/figcaption><\/figure>\n<p>Es w\u00e4re problemlos m\u00f6glich gewesen, ein paar Sekunden zu warten, bis es nicht mehr so eng ist. Selbst nur zu Alex ist der \u00dcberholabstand &#8211; wie man im Bild sieht &#8211; zu eng. Und in dem Abstand bin ich noch mit meinem Fahrrad. Mein Schreien hat sie dann zum Anhalten bewogen und wir haben uns zun\u00e4chst &#8222;unterhalten&#8220;. Wir d\u00fcrften nicht nebeneinander fahren und so.<\/p>\n<p>Ob das denn dann die Erlaubnis f\u00fcr sie sei, uns zu gef\u00e4hrden? H\u00e4tte sie gar nicht und ich darf ihr Auto nicht anfassen! Danach habe ich die Polizei schon gefragt und die hatte keinerlei Einwendungen dazu &#8211; was sie sichtlich erstaunte. Habe ihr dann erl\u00e4utert und gezeigt, wie breit die Stra\u00dfe ist, wieviel Abstand man zu parkenden Autos halten muss, wie breit die Lenker sind, wieviel Mindestabstand sie beim \u00dcberholen einhalten muss und habe davon dann die Breite ihres KFZ abgezogen. Da war dann doch ein bisschen Stille.<\/p>\n<p>ABER NEBENEINANDER FAHREN! Da habe ich ihr dann erkl\u00e4rt, dass man das nur dann nicht darf, wenn man jemanden dabei behindert. Was in dem Fall aufgrund der zuvor geschilderten und von ihr akzeptierten Ma\u00dfe wohl faktisch nicht der Fall sein k\u00f6nnte. Weil sie n\u00e4mlich legal auch nicht \u00fcberholen h\u00e4tte k\u00f6nnen, wenn wir ganz dicht an den parkenden PKW vorbei geschrappt w\u00e4ren.<\/p>\n<p>Die &#8222;Unterhaltung&#8220; war inzwischen schon zu einer Unterhaltung abgeklungen und sie schien mir ein bisschen einsichtig. Sie w\u00fcrde ja auch Fahrrad fahren. Da kann sie das Gelernte dann ja anwenden :-)<\/p>\n","protected":false},"excerpt":{"rendered":"<p>Alex und ich sind zu einem Treffen im Bualuang gefahren &#8211; bestes thail\u00e4ndisches Restaurant weit und breit. Nat\u00fcrlich mit dem Fahrrad und durch den Siel, damit wir nicht soviel Autoverkehr bekommen. Ein paar gemeinsame Stra\u00dfen mit dem #MIV muss man &hellip;<\/p>\n<p class=\"read-more\"> <a class=\"more-link\" href=\"https:\/\/www.andreas-edler.de\/blog\/2025\/06\/deutlich-zu-eng-ueberholt\/\"> <span class=\"screen-reader-text\">Deutlich zu eng \u00fcberholt<\/span> Weiterlesen &raquo;<\/a><\/p>\n","protected":false},"author":1,"featured_media":0,"comment_status":"open","ping_status":"open","sticky":false,"template":"","format":"standard","meta":{"ngg_post_thumbnail":0,"activitypub_content_warning":"","activitypub_content_visibility":"","activitypub_max_image_attachments":2,"activitypub_interaction_policy_quote":"anyone","activitypub_status":"federated","footnotes":""},"categories":[14,15,13],"tags":[477,37,63,110,480,71,76,260,461,660],"class_list":["post-173722","post","type-post","status-publish","format-standard","hentry","category-bad-oeynhausen","category-fahrrad","category-verkehr","tag-alltagsradverkehr","tag-auto","tag-benehmen","tag-fahrradfreundliche-stadt","tag-miv","tag-regeln","tag-sicherheit","tag-stvo","tag-ueberholzwang","tag-wilhelmstrasse"],"share_on_mastodon":{"url":"https:\/\/social.tchncs.de\/@filmfacts\/114812847149212458","error":""},"_links":{"self":[{"href":"https:\/\/www.andreas-edler.de\/blog\/wp-json\/wp\/v2\/posts\/173722","targetHints":{"allow":["GET"]}}],"collection":[{"href":"https:\/\/www.andreas-edler.de\/blog\/wp-json\/wp\/v2\/posts"}],"about":[{"href":"https:\/\/www.andreas-edler.de\/blog\/wp-json\/wp\/v2\/types\/post"}],"author":[{"embeddable":true,"href":"https:\/\/www.andreas-edler.de\/blog\/wp-json\/wp\/v2\/users\/1"}],"replies":[{"embeddable":true,"href":"https:\/\/www.andreas-edler.de\/blog\/wp-json\/wp\/v2\/comments?post=173722"}],"version-history":[{"count":0,"href":"https:\/\/www.andreas-edler.de\/blog\/wp-json\/wp\/v2\/posts\/173722\/revisions"}],"wp:attachment":[{"href":"https:\/\/www.andreas-edler.de\/blog\/wp-json\/wp\/v2\/media?parent=173722"}],"wp:term":[{"taxonomy":"category","embeddable":true,"href":"https:\/\/www.andreas-edler.de\/blog\/wp-json\/wp\/v2\/categories?post=173722"},{"taxonomy":"post_tag","embeddable":true,"href":"https:\/\/www.andreas-edler.de\/blog\/wp-json\/wp\/v2\/tags?post=173722"}],"curies":[{"name":"wp","href":"https:\/\/api.w.org\/{rel}","templated":true}]}}