{"id":173673,"date":"2025-06-22T16:19:09","date_gmt":"2025-06-22T14:19:09","guid":{"rendered":"https:\/\/www.andreas-edler.de\/blog\/?p=173673"},"modified":"2025-06-22T16:19:09","modified_gmt":"2025-06-22T14:19:09","slug":"kleiner-ausflug-in-den-harz","status":"publish","type":"post","link":"https:\/\/www.andreas-edler.de\/blog\/2025\/06\/kleiner-ausflug-in-den-harz\/","title":{"rendered":"Kleiner Ausflug in den Harz"},"content":{"rendered":"<p>In 2018 haben wir den f\u00fcnften Geburtstag von Nachwuchs 2.0 im Harz auf dem Campingplatz Prahljust in Clausthal-Zellerfeld gefeiert. Und da der gro\u00dfe Junge immer \u00f6fter auch mal \u00fcber&#8217;s Wochenende in seiner Studentenbude bleibt und die Frau seit zweieinhalb Wochen zur Reha ist, haben der kleine Junge und ich auch einen kleinen Ausflug gemacht. Zu eben jenem Campingplatz oben auf dem Harz am Pixhaier Teich! Auch wenn es mir nicht so richtig gut geht, ich wollte auch raus und ein bisschen entspannen. Die zweieinhalb Stunden Fahrt sind daf\u00fcr in Ordnung.<\/p>\n<p>Am Pixhaier Teich habe ich dann sehr konsterniert die Folgen vom Baumsterben im Harz zur Kenntnis genommen :-o<\/p>\n<figure id=\"attachment_164330\" aria-describedby=\"caption-attachment-164330\" style=\"width: 470px\" class=\"wp-caption aligncenter\"><a href=\"https:\/\/www.andreas-edler.de\/blog\/wp-content\/uploads\/2018\/10\/2018-10-20-15.59.33.jpg\"><img loading=\"lazy\" decoding=\"async\" class=\"size-large wp-image-164330\" src=\"https:\/\/www.andreas-edler.de\/blog\/wp-content\/uploads\/2018\/10\/2018-10-20-15.59.33-470x234.jpg\" alt=\"Ein Nadelwald mit hohen, dicken St\u00e4mmen. Der Waldboden ist eben und mit trockenen Nadeln bedeckt,\" width=\"470\" height=\"234\" srcset=\"https:\/\/www.andreas-edler.de\/blog\/wp-content\/uploads\/2018\/10\/2018-10-20-15.59.33-470x234.jpg 470w, https:\/\/www.andreas-edler.de\/blog\/wp-content\/uploads\/2018\/10\/2018-10-20-15.59.33-250x124.jpg 250w, https:\/\/www.andreas-edler.de\/blog\/wp-content\/uploads\/2018\/10\/2018-10-20-15.59.33-768x382.jpg 768w, https:\/\/www.andreas-edler.de\/blog\/wp-content\/uploads\/2018\/10\/2018-10-20-15.59.33-100x50.jpg 100w, https:\/\/www.andreas-edler.de\/blog\/wp-content\/uploads\/2018\/10\/2018-10-20-15.59.33-150x75.jpg 150w, https:\/\/www.andreas-edler.de\/blog\/wp-content\/uploads\/2018\/10\/2018-10-20-15.59.33-200x99.jpg 200w, https:\/\/www.andreas-edler.de\/blog\/wp-content\/uploads\/2018\/10\/2018-10-20-15.59.33-300x149.jpg 300w, https:\/\/www.andreas-edler.de\/blog\/wp-content\/uploads\/2018\/10\/2018-10-20-15.59.33-450x224.jpg 450w, https:\/\/www.andreas-edler.de\/blog\/wp-content\/uploads\/2018\/10\/2018-10-20-15.59.33-600x298.jpg 600w, https:\/\/www.andreas-edler.de\/blog\/wp-content\/uploads\/2018\/10\/2018-10-20-15.59.33-900x447.jpg 900w, https:\/\/www.andreas-edler.de\/blog\/wp-content\/uploads\/2018\/10\/2018-10-20-15.59.33.jpg 1280w\" sizes=\"auto, (max-width: 470px) 100vw, 470px\" \/><\/a><figcaption id=\"caption-attachment-164330\" class=\"wp-caption-text\">Spaziergang im Wald am Pixhaier Teich in 2018<\/figcaption><\/figure>\n<p>So sah der Spaziergang um den Pixhaier Teich in 2018 aus, als wir zu viert dort campiert haben.<\/p>\n<figure id=\"attachment_173657\" aria-describedby=\"caption-attachment-173657\" style=\"width: 470px\" class=\"wp-caption aligncenter\"><a href=\"https:\/\/www.andreas-edler.de\/blog\/wp-content\/uploads\/2025\/06\/2025-06-19-14.55.52.jpg\"><img loading=\"lazy\" decoding=\"async\" class=\"size-large wp-image-173657\" src=\"https:\/\/www.andreas-edler.de\/blog\/wp-content\/uploads\/2025\/06\/2025-06-19-14.55.52-470x271.jpg\" alt=\"Ein Ex-Nadelwald. Es sind nur noch Grasbewuchs und einige B\u00fcsche zu sehen. Vereinzelt stehen einzelne, kleine Nadelb\u00e4ume. Im Vordergrund ist der Stumpf eines vertrockneten Nadelbaums zu sehen.\" width=\"470\" height=\"271\" srcset=\"https:\/\/www.andreas-edler.de\/blog\/wp-content\/uploads\/2025\/06\/2025-06-19-14.55.52-470x271.jpg 470w, https:\/\/www.andreas-edler.de\/blog\/wp-content\/uploads\/2025\/06\/2025-06-19-14.55.52-250x144.jpg 250w, https:\/\/www.andreas-edler.de\/blog\/wp-content\/uploads\/2025\/06\/2025-06-19-14.55.52-768x443.jpg 768w, https:\/\/www.andreas-edler.de\/blog\/wp-content\/uploads\/2025\/06\/2025-06-19-14.55.52-100x58.jpg 100w, https:\/\/www.andreas-edler.de\/blog\/wp-content\/uploads\/2025\/06\/2025-06-19-14.55.52-150x86.jpg 150w, https:\/\/www.andreas-edler.de\/blog\/wp-content\/uploads\/2025\/06\/2025-06-19-14.55.52-200x115.jpg 200w, https:\/\/www.andreas-edler.de\/blog\/wp-content\/uploads\/2025\/06\/2025-06-19-14.55.52-300x173.jpg 300w, https:\/\/www.andreas-edler.de\/blog\/wp-content\/uploads\/2025\/06\/2025-06-19-14.55.52-450x259.jpg 450w, https:\/\/www.andreas-edler.de\/blog\/wp-content\/uploads\/2025\/06\/2025-06-19-14.55.52-600x346.jpg 600w, https:\/\/www.andreas-edler.de\/blog\/wp-content\/uploads\/2025\/06\/2025-06-19-14.55.52-900x519.jpg 900w, https:\/\/www.andreas-edler.de\/blog\/wp-content\/uploads\/2025\/06\/2025-06-19-14.55.52.jpg 1280w\" sizes=\"auto, (max-width: 470px) 100vw, 470px\" \/><\/a><figcaption id=\"caption-attachment-173657\" class=\"wp-caption-text\">Da war mal ein Wald.<\/figcaption><\/figure>\n<p>An der gleichen Stelle sieht der Wald in 2025 nun v\u00f6llig anders aus. Drei hohe St\u00e4mme ragten an einer Stelle noch einsam in den Himmel, ansonsten nur noch niedrige B\u00fcsche und \u00fcberall die St\u00fcmpfe der B\u00e4ume.<\/p>\n<p>Der Ausflug war aber trotzdem super und besonders Ben fand es klasse! Vor allen Dingen das Baden im Teich! Ein bisschen ausf\u00fchrlicher habe ich das &#8211; wie immer &#8211; in den Urlaubsseiten beschrieben.<\/p>\n<h3 style=\"text-align: center;\"><a href=\"https:\/\/www.andreas-edler.de\/blog\/urlaub\/clausthal-zellerfeld-2025-campingplatz-prahljust\/\">Campingplatz Prahljust &#8211; Clausthal-Zellerfeld<\/a><\/h3>\n","protected":false},"excerpt":{"rendered":"<p>In 2018 haben wir den f\u00fcnften Geburtstag von Nachwuchs 2.0 im Harz auf dem Campingplatz Prahljust in Clausthal-Zellerfeld gefeiert. Und da der gro\u00dfe Junge immer \u00f6fter auch mal \u00fcber&#8217;s Wochenende in seiner Studentenbude bleibt und die Frau seit zweieinhalb Wochen &hellip;<\/p>\n<p class=\"read-more\"> <a class=\"more-link\" href=\"https:\/\/www.andreas-edler.de\/blog\/2025\/06\/kleiner-ausflug-in-den-harz\/\"> <span class=\"screen-reader-text\">Kleiner Ausflug in den Harz<\/span> Weiterlesen &raquo;<\/a><\/p>\n","protected":false},"author":1,"featured_media":0,"comment_status":"open","ping_status":"open","sticky":false,"template":"","format":"standard","meta":{"ngg_post_thumbnail":0,"activitypub_content_warning":"","activitypub_content_visibility":"","activitypub_max_image_attachments":2,"activitypub_interaction_policy_quote":"anyone","activitypub_status":"federated","footnotes":""},"categories":[1],"tags":[17,254,385,150,182,186,5,102],"class_list":["post-173673","post","type-post","status-publish","format-standard","hentry","category-allgemein","tag-auf-der-piste","tag-camping","tag-dachzelt","tag-nachwuchs","tag-nachwuchs-1-0","tag-nachwuchs-2-0","tag-unterwegs","tag-urlaub"],"share_on_mastodon":{"url":"https:\/\/social.tchncs.de\/@filmfacts\/114727449416956933","error":""},"_links":{"self":[{"href":"https:\/\/www.andreas-edler.de\/blog\/wp-json\/wp\/v2\/posts\/173673","targetHints":{"allow":["GET"]}}],"collection":[{"href":"https:\/\/www.andreas-edler.de\/blog\/wp-json\/wp\/v2\/posts"}],"about":[{"href":"https:\/\/www.andreas-edler.de\/blog\/wp-json\/wp\/v2\/types\/post"}],"author":[{"embeddable":true,"href":"https:\/\/www.andreas-edler.de\/blog\/wp-json\/wp\/v2\/users\/1"}],"replies":[{"embeddable":true,"href":"https:\/\/www.andreas-edler.de\/blog\/wp-json\/wp\/v2\/comments?post=173673"}],"version-history":[{"count":0,"href":"https:\/\/www.andreas-edler.de\/blog\/wp-json\/wp\/v2\/posts\/173673\/revisions"}],"wp:attachment":[{"href":"https:\/\/www.andreas-edler.de\/blog\/wp-json\/wp\/v2\/media?parent=173673"}],"wp:term":[{"taxonomy":"category","embeddable":true,"href":"https:\/\/www.andreas-edler.de\/blog\/wp-json\/wp\/v2\/categories?post=173673"},{"taxonomy":"post_tag","embeddable":true,"href":"https:\/\/www.andreas-edler.de\/blog\/wp-json\/wp\/v2\/tags?post=173673"}],"curies":[{"name":"wp","href":"https:\/\/api.w.org\/{rel}","templated":true}]}}