{"id":17357,"date":"2013-01-01T03:17:28","date_gmt":"2013-01-01T02:17:28","guid":{"rendered":"http:\/\/www.andreas-edler.de\/blog\/?p=17357"},"modified":"2013-11-02T14:35:10","modified_gmt":"2013-11-02T13:35:10","slug":"frueher-war-mehr-feuerwerk","status":"publish","type":"post","link":"https:\/\/www.andreas-edler.de\/blog\/2013\/01\/frueher-war-mehr-feuerwerk\/","title":{"rendered":"Fr\u00fcher war mehr Feuerwerk"},"content":{"rendered":"<p>Wir haben wie in den Jahren zuvor mit Freunden ganz geruhsam Silvester gefeiert. Bisschen essen (wobei ich eigentlich eher gleich platze) bisschen getrunken (und das stimmt sogar so) und nur ein bisschen geb\u00f6llert &#8211; wegen dem Nachwuchs. <\/p>\n<p style=\"text-align:center;font-size: smaller;\"><img decoding=\"async\" src=\"http:\/\/www.andreas-edler.de\/grafik\/blog_2012\/20121231_feuerwerk.jpg\" width=\"470\" border=\"0\" alt=\"\" title=\"\"><\/p>\n<p>Auch um uns herum sah es eher verhaltener aus. Das mag aber auch daran gelegen haben, dass viele schon vormittags angefangen sind, ihr Pulver zu verschie\u00dfen. Wir haben damit jedenfalls bis kurz nach Mitternacht gewartet uns gefreut und danach noch ein bisschen erz\u00e4hlt. Hoffentlich wird 2013 so entspannt, wie der vergangene Abend. \u00c4tzender als 2011 und 2012 kann es eigentlich nicht werden.<\/p>\n<p>Ein zufriedenes und ruhiges Jahr allen da drau\u00dfen!<\/p>\n","protected":false},"excerpt":{"rendered":"<p>Wir haben wie in den Jahren zuvor mit Freunden ganz geruhsam Silvester gefeiert. Bisschen essen (wobei ich eigentlich eher gleich platze) bisschen getrunken (und das stimmt sogar so) und nur ein bisschen geb\u00f6llert &#8211; wegen dem Nachwuchs. Auch um uns &hellip;<\/p>\n<p class=\"read-more\"> <a class=\"more-link\" href=\"https:\/\/www.andreas-edler.de\/blog\/2013\/01\/frueher-war-mehr-feuerwerk\/\"> <span class=\"screen-reader-text\">Fr\u00fcher war mehr Feuerwerk<\/span> Weiterlesen &raquo;<\/a><\/p>\n","protected":false},"author":1,"featured_media":0,"comment_status":"open","ping_status":"open","sticky":false,"template":"","format":"standard","meta":{"ngg_post_thumbnail":0,"activitypub_content_warning":"","activitypub_content_visibility":"","activitypub_max_image_attachments":2,"activitypub_interaction_policy_quote":"anyone","activitypub_status":"","footnotes":""},"categories":[1],"tags":[21],"class_list":["post-17357","post","type-post","status-publish","format-standard","hentry","category-allgemein","tag-feier"],"share_on_mastodon":{"url":"","error":""},"_links":{"self":[{"href":"https:\/\/www.andreas-edler.de\/blog\/wp-json\/wp\/v2\/posts\/17357","targetHints":{"allow":["GET"]}}],"collection":[{"href":"https:\/\/www.andreas-edler.de\/blog\/wp-json\/wp\/v2\/posts"}],"about":[{"href":"https:\/\/www.andreas-edler.de\/blog\/wp-json\/wp\/v2\/types\/post"}],"author":[{"embeddable":true,"href":"https:\/\/www.andreas-edler.de\/blog\/wp-json\/wp\/v2\/users\/1"}],"replies":[{"embeddable":true,"href":"https:\/\/www.andreas-edler.de\/blog\/wp-json\/wp\/v2\/comments?post=17357"}],"version-history":[{"count":0,"href":"https:\/\/www.andreas-edler.de\/blog\/wp-json\/wp\/v2\/posts\/17357\/revisions"}],"wp:attachment":[{"href":"https:\/\/www.andreas-edler.de\/blog\/wp-json\/wp\/v2\/media?parent=17357"}],"wp:term":[{"taxonomy":"category","embeddable":true,"href":"https:\/\/www.andreas-edler.de\/blog\/wp-json\/wp\/v2\/categories?post=17357"},{"taxonomy":"post_tag","embeddable":true,"href":"https:\/\/www.andreas-edler.de\/blog\/wp-json\/wp\/v2\/tags?post=17357"}],"curies":[{"name":"wp","href":"https:\/\/api.w.org\/{rel}","templated":true}]}}