{"id":173568,"date":"2025-05-25T15:26:13","date_gmt":"2025-05-25T13:26:13","guid":{"rendered":"https:\/\/www.andreas-edler.de\/blog\/?p=173568"},"modified":"2025-05-25T15:26:13","modified_gmt":"2025-05-25T13:26:13","slug":"schilder-halten-menschen-in-autos-nicht-auf","status":"publish","type":"post","link":"https:\/\/www.andreas-edler.de\/blog\/2025\/05\/schilder-halten-menschen-in-autos-nicht-auf\/","title":{"rendered":"Schilder halten Menschen in Autos nicht auf"},"content":{"rendered":"<p>Als ich gestern versuchte, <a href=\"https:\/\/www.strava.com\/activities\/14579427691\" target=\"_blank\">mit frischer Luft etwas gegen meine Kopfschmerzen zu machen<\/a>, sa\u00df ich am Jordansprudel und habe ein wenig in die Luft geschaut.<\/p>\n<figure id=\"attachment_173569\" aria-describedby=\"caption-attachment-173569\" style=\"width: 470px\" class=\"wp-caption aligncenter\"><a href=\"https:\/\/www.andreas-edler.de\/blog\/wp-content\/uploads\/2025\/05\/2025-05-24-13.15.13.jpg\"><img loading=\"lazy\" decoding=\"async\" src=\"https:\/\/www.andreas-edler.de\/blog\/wp-content\/uploads\/2025\/05\/2025-05-24-13.15.13-470x245.jpg\" alt=\"Eine gepflasterte Fl\u00e4che in einem Park. Zwischen B\u00e4umen sieht man einen PKW fahren. Dabei sind im Kurpark von Bad Oeynhausen reichlich Schilder, dass man dort nicht fahren darf.\" width=\"470\" height=\"245\" class=\"size-large wp-image-173569\" srcset=\"https:\/\/www.andreas-edler.de\/blog\/wp-content\/uploads\/2025\/05\/2025-05-24-13.15.13-470x245.jpg 470w, https:\/\/www.andreas-edler.de\/blog\/wp-content\/uploads\/2025\/05\/2025-05-24-13.15.13-250x130.jpg 250w, https:\/\/www.andreas-edler.de\/blog\/wp-content\/uploads\/2025\/05\/2025-05-24-13.15.13-768x400.jpg 768w, https:\/\/www.andreas-edler.de\/blog\/wp-content\/uploads\/2025\/05\/2025-05-24-13.15.13-100x52.jpg 100w, https:\/\/www.andreas-edler.de\/blog\/wp-content\/uploads\/2025\/05\/2025-05-24-13.15.13-150x78.jpg 150w, https:\/\/www.andreas-edler.de\/blog\/wp-content\/uploads\/2025\/05\/2025-05-24-13.15.13-200x104.jpg 200w, https:\/\/www.andreas-edler.de\/blog\/wp-content\/uploads\/2025\/05\/2025-05-24-13.15.13-300x156.jpg 300w, https:\/\/www.andreas-edler.de\/blog\/wp-content\/uploads\/2025\/05\/2025-05-24-13.15.13-450x234.jpg 450w, https:\/\/www.andreas-edler.de\/blog\/wp-content\/uploads\/2025\/05\/2025-05-24-13.15.13-600x313.jpg 600w, https:\/\/www.andreas-edler.de\/blog\/wp-content\/uploads\/2025\/05\/2025-05-24-13.15.13-900x469.jpg 900w, https:\/\/www.andreas-edler.de\/blog\/wp-content\/uploads\/2025\/05\/2025-05-24-13.15.13.jpg 1280w\" sizes=\"auto, (max-width: 470px) 100vw, 470px\" \/><\/a><figcaption id=\"caption-attachment-173569\" class=\"wp-caption-text\">\u00c4h, was macht der da?<\/figcaption><\/figure>\n<p>W\u00e4hrenddessen fuhr ein junger Mann in aller Seelenruhe seinen gro\u00dfen Audi rund um den Jordansprudel. Um dorthin zu gelangen ist er an mindestens zwei Schildern vorbei gefahren, welche im eine Weiterfahrt untersagten. Ich bin mir auch recht sicher, dass die Parkanlagen nicht den allgemeinen Eindruck erwecken, eine Durchfahrtstra\u00dfe zu sein.<\/p>\n<figure id=\"attachment_173570\" aria-describedby=\"caption-attachment-173570\" style=\"width: 470px\" class=\"wp-caption aligncenter\"><a href=\"https:\/\/www.andreas-edler.de\/blog\/wp-content\/uploads\/2025\/05\/2025-05-24-13.15.38.jpg\"><img loading=\"lazy\" decoding=\"async\" src=\"https:\/\/www.andreas-edler.de\/blog\/wp-content\/uploads\/2025\/05\/2025-05-24-13.15.38-470x272.jpg\" alt=\"Die Heckansicht eines PKW, welcher um den Jordansprudel im Kurpark von Bad Oeynhausen f\u00e4hrt.\" width=\"470\" height=\"272\" class=\"size-large wp-image-173570\" srcset=\"https:\/\/www.andreas-edler.de\/blog\/wp-content\/uploads\/2025\/05\/2025-05-24-13.15.38-470x272.jpg 470w, https:\/\/www.andreas-edler.de\/blog\/wp-content\/uploads\/2025\/05\/2025-05-24-13.15.38-250x145.jpg 250w, https:\/\/www.andreas-edler.de\/blog\/wp-content\/uploads\/2025\/05\/2025-05-24-13.15.38-768x444.jpg 768w, https:\/\/www.andreas-edler.de\/blog\/wp-content\/uploads\/2025\/05\/2025-05-24-13.15.38-100x58.jpg 100w, https:\/\/www.andreas-edler.de\/blog\/wp-content\/uploads\/2025\/05\/2025-05-24-13.15.38-150x87.jpg 150w, https:\/\/www.andreas-edler.de\/blog\/wp-content\/uploads\/2025\/05\/2025-05-24-13.15.38-200x116.jpg 200w, https:\/\/www.andreas-edler.de\/blog\/wp-content\/uploads\/2025\/05\/2025-05-24-13.15.38-300x173.jpg 300w, https:\/\/www.andreas-edler.de\/blog\/wp-content\/uploads\/2025\/05\/2025-05-24-13.15.38-450x260.jpg 450w, https:\/\/www.andreas-edler.de\/blog\/wp-content\/uploads\/2025\/05\/2025-05-24-13.15.38-600x347.jpg 600w, https:\/\/www.andreas-edler.de\/blog\/wp-content\/uploads\/2025\/05\/2025-05-24-13.15.38-900x520.jpg 900w, https:\/\/www.andreas-edler.de\/blog\/wp-content\/uploads\/2025\/05\/2025-05-24-13.15.38.jpg 1280w\" sizes=\"auto, (max-width: 470px) 100vw, 470px\" \/><\/a><figcaption id=\"caption-attachment-173570\" class=\"wp-caption-text\">Komisch, es ging da gar nicht weiter.<\/figcaption><\/figure>\n<p>Vor der Schranke zum Vienna House musste er aber notgedrungen wenden, weil die einfach nicht \u00f6ffnete. Frechheit. Mein Kopfsch\u00fctteln und der entgeisterte Gesichtsausdruck st\u00f6rten ihn jedenfalls nicht. V\u00f6llig selbstverst\u00e4ndlich fuhr er wieder zur\u00fcck. Kein Navi dieser Welt f\u00fchrt jemanden mit dem Auto an diese Stelle!<\/p>\n<p>Der Grund, warum er \u00fcberhaupt so weit gekommen ist, sind die nicht wieder an Ort und Stelle verbrachten Poller im Weg. Gerne werden die von Stadtwerken und anderen raus genommen und dann vergessen, sie wieder rein zu machen. Und dann haben wir Autobahn am Jordansprudel.<\/p>\n<p>Aber gut dass die Altstadtunion sich um das wilde Zelten im Kurpark k\u00fcmmern will!<\/p>\n","protected":false},"excerpt":{"rendered":"<p>Als ich gestern versuchte, mit frischer Luft etwas gegen meine Kopfschmerzen zu machen, sa\u00df ich am Jordansprudel und habe ein wenig in die Luft geschaut. W\u00e4hrenddessen fuhr ein junger Mann in aller Seelenruhe seinen gro\u00dfen Audi rund um den Jordansprudel. &hellip;<\/p>\n<p class=\"read-more\"> <a class=\"more-link\" href=\"https:\/\/www.andreas-edler.de\/blog\/2025\/05\/schilder-halten-menschen-in-autos-nicht-auf\/\"> <span class=\"screen-reader-text\">Schilder halten Menschen in Autos nicht auf<\/span> Weiterlesen &raquo;<\/a><\/p>\n","protected":false},"author":1,"featured_media":0,"comment_status":"open","ping_status":"open","sticky":false,"template":"","format":"standard","meta":{"ngg_post_thumbnail":0,"activitypub_content_warning":"","activitypub_content_visibility":"","activitypub_max_image_attachments":2,"activitypub_interaction_policy_quote":"anyone","activitypub_status":"federated","footnotes":""},"categories":[14,45],"tags":[37,656,121,436,515,79],"class_list":["post-173568","post","type-post","status-publish","format-standard","hentry","category-bad-oeynhausen","category-politik","tag-auto","tag-jordansprudel","tag-kurpark","tag-parkdruck","tag-poller","tag-stadtwerke"],"share_on_mastodon":{"url":"https:\/\/social.tchncs.de\/@filmfacts\/114568696656900568","error":""},"_links":{"self":[{"href":"https:\/\/www.andreas-edler.de\/blog\/wp-json\/wp\/v2\/posts\/173568","targetHints":{"allow":["GET"]}}],"collection":[{"href":"https:\/\/www.andreas-edler.de\/blog\/wp-json\/wp\/v2\/posts"}],"about":[{"href":"https:\/\/www.andreas-edler.de\/blog\/wp-json\/wp\/v2\/types\/post"}],"author":[{"embeddable":true,"href":"https:\/\/www.andreas-edler.de\/blog\/wp-json\/wp\/v2\/users\/1"}],"replies":[{"embeddable":true,"href":"https:\/\/www.andreas-edler.de\/blog\/wp-json\/wp\/v2\/comments?post=173568"}],"version-history":[{"count":0,"href":"https:\/\/www.andreas-edler.de\/blog\/wp-json\/wp\/v2\/posts\/173568\/revisions"}],"wp:attachment":[{"href":"https:\/\/www.andreas-edler.de\/blog\/wp-json\/wp\/v2\/media?parent=173568"}],"wp:term":[{"taxonomy":"category","embeddable":true,"href":"https:\/\/www.andreas-edler.de\/blog\/wp-json\/wp\/v2\/categories?post=173568"},{"taxonomy":"post_tag","embeddable":true,"href":"https:\/\/www.andreas-edler.de\/blog\/wp-json\/wp\/v2\/tags?post=173568"}],"curies":[{"name":"wp","href":"https:\/\/api.w.org\/{rel}","templated":true}]}}