{"id":173530,"date":"2025-05-17T14:53:25","date_gmt":"2025-05-17T12:53:25","guid":{"rendered":"https:\/\/www.andreas-edler.de\/blog\/?p=173530"},"modified":"2025-05-17T14:53:25","modified_gmt":"2025-05-17T12:53:25","slug":"energieverbrauch-ausgewaehlter-geraete","status":"publish","type":"post","link":"https:\/\/www.andreas-edler.de\/blog\/2025\/05\/energieverbrauch-ausgewaehlter-geraete\/","title":{"rendered":"Energieverbrauch ausgew\u00e4hlter Ger\u00e4te"},"content":{"rendered":"<p>Wenn man Werbung sieht oder Energieberatern zuh\u00f6rt, dann sind Geschirrsp\u00fcler, K\u00fchlschr\u00e4nke und Waschmaschinen die Ger\u00e4te, bei denen man besonders auf den Energieverbrauch achten sollte. Wir haben, seit wir vor 27 Jahren zusammen gezogen sind, jeweils den zweiten Elektroherd, K\u00fchlschrank und Geschirrsp\u00fcler. Bei der Waschmaschine werkelt bereits das dritte Exemplar. Seit ein paar Monaten aggregiere ich die <a href=\"https:\/\/www.andreas-edler.de\/blog\/tag\/smart-home\/\" target=\"_blank\">Smarthome<\/a>-Klamotten des Hauses in <a href=\"https:\/\/www.andreas-edler.de\/blog\/2025\/01\/home-assistant\/\" target=\"_blank\">Home Assistant<\/a>. Damit kann ich auch die Energieverbr\u00e4uche einzelner Ger\u00e4te bzw. je nach Messtool auch alles was an einer Verteilerdose h\u00e4ngt erfassen. Und weil ich ein Spielkind bin, mache ich das nat\u00fcrlich ;-)<\/p>\n<figure id=\"attachment_173531\" aria-describedby=\"caption-attachment-173531\" style=\"width: 470px\" class=\"wp-caption aligncenter\"><a href=\"https:\/\/www.andreas-edler.de\/blog\/wp-content\/uploads\/2025\/05\/2025-05-17_energieverbrauch_052025.png\"><img loading=\"lazy\" decoding=\"async\" src=\"https:\/\/www.andreas-edler.de\/blog\/wp-content\/uploads\/2025\/05\/2025-05-17_energieverbrauch_052025-470x275.png\" alt=\"Ein Balkendiagramm mit den kumulierten Energieverbr\u00e4uchen f\u00fcr den Monat 05.2025. Am meisten verbrauchte die Technik im Zimmer von Tim, gefolgt von der Technik im B\u00fcro und der Unterhaltungselektronik im Wohnzimmer.\" width=\"470\" height=\"275\" class=\"size-large wp-image-173531\" srcset=\"https:\/\/www.andreas-edler.de\/blog\/wp-content\/uploads\/2025\/05\/2025-05-17_energieverbrauch_052025-470x275.png 470w, https:\/\/www.andreas-edler.de\/blog\/wp-content\/uploads\/2025\/05\/2025-05-17_energieverbrauch_052025-250x146.png 250w, https:\/\/www.andreas-edler.de\/blog\/wp-content\/uploads\/2025\/05\/2025-05-17_energieverbrauch_052025-768x449.png 768w, https:\/\/www.andreas-edler.de\/blog\/wp-content\/uploads\/2025\/05\/2025-05-17_energieverbrauch_052025-100x58.png 100w, https:\/\/www.andreas-edler.de\/blog\/wp-content\/uploads\/2025\/05\/2025-05-17_energieverbrauch_052025-150x88.png 150w, https:\/\/www.andreas-edler.de\/blog\/wp-content\/uploads\/2025\/05\/2025-05-17_energieverbrauch_052025-200x117.png 200w, https:\/\/www.andreas-edler.de\/blog\/wp-content\/uploads\/2025\/05\/2025-05-17_energieverbrauch_052025-300x175.png 300w, https:\/\/www.andreas-edler.de\/blog\/wp-content\/uploads\/2025\/05\/2025-05-17_energieverbrauch_052025-450x263.png 450w, https:\/\/www.andreas-edler.de\/blog\/wp-content\/uploads\/2025\/05\/2025-05-17_energieverbrauch_052025-600x351.png 600w, https:\/\/www.andreas-edler.de\/blog\/wp-content\/uploads\/2025\/05\/2025-05-17_energieverbrauch_052025-900x526.png 900w, https:\/\/www.andreas-edler.de\/blog\/wp-content\/uploads\/2025\/05\/2025-05-17_energieverbrauch_052025.png 1522w\" sizes=\"auto, (max-width: 470px) 100vw, 470px\" \/><\/a><figcaption id=\"caption-attachment-173531\" class=\"wp-caption-text\">Man sollte eher im Kinderzimmer anfangen, Strom zu sparen ;-)<br \/>Verbr\u00e4uche vom 01.05. bis zum 17.05.2025<\/figcaption><\/figure>\n<p>Und seitdem wei\u00df ich, dass die Haushaltsger\u00e4te m\u00f6glicherweise in Einpersonenhaushalten von Senioren die Energieverbrauchstreiber sind, aber nicht dort, wo Familien mit Teenager leben (<a href=\"https:\/\/www.andreas-edler.de\/blog\/2024\/08\/qnap-ts-264-8g-als-fileserver\/\" target=\"_blank\">Naja, war mir voher schon klar!<\/a>). Wenn der Nachwuchs spielt, dann muss im Winter die Heizung nicht mehr an sein und ab Fr\u00fchling zus\u00e4tzlich das Fenster offen. Da wird der meiste Strom von der Grafikkarte verheizt. Und das ist nur eine kleine 3060ti. Auch der Rechner im B\u00fcro verbraucht ordentlich, wenn er denn an ist. Die Wohnzimmeranlage mit 5.1 Verst\u00e4rker, dem gro\u00dfen Fernseher und sonstigem Brimborium zieht augenscheinlich auch genug. Einen gro\u00dfen Brocken steuert aber auch die olle <a href=\"https:\/\/www.andreas-edler.de\/blog\/2025\/04\/konvektorheizung-im-kellerbuero\/\" target=\"_blank\">Konvektorheizung<\/a> bei, aber ohne ist es mir im Homeoffice zu kalt da unten.<\/p>\n<p>Jedenfalls sind Waschmaschine und Geschirrsp\u00fcler vor dem Hintergrund eher zu vernachl\u00e4ssigen ;-)<\/p>\n","protected":false},"excerpt":{"rendered":"<p>Wenn man Werbung sieht oder Energieberatern zuh\u00f6rt, dann sind Geschirrsp\u00fcler, K\u00fchlschr\u00e4nke und Waschmaschinen die Ger\u00e4te, bei denen man besonders auf den Energieverbrauch achten sollte. Wir haben, seit wir vor 27 Jahren zusammen gezogen sind, jeweils den zweiten Elektroherd, K\u00fchlschrank und &hellip;<\/p>\n<p class=\"read-more\"> <a class=\"more-link\" href=\"https:\/\/www.andreas-edler.de\/blog\/2025\/05\/energieverbrauch-ausgewaehlter-geraete\/\"> <span class=\"screen-reader-text\">Energieverbrauch ausgew\u00e4hlter Ger\u00e4te<\/span> Weiterlesen &raquo;<\/a><\/p>\n","protected":false},"author":1,"featured_media":0,"comment_status":"open","ping_status":"open","sticky":false,"template":"","format":"standard","meta":{"ngg_post_thumbnail":0,"activitypub_content_warning":"","activitypub_content_visibility":"","activitypub_max_image_attachments":2,"activitypub_interaction_policy_quote":"anyone","activitypub_status":"federated","footnotes":""},"categories":[1],"tags":[362,118,114,208,650,490],"class_list":["post-173530","post","type-post","status-publish","format-standard","hentry","category-allgemein","tag-doergen","tag-energie","tag-energie-sparen","tag-haushalt","tag-smarthome","tag-solarenergie"],"share_on_mastodon":{"url":"https:\/\/social.tchncs.de\/@filmfacts\/114523269097976563","error":""},"_links":{"self":[{"href":"https:\/\/www.andreas-edler.de\/blog\/wp-json\/wp\/v2\/posts\/173530","targetHints":{"allow":["GET"]}}],"collection":[{"href":"https:\/\/www.andreas-edler.de\/blog\/wp-json\/wp\/v2\/posts"}],"about":[{"href":"https:\/\/www.andreas-edler.de\/blog\/wp-json\/wp\/v2\/types\/post"}],"author":[{"embeddable":true,"href":"https:\/\/www.andreas-edler.de\/blog\/wp-json\/wp\/v2\/users\/1"}],"replies":[{"embeddable":true,"href":"https:\/\/www.andreas-edler.de\/blog\/wp-json\/wp\/v2\/comments?post=173530"}],"version-history":[{"count":0,"href":"https:\/\/www.andreas-edler.de\/blog\/wp-json\/wp\/v2\/posts\/173530\/revisions"}],"wp:attachment":[{"href":"https:\/\/www.andreas-edler.de\/blog\/wp-json\/wp\/v2\/media?parent=173530"}],"wp:term":[{"taxonomy":"category","embeddable":true,"href":"https:\/\/www.andreas-edler.de\/blog\/wp-json\/wp\/v2\/categories?post=173530"},{"taxonomy":"post_tag","embeddable":true,"href":"https:\/\/www.andreas-edler.de\/blog\/wp-json\/wp\/v2\/tags?post=173530"}],"curies":[{"name":"wp","href":"https:\/\/api.w.org\/{rel}","templated":true}]}}