{"id":173498,"date":"2025-05-11T12:18:58","date_gmt":"2025-05-11T10:18:58","guid":{"rendered":"https:\/\/www.andreas-edler.de\/blog\/?p=173498"},"modified":"2025-05-11T12:18:58","modified_gmt":"2025-05-11T10:18:58","slug":"fahrradstrassen-in-bad-oeynhausen","status":"publish","type":"post","link":"https:\/\/www.andreas-edler.de\/blog\/2025\/05\/fahrradstrassen-in-bad-oeynhausen\/","title":{"rendered":"Fahrradstra\u00dfen in Bad Oeynhausen"},"content":{"rendered":"<p>Oh, Bad Oeynhausen hat eine &#8222;echte&#8220; Fahrradstra\u00dfe! Nur Zeichen 244.1 ohne weitere Zus\u00e4tze. Dass dies Makulatur ist, muss ich nicht erw\u00e4hnen, oder? Die KFZ am Stra\u00dfenrand zeigen, wo der <a rel=\"tag\" class=\"hashtag u-tag u-category\" href=\"https:\/\/www.andreas-edler.de\/blog\/tag\/miv\/\">#MIV<\/a> wirklich lang l\u00e4uft. Nat\u00fcrlich darf man die Stra\u00dfe grunds\u00e4tzliche immer mit KFZ befahren. Lediglich an dieser einen Stelle, vom Else-Werre-Radweg kommend, hat man die Schilder ohne den entsprechenden Zusatz aufgestellt. Nat\u00fcrlich w\u00fcrde man in Bad Oeynhausen niemals auf die Idee kommen, den motorisierten Verkehr in irgendeiner Weise einzuschr\u00e4nken. Wo kommen wir denn da hin?<\/p>\n","protected":false},"excerpt":{"rendered":"<p>Oh, Bad Oeynhausen hat eine &#8222;echte&#8220; Fahrradstra\u00dfe! Nur Zeichen 244.1 ohne weitere Zus\u00e4tze. Dass dies Makulatur ist, muss ich nicht erw\u00e4hnen, oder? Die KFZ am Stra\u00dfenrand zeigen, wo der #MIV wirklich lang l\u00e4uft. Nat\u00fcrlich darf man die Stra\u00dfe grunds\u00e4tzliche immer &hellip;<\/p>\n<p class=\"read-more\"> <a class=\"more-link\" href=\"https:\/\/www.andreas-edler.de\/blog\/2025\/05\/fahrradstrassen-in-bad-oeynhausen\/\"> <span class=\"screen-reader-text\">Fahrradstra\u00dfen in Bad Oeynhausen<\/span> Weiterlesen &raquo;<\/a><\/p>\n","protected":false},"author":1,"featured_media":173499,"comment_status":"open","ping_status":"open","sticky":false,"template":"","format":"standard","meta":{"ngg_post_thumbnail":0,"activitypub_content_warning":"","activitypub_content_visibility":"","activitypub_max_image_attachments":2,"activitypub_interaction_policy_quote":"anyone","activitypub_status":"federated","footnotes":""},"categories":[14,15,13],"tags":[477,547,306,110,271,168,412,511,158,480,207,260,72],"class_list":["post-173498","post","type-post","status-publish","format-standard","has-post-thumbnail","hentry","category-bad-oeynhausen","category-fahrrad","category-verkehr","tag-alltagsradverkehr","tag-am-kokturkanal","tag-else-werre-radweg","tag-fahrradfreundliche-stadt","tag-fahrradstrasse","tag-klimafreundliche-mobilitaet","tag-mdrza","tag-mdrzs","tag-mit-dem-rad-zur-arbeit","tag-miv","tag-radweg","tag-stvo","tag-verwaltung"],"share_on_mastodon":{"url":"https:\/\/social.tchncs.de\/@filmfacts\/114488687992326900","error":""},"_links":{"self":[{"href":"https:\/\/www.andreas-edler.de\/blog\/wp-json\/wp\/v2\/posts\/173498","targetHints":{"allow":["GET"]}}],"collection":[{"href":"https:\/\/www.andreas-edler.de\/blog\/wp-json\/wp\/v2\/posts"}],"about":[{"href":"https:\/\/www.andreas-edler.de\/blog\/wp-json\/wp\/v2\/types\/post"}],"author":[{"embeddable":true,"href":"https:\/\/www.andreas-edler.de\/blog\/wp-json\/wp\/v2\/users\/1"}],"replies":[{"embeddable":true,"href":"https:\/\/www.andreas-edler.de\/blog\/wp-json\/wp\/v2\/comments?post=173498"}],"version-history":[{"count":0,"href":"https:\/\/www.andreas-edler.de\/blog\/wp-json\/wp\/v2\/posts\/173498\/revisions"}],"wp:featuredmedia":[{"embeddable":true,"href":"https:\/\/www.andreas-edler.de\/blog\/wp-json\/wp\/v2\/media\/173499"}],"wp:attachment":[{"href":"https:\/\/www.andreas-edler.de\/blog\/wp-json\/wp\/v2\/media?parent=173498"}],"wp:term":[{"taxonomy":"category","embeddable":true,"href":"https:\/\/www.andreas-edler.de\/blog\/wp-json\/wp\/v2\/categories?post=173498"},{"taxonomy":"post_tag","embeddable":true,"href":"https:\/\/www.andreas-edler.de\/blog\/wp-json\/wp\/v2\/tags?post=173498"}],"curies":[{"name":"wp","href":"https:\/\/api.w.org\/{rel}","templated":true}]}}