{"id":173362,"date":"2025-04-04T23:46:09","date_gmt":"2025-04-04T21:46:09","guid":{"rendered":"https:\/\/www.andreas-edler.de\/blog\/?p=173362"},"modified":"2025-04-13T18:14:27","modified_gmt":"2025-04-13T16:14:27","slug":"mal-wieder-ein-hinweisschild-verkehrt-herum-auf-dem-radweg","status":"publish","type":"post","link":"https:\/\/www.andreas-edler.de\/blog\/2025\/04\/mal-wieder-ein-hinweisschild-verkehrt-herum-auf-dem-radweg\/","title":{"rendered":"Mal wieder ein Hinweisschild verkehrt herum auf dem Radweg"},"content":{"rendered":"<p><cite>Als ich gestern Morgen mit meinem Sohn [die Eidinghausener Stra\u00dfe entlang] zur Schule fuhr, war es an der Einm\u00fcndung des Schwarzen Weg auf dem Radweg gewohnt eng. Aber zumindest noch hindernisfrei. Als ich heute fr\u00fch ins B\u00fcro fuhr, stand an gleicher Stelle ein provisorisches Zeichen 240 auf dem Radweg, um die Benutzungspflicht entgegen der eigentlichen Fahrtrichtung anzuzeigen. Direkt hinter einem Knick, wenn man in der &#8222;korrekten&#8220; Richtung unterwegs ist. Grau vor grauem Himmel, in einer Kurve, mitten auf dem Radweg. Eine sehr, sehr schlechte Idee, die jemand zwischen gestern Morgen und heute fr\u00fch umgesetzt hat.<br \/>\n<br \/>\nIch bitte darum, das Schild dort vom Radweg zu entfernen und die Verkehrssicherheit wiederherzustellen.<\/cite><\/p>\n<figure id=\"attachment_173365\" aria-describedby=\"caption-attachment-173365\" style=\"width: 470px\" class=\"wp-caption aligncenter\"><a href=\"https:\/\/www.andreas-edler.de\/blog\/wp-content\/uploads\/2025\/04\/2025-04-03-eidinghausener_schwarzer_weg_kein_zeichen_240.jpg\"><img loading=\"lazy\" decoding=\"async\" src=\"https:\/\/www.andreas-edler.de\/blog\/wp-content\/uploads\/2025\/04\/2025-04-03-eidinghausener_schwarzer_weg_kein_zeichen_240-470x235.jpg\" alt=\"Auf einem Radweg f\u00e4hrt ein Sch\u00fcler neben zu Fu\u00df Gehenden auf dem Gehwegteil vorbei. Der Weg ist nicht besonders breit. Rechts ist eine Hecke, links ein Grasstreifen zur Fahrbahn hin.\" width=\"470\" height=\"235\" class=\"size-large wp-image-173365\" srcset=\"https:\/\/www.andreas-edler.de\/blog\/wp-content\/uploads\/2025\/04\/2025-04-03-eidinghausener_schwarzer_weg_kein_zeichen_240-470x235.jpg 470w, https:\/\/www.andreas-edler.de\/blog\/wp-content\/uploads\/2025\/04\/2025-04-03-eidinghausener_schwarzer_weg_kein_zeichen_240-250x125.jpg 250w, https:\/\/www.andreas-edler.de\/blog\/wp-content\/uploads\/2025\/04\/2025-04-03-eidinghausener_schwarzer_weg_kein_zeichen_240-768x383.jpg 768w, https:\/\/www.andreas-edler.de\/blog\/wp-content\/uploads\/2025\/04\/2025-04-03-eidinghausener_schwarzer_weg_kein_zeichen_240-100x50.jpg 100w, https:\/\/www.andreas-edler.de\/blog\/wp-content\/uploads\/2025\/04\/2025-04-03-eidinghausener_schwarzer_weg_kein_zeichen_240-150x75.jpg 150w, https:\/\/www.andreas-edler.de\/blog\/wp-content\/uploads\/2025\/04\/2025-04-03-eidinghausener_schwarzer_weg_kein_zeichen_240-200x100.jpg 200w, https:\/\/www.andreas-edler.de\/blog\/wp-content\/uploads\/2025\/04\/2025-04-03-eidinghausener_schwarzer_weg_kein_zeichen_240-300x150.jpg 300w, https:\/\/www.andreas-edler.de\/blog\/wp-content\/uploads\/2025\/04\/2025-04-03-eidinghausener_schwarzer_weg_kein_zeichen_240-450x225.jpg 450w, https:\/\/www.andreas-edler.de\/blog\/wp-content\/uploads\/2025\/04\/2025-04-03-eidinghausener_schwarzer_weg_kein_zeichen_240-600x300.jpg 600w, https:\/\/www.andreas-edler.de\/blog\/wp-content\/uploads\/2025\/04\/2025-04-03-eidinghausener_schwarzer_weg_kein_zeichen_240-900x449.jpg 900w, https:\/\/www.andreas-edler.de\/blog\/wp-content\/uploads\/2025\/04\/2025-04-03-eidinghausener_schwarzer_weg_kein_zeichen_240.jpg 1280w\" sizes=\"auto, (max-width: 470px) 100vw, 470px\" \/><\/a><figcaption id=\"caption-attachment-173365\" class=\"wp-caption-text\">Der benutzungspflichtige Geh- und Radweg entlang der Eidinghausener Stra\u00dfe ist nicht besonders breit.<\/figcaption><\/figure>\n<p>An diesem Morgen war es noch &#8222;frei&#8220;, am n\u00e4chsten Tag hatte jemand ein Schild mitten in den Weg gestellt. Diese Beschilderungen im Rahmen von Baustellen und Umleitungen werden aussagegem\u00e4\u00df von extra geschultem Fachpersonal vorgenommen.<\/p>\n<figure id=\"attachment_173367\" aria-describedby=\"caption-attachment-173367\" style=\"width: 470px\" class=\"wp-caption aligncenter\"><a href=\"https:\/\/www.andreas-edler.de\/blog\/wp-content\/uploads\/2025\/04\/2025-04-04-08.24.08.jpg\"><img loading=\"lazy\" decoding=\"async\" src=\"https:\/\/www.andreas-edler.de\/blog\/wp-content\/uploads\/2025\/04\/2025-04-04-08.24.08-470x271.jpg\" alt=\"Auf einem viel zu schmalen Radweg steht hinter einem Knick ein provisorisches Verkehrszeichen 240, um anzuzeigen, dass der viel zu schmale Radweg auch in Gegenrichtung benutzungspflichtig ist\" width=\"470\" height=\"271\" class=\"size-large wp-image-173367\" srcset=\"https:\/\/www.andreas-edler.de\/blog\/wp-content\/uploads\/2025\/04\/2025-04-04-08.24.08-470x271.jpg 470w, https:\/\/www.andreas-edler.de\/blog\/wp-content\/uploads\/2025\/04\/2025-04-04-08.24.08-250x144.jpg 250w, https:\/\/www.andreas-edler.de\/blog\/wp-content\/uploads\/2025\/04\/2025-04-04-08.24.08-768x442.jpg 768w, https:\/\/www.andreas-edler.de\/blog\/wp-content\/uploads\/2025\/04\/2025-04-04-08.24.08-100x58.jpg 100w, https:\/\/www.andreas-edler.de\/blog\/wp-content\/uploads\/2025\/04\/2025-04-04-08.24.08-150x86.jpg 150w, https:\/\/www.andreas-edler.de\/blog\/wp-content\/uploads\/2025\/04\/2025-04-04-08.24.08-200x115.jpg 200w, https:\/\/www.andreas-edler.de\/blog\/wp-content\/uploads\/2025\/04\/2025-04-04-08.24.08-300x173.jpg 300w, https:\/\/www.andreas-edler.de\/blog\/wp-content\/uploads\/2025\/04\/2025-04-04-08.24.08-450x259.jpg 450w, https:\/\/www.andreas-edler.de\/blog\/wp-content\/uploads\/2025\/04\/2025-04-04-08.24.08-600x345.jpg 600w, https:\/\/www.andreas-edler.de\/blog\/wp-content\/uploads\/2025\/04\/2025-04-04-08.24.08-900x518.jpg 900w, https:\/\/www.andreas-edler.de\/blog\/wp-content\/uploads\/2025\/04\/2025-04-04-08.24.08.jpg 1280w\" sizes=\"auto, (max-width: 470px) 100vw, 470px\" \/><\/a><figcaption id=\"caption-attachment-173367\" class=\"wp-caption-text\">Warum zur H\u00f6lle sollte ich hier in der verkehrten Richtung auf dem Radweg fahren?<\/figcaption><\/figure>\n<p>Ich habe mich schon sehr gewundert, warum ich ab hier in der verkehrten Richtung fahren sollte, wo doch der Radweg auf der anderen Stra\u00dfenseite ab dieser H\u00f6he gar nicht mehr gesperrt ist. Da hat sich offensichtlich niemand etwas gedacht und einfach das Schild in der Hand irgendwo abgestellt. Daher habe ich am 04.04. eine Mail an die Verwaltung geschrieben. Sechs Tage sp\u00e4ter war das Schild dann weg.<\/p>\n<p><cite>[&#8230;] das Schild VZ 240 an der Einm\u00fcndung Schwarzer Weg auf der Eidinghausener Stra\u00dfe ist zwischenzeitlich auf Anweisung der Stra\u00dfenverkehrsbeh\u00f6rde durch das zust\u00e4ndige Unternehmen entfernt worden.<br \/>\nDie Beschilderung der Umleitung &#8222;Havarie Wasserleitung&#8220; sah eine Umleitung nur bis zur Einm\u00fcndung Schwarzer Weg vor, daher ist die Entfernung des Schildes erfolgt und nicht nur eine Versetzung in die Gr\u00fcnfl\u00e4che angewiesen worden.[&#8230;]<\/cite><\/p>\n<p>Nunja, also hat wirklich jemand nicht nachgedacht und einfach irgendwas irgendwo aufgestellt und kontrolliert wurde es augenscheinlich auch nicht.<\/p>\n","protected":false},"excerpt":{"rendered":"<p>Als ich gestern Morgen mit meinem Sohn [die Eidinghausener Stra\u00dfe entlang] zur Schule fuhr, war es an der Einm\u00fcndung des Schwarzen Weg auf dem Radweg gewohnt eng. Aber zumindest noch hindernisfrei. Als ich heute fr\u00fch ins B\u00fcro fuhr, stand an &hellip;<\/p>\n<p class=\"read-more\"> <a class=\"more-link\" href=\"https:\/\/www.andreas-edler.de\/blog\/2025\/04\/mal-wieder-ein-hinweisschild-verkehrt-herum-auf-dem-radweg\/\"> <span class=\"screen-reader-text\">Mal wieder ein Hinweisschild verkehrt herum auf dem Radweg<\/span> Weiterlesen &raquo;<\/a><\/p>\n","protected":false},"author":1,"featured_media":173363,"comment_status":"open","ping_status":"open","sticky":false,"template":"","format":"standard","meta":{"ngg_post_thumbnail":0,"activitypub_content_warning":"","activitypub_content_visibility":"","activitypub_max_image_attachments":2,"activitypub_interaction_policy_quote":"anyone","activitypub_status":"federated","footnotes":""},"categories":[14,15,13],"tags":[477,481,549,262,251,412,158,414,72],"class_list":["post-173362","post","type-post","status-publish","format-standard","has-post-thumbnail","hentry","category-bad-oeynhausen","category-fahrrad","category-verkehr","tag-alltagsradverkehr","tag-benutzungspflicht","tag-beschilderung","tag-eidinghausener-strasse","tag-infrastruktur","tag-mdrza","tag-mit-dem-rad-zur-arbeit","tag-runter-vom-radweg","tag-verwaltung"],"share_on_mastodon":{"url":"https:\/\/social.tchncs.de\/@filmfacts\/114331541236775578","error":""},"_links":{"self":[{"href":"https:\/\/www.andreas-edler.de\/blog\/wp-json\/wp\/v2\/posts\/173362","targetHints":{"allow":["GET"]}}],"collection":[{"href":"https:\/\/www.andreas-edler.de\/blog\/wp-json\/wp\/v2\/posts"}],"about":[{"href":"https:\/\/www.andreas-edler.de\/blog\/wp-json\/wp\/v2\/types\/post"}],"author":[{"embeddable":true,"href":"https:\/\/www.andreas-edler.de\/blog\/wp-json\/wp\/v2\/users\/1"}],"replies":[{"embeddable":true,"href":"https:\/\/www.andreas-edler.de\/blog\/wp-json\/wp\/v2\/comments?post=173362"}],"version-history":[{"count":0,"href":"https:\/\/www.andreas-edler.de\/blog\/wp-json\/wp\/v2\/posts\/173362\/revisions"}],"wp:featuredmedia":[{"embeddable":true,"href":"https:\/\/www.andreas-edler.de\/blog\/wp-json\/wp\/v2\/media\/173363"}],"wp:attachment":[{"href":"https:\/\/www.andreas-edler.de\/blog\/wp-json\/wp\/v2\/media?parent=173362"}],"wp:term":[{"taxonomy":"category","embeddable":true,"href":"https:\/\/www.andreas-edler.de\/blog\/wp-json\/wp\/v2\/categories?post=173362"},{"taxonomy":"post_tag","embeddable":true,"href":"https:\/\/www.andreas-edler.de\/blog\/wp-json\/wp\/v2\/tags?post=173362"}],"curies":[{"name":"wp","href":"https:\/\/api.w.org\/{rel}","templated":true}]}}