{"id":173344,"date":"2025-04-09T23:31:09","date_gmt":"2025-04-09T21:31:09","guid":{"rendered":"https:\/\/www.andreas-edler.de\/blog\/?p=173344"},"modified":"2025-04-13T16:45:33","modified_gmt":"2025-04-13T14:45:33","slug":"raucher-brauchen-platz","status":"publish","type":"post","link":"https:\/\/www.andreas-edler.de\/blog\/2025\/04\/raucher-brauchen-platz\/","title":{"rendered":"Raucher brauchen Platz"},"content":{"rendered":"<p>Wenn man s\u00fcchtig ist und gleichzeitig zur Reha in einer Klinik, dann kann das augenscheinlich st\u00f6rend sein. Entweder die Klink schafft dann L\u00f6sungen und stellt den S\u00fcchtigen etwas zur Verf\u00fcgung wo die Sucht ausgelebt werden kann, oder es wird auf \u00f6ffentlichen Fl\u00e4chen gemacht. Gegen\u00fcber einer Klinik am Westkorso scheint Letzteres der Fall zu sein.<\/p>\n<figure id=\"attachment_173345\" aria-describedby=\"caption-attachment-173345\" style=\"width: 470px\" class=\"wp-caption aligncenter\"><a href=\"https:\/\/www.andreas-edler.de\/blog\/wp-content\/uploads\/2025\/04\/2025-04-09-13.27.36.jpg\"><img loading=\"lazy\" decoding=\"async\" src=\"https:\/\/www.andreas-edler.de\/blog\/wp-content\/uploads\/2025\/04\/2025-04-09-13.27.36-470x235.jpg\" alt=\"Ein gr\u00fcner Stromverteiler, auf dem zwei Instantkaffedosen stehen, welche als Aschenbecher genutzt werden. Rechts neben dem Stromkasten steht ein gr\u00f6\u00dferer Ascheeimer. Das Ensemble ist von traurig wirkenden Hecken umrahmt.\" width=\"470\" height=\"235\" class=\"size-large wp-image-173345\" srcset=\"https:\/\/www.andreas-edler.de\/blog\/wp-content\/uploads\/2025\/04\/2025-04-09-13.27.36-470x235.jpg 470w, https:\/\/www.andreas-edler.de\/blog\/wp-content\/uploads\/2025\/04\/2025-04-09-13.27.36-250x125.jpg 250w, https:\/\/www.andreas-edler.de\/blog\/wp-content\/uploads\/2025\/04\/2025-04-09-13.27.36-768x385.jpg 768w, https:\/\/www.andreas-edler.de\/blog\/wp-content\/uploads\/2025\/04\/2025-04-09-13.27.36-100x50.jpg 100w, https:\/\/www.andreas-edler.de\/blog\/wp-content\/uploads\/2025\/04\/2025-04-09-13.27.36-150x75.jpg 150w, https:\/\/www.andreas-edler.de\/blog\/wp-content\/uploads\/2025\/04\/2025-04-09-13.27.36-200x100.jpg 200w, https:\/\/www.andreas-edler.de\/blog\/wp-content\/uploads\/2025\/04\/2025-04-09-13.27.36-300x150.jpg 300w, https:\/\/www.andreas-edler.de\/blog\/wp-content\/uploads\/2025\/04\/2025-04-09-13.27.36-450x225.jpg 450w, https:\/\/www.andreas-edler.de\/blog\/wp-content\/uploads\/2025\/04\/2025-04-09-13.27.36-600x300.jpg 600w, https:\/\/www.andreas-edler.de\/blog\/wp-content\/uploads\/2025\/04\/2025-04-09-13.27.36-900x451.jpg 900w, https:\/\/www.andreas-edler.de\/blog\/wp-content\/uploads\/2025\/04\/2025-04-09-13.27.36.jpg 1280w\" sizes=\"auto, (max-width: 470px) 100vw, 470px\" \/><\/a><figcaption id=\"caption-attachment-173345\" class=\"wp-caption-text\">Sieht aus, wie gewollt.<\/figcaption><\/figure>\n<p>Wenn man auf dem \u00f6stlichen Gehweg des Westkorso spaziert, f\u00e4llt an einer Stelle unweigerlich dieser asche\u00fcberzogene Strom- oder Telefonverteiler auf. Damit ein bisschen Ordnung herrscht, stehen zwei Kaffeedosen auf dem Kasten, welche zur H\u00e4lfte mit Zigarettenkippen gef\u00fcllt sind. Neben dem Kasten steht ein etwas gr\u00f6\u00dferer Eimer, welcher ebenfalls f\u00fcr Asche und Kippen genutzt wird. Die Oberfl\u00e4che des Kastens ist von Brandspuren in Mitleidenschaft gezogen und das ganze Ensemble riecht auch nicht wirklich gut. Au\u00dferdem macht es auch optisch keinen guten Eindruck.<\/p>\n<p>Ganz ehrlich? Ich finde das Schei\u00dfe! So sollte die Umgebung des Kurpark nicht aussehen. Nehmt euren Dreck mit auf eure Zimmer und entsorgt ihn dort.<\/p>\n","protected":false},"excerpt":{"rendered":"<p>Wenn man s\u00fcchtig ist und gleichzeitig zur Reha in einer Klinik, dann kann das augenscheinlich st\u00f6rend sein. Entweder die Klink schafft dann L\u00f6sungen und stellt den S\u00fcchtigen etwas zur Verf\u00fcgung wo die Sucht ausgelebt werden kann, oder es wird auf &hellip;<\/p>\n<p class=\"read-more\"> <a class=\"more-link\" href=\"https:\/\/www.andreas-edler.de\/blog\/2025\/04\/raucher-brauchen-platz\/\"> <span class=\"screen-reader-text\">Raucher brauchen Platz<\/span> Weiterlesen &raquo;<\/a><\/p>\n","protected":false},"author":1,"featured_media":0,"comment_status":"open","ping_status":"open","sticky":false,"template":"","format":"standard","meta":{"ngg_post_thumbnail":0,"activitypub_content_warning":"","activitypub_content_visibility":"","activitypub_max_image_attachments":2,"activitypub_interaction_policy_quote":"anyone","activitypub_status":"federated","footnotes":""},"categories":[14,18],"tags":[63,121,440,327],"class_list":["post-173344","post","type-post","status-publish","format-standard","hentry","category-bad-oeynhausen","category-fraglich","tag-benehmen","tag-kurpark","tag-raucher","tag-westkorso"],"share_on_mastodon":{"url":"https:\/\/social.tchncs.de\/@filmfacts\/114331191532911394","error":""},"_links":{"self":[{"href":"https:\/\/www.andreas-edler.de\/blog\/wp-json\/wp\/v2\/posts\/173344","targetHints":{"allow":["GET"]}}],"collection":[{"href":"https:\/\/www.andreas-edler.de\/blog\/wp-json\/wp\/v2\/posts"}],"about":[{"href":"https:\/\/www.andreas-edler.de\/blog\/wp-json\/wp\/v2\/types\/post"}],"author":[{"embeddable":true,"href":"https:\/\/www.andreas-edler.de\/blog\/wp-json\/wp\/v2\/users\/1"}],"replies":[{"embeddable":true,"href":"https:\/\/www.andreas-edler.de\/blog\/wp-json\/wp\/v2\/comments?post=173344"}],"version-history":[{"count":0,"href":"https:\/\/www.andreas-edler.de\/blog\/wp-json\/wp\/v2\/posts\/173344\/revisions"}],"wp:attachment":[{"href":"https:\/\/www.andreas-edler.de\/blog\/wp-json\/wp\/v2\/media?parent=173344"}],"wp:term":[{"taxonomy":"category","embeddable":true,"href":"https:\/\/www.andreas-edler.de\/blog\/wp-json\/wp\/v2\/categories?post=173344"},{"taxonomy":"post_tag","embeddable":true,"href":"https:\/\/www.andreas-edler.de\/blog\/wp-json\/wp\/v2\/tags?post=173344"}],"curies":[{"name":"wp","href":"https:\/\/api.w.org\/{rel}","templated":true}]}}