{"id":173270,"date":"2025-02-28T23:33:55","date_gmt":"2025-02-28T22:33:55","guid":{"rendered":"https:\/\/www.andreas-edler.de\/blog\/?p=173270"},"modified":"2025-03-30T16:40:51","modified_gmt":"2025-03-30T14:40:51","slug":"ruecksicht-nehmen-bei-gegenverkehr","status":"publish","type":"post","link":"https:\/\/www.andreas-edler.de\/blog\/2025\/02\/ruecksicht-nehmen-bei-gegenverkehr\/","title":{"rendered":"R\u00fccksicht nehmen bei Gegenverkehr"},"content":{"rendered":"<p><figure id=\"attachment_173271\" aria-describedby=\"caption-attachment-173271\" style=\"width: 250px\" class=\"wp-caption alignright\"><a href=\"https:\/\/www.andreas-edler.de\/blog\/wp-content\/uploads\/2025\/03\/2025-02-28-dr_neuhaeusser_strasse-enger-begegnungsverkehr_02.jpg\"><img loading=\"lazy\" decoding=\"async\" src=\"https:\/\/www.andreas-edler.de\/blog\/wp-content\/uploads\/2025\/03\/2025-02-28-dr_neuhaeusser_strasse-enger-begegnungsverkehr_02-250x118.jpg\" alt=\"In einer Stra\u00dfe kommt ein Autp entgegen. Auf dessen Seite parken weitere Fahrzeuge, trotzdem wird daran vorbei gefahren und keine R\u00fccksicht auf den vorrangigen Radverkehr genommen. Das Bild ist mit einer leicht au\u00dfermittig am Lenker montierten Kamera aufgenommen.\" width=\"250\" height=\"118\" class=\"size-medium wp-image-173271\" srcset=\"https:\/\/www.andreas-edler.de\/blog\/wp-content\/uploads\/2025\/03\/2025-02-28-dr_neuhaeusser_strasse-enger-begegnungsverkehr_02-250x118.jpg 250w, https:\/\/www.andreas-edler.de\/blog\/wp-content\/uploads\/2025\/03\/2025-02-28-dr_neuhaeusser_strasse-enger-begegnungsverkehr_02-470x221.jpg 470w, https:\/\/www.andreas-edler.de\/blog\/wp-content\/uploads\/2025\/03\/2025-02-28-dr_neuhaeusser_strasse-enger-begegnungsverkehr_02-768x361.jpg 768w, https:\/\/www.andreas-edler.de\/blog\/wp-content\/uploads\/2025\/03\/2025-02-28-dr_neuhaeusser_strasse-enger-begegnungsverkehr_02-1536x723.jpg 1536w, https:\/\/www.andreas-edler.de\/blog\/wp-content\/uploads\/2025\/03\/2025-02-28-dr_neuhaeusser_strasse-enger-begegnungsverkehr_02-100x47.jpg 100w, https:\/\/www.andreas-edler.de\/blog\/wp-content\/uploads\/2025\/03\/2025-02-28-dr_neuhaeusser_strasse-enger-begegnungsverkehr_02-150x71.jpg 150w, https:\/\/www.andreas-edler.de\/blog\/wp-content\/uploads\/2025\/03\/2025-02-28-dr_neuhaeusser_strasse-enger-begegnungsverkehr_02-200x94.jpg 200w, https:\/\/www.andreas-edler.de\/blog\/wp-content\/uploads\/2025\/03\/2025-02-28-dr_neuhaeusser_strasse-enger-begegnungsverkehr_02-300x141.jpg 300w, https:\/\/www.andreas-edler.de\/blog\/wp-content\/uploads\/2025\/03\/2025-02-28-dr_neuhaeusser_strasse-enger-begegnungsverkehr_02-450x212.jpg 450w, https:\/\/www.andreas-edler.de\/blog\/wp-content\/uploads\/2025\/03\/2025-02-28-dr_neuhaeusser_strasse-enger-begegnungsverkehr_02-600x282.jpg 600w, https:\/\/www.andreas-edler.de\/blog\/wp-content\/uploads\/2025\/03\/2025-02-28-dr_neuhaeusser_strasse-enger-begegnungsverkehr_02-900x424.jpg 900w, https:\/\/www.andreas-edler.de\/blog\/wp-content\/uploads\/2025\/03\/2025-02-28-dr_neuhaeusser_strasse-enger-begegnungsverkehr_02.jpg 1600w\" sizes=\"auto, (max-width: 250px) 100vw, 250px\" \/><\/a><figcaption id=\"caption-attachment-173271\" class=\"wp-caption-text\">Einfach drauf halten!<\/figcaption><\/figure> Auf dem Weg nach Hause in der Dr. Neuh\u00e4usser Stra\u00dfe kommen mir regelm\u00e4\u00dfig Fahrzeuge entgegen. Und auf deren Seite sind die Parkfl\u00e4chen markiert. Warum man dort \u00fcberhaupt parken kann, wird sich mir nie erschlie\u00dfen. Die Stadtverwaltung findet das offenbar total t\u00f6ffte, w\u00e4hrend die fu\u00dfl\u00e4ufig erreichbare Tiefgarage leer steht.<\/p>\n<p>Wie dem auch sein, auch dieser Mensch hielt es nicht f\u00fcr n\u00f6tig ein wenig R\u00fccksicht zu nehmen. Ist ja nur der Schei\u00dfradfahrer, der hier gef\u00e4hrdet wird. Was fahre ich dort auch lang, ganz klar meine Schuld!<\/p>\n","protected":false},"excerpt":{"rendered":"<p>Auf dem Weg nach Hause in der Dr. Neuh\u00e4usser Stra\u00dfe kommen mir regelm\u00e4\u00dfig Fahrzeuge entgegen. Und auf deren Seite sind die Parkfl\u00e4chen markiert. Warum man dort \u00fcberhaupt parken kann, wird sich mir nie erschlie\u00dfen. Die Stadtverwaltung findet das offenbar total &hellip;<\/p>\n<p class=\"read-more\"> <a class=\"more-link\" href=\"https:\/\/www.andreas-edler.de\/blog\/2025\/02\/ruecksicht-nehmen-bei-gegenverkehr\/\"> <span class=\"screen-reader-text\">R\u00fccksicht nehmen bei Gegenverkehr<\/span> Weiterlesen &raquo;<\/a><\/p>\n","protected":false},"author":1,"featured_media":0,"comment_status":"open","ping_status":"open","sticky":false,"template":"","format":"standard","meta":{"ngg_post_thumbnail":0,"activitypub_content_warning":"","activitypub_content_visibility":"","activitypub_max_image_attachments":2,"activitypub_interaction_policy_quote":"anyone","activitypub_status":"federated","footnotes":""},"categories":[14,15,13],"tags":[37,449,412,158,531,76],"class_list":["post-173270","post","type-post","status-publish","format-standard","hentry","category-bad-oeynhausen","category-fahrrad","category-verkehr","tag-auto","tag-dr-neuhaeusser-strasse","tag-mdrza","tag-mit-dem-rad-zur-arbeit","tag-motorisierte-gewalt","tag-sicherheit"],"share_on_mastodon":{"url":"https:\/\/social.tchncs.de\/@filmfacts\/114251900698678832","error":""},"_links":{"self":[{"href":"https:\/\/www.andreas-edler.de\/blog\/wp-json\/wp\/v2\/posts\/173270","targetHints":{"allow":["GET"]}}],"collection":[{"href":"https:\/\/www.andreas-edler.de\/blog\/wp-json\/wp\/v2\/posts"}],"about":[{"href":"https:\/\/www.andreas-edler.de\/blog\/wp-json\/wp\/v2\/types\/post"}],"author":[{"embeddable":true,"href":"https:\/\/www.andreas-edler.de\/blog\/wp-json\/wp\/v2\/users\/1"}],"replies":[{"embeddable":true,"href":"https:\/\/www.andreas-edler.de\/blog\/wp-json\/wp\/v2\/comments?post=173270"}],"version-history":[{"count":0,"href":"https:\/\/www.andreas-edler.de\/blog\/wp-json\/wp\/v2\/posts\/173270\/revisions"}],"wp:attachment":[{"href":"https:\/\/www.andreas-edler.de\/blog\/wp-json\/wp\/v2\/media?parent=173270"}],"wp:term":[{"taxonomy":"category","embeddable":true,"href":"https:\/\/www.andreas-edler.de\/blog\/wp-json\/wp\/v2\/categories?post=173270"},{"taxonomy":"post_tag","embeddable":true,"href":"https:\/\/www.andreas-edler.de\/blog\/wp-json\/wp\/v2\/tags?post=173270"}],"curies":[{"name":"wp","href":"https:\/\/api.w.org\/{rel}","templated":true}]}}