{"id":173168,"date":"2025-03-14T23:33:50","date_gmt":"2025-03-14T22:33:50","guid":{"rendered":"https:\/\/www.andreas-edler.de\/blog\/?p=173168"},"modified":"2025-03-16T10:43:59","modified_gmt":"2025-03-16T09:43:59","slug":"schon-wieder-ein-baum-weg","status":"publish","type":"post","link":"https:\/\/www.andreas-edler.de\/blog\/2025\/03\/schon-wieder-ein-baum-weg\/","title":{"rendered":"Schon wieder ein Baum weg"},"content":{"rendered":"<p>Vor f\u00fcnf Tagen beklagte ich den Entfall eines Stra\u00dfenbaums an der Bahnhofstra\u00dfe. Und wie ich so einen Tag sp\u00e4ter durch die Fahrradstra\u00dfe Im Leingarten vom B\u00fcro nach Hause fahre, sehe ich schon die n\u00e4chste leere Baumscheibe.<\/p>\n<figure id=\"attachment_173169\" aria-describedby=\"caption-attachment-173169\" style=\"width: 470px\" class=\"wp-caption aligncenter\"><a href=\"https:\/\/www.andreas-edler.de\/blog\/wp-content\/uploads\/2025\/03\/2025-03-12-17.18.35.jpg\"><img loading=\"lazy\" decoding=\"async\" src=\"https:\/\/www.andreas-edler.de\/blog\/wp-content\/uploads\/2025\/03\/2025-03-12-17.18.35-470x250.jpg\" alt=\"Eine leere Baumscheibe in der Kurve einer Stra\u00dfe. Die Erde ist aufgew\u00fchlt, man sieht keinen Baumstumpf mehr. Im Hintergrund sieht man einen Parkplatz.\" width=\"470\" height=\"250\" class=\"size-large wp-image-173169\" srcset=\"https:\/\/www.andreas-edler.de\/blog\/wp-content\/uploads\/2025\/03\/2025-03-12-17.18.35-470x250.jpg 470w, https:\/\/www.andreas-edler.de\/blog\/wp-content\/uploads\/2025\/03\/2025-03-12-17.18.35-250x133.jpg 250w, https:\/\/www.andreas-edler.de\/blog\/wp-content\/uploads\/2025\/03\/2025-03-12-17.18.35-768x409.jpg 768w, https:\/\/www.andreas-edler.de\/blog\/wp-content\/uploads\/2025\/03\/2025-03-12-17.18.35-100x53.jpg 100w, https:\/\/www.andreas-edler.de\/blog\/wp-content\/uploads\/2025\/03\/2025-03-12-17.18.35-150x80.jpg 150w, https:\/\/www.andreas-edler.de\/blog\/wp-content\/uploads\/2025\/03\/2025-03-12-17.18.35-200x107.jpg 200w, https:\/\/www.andreas-edler.de\/blog\/wp-content\/uploads\/2025\/03\/2025-03-12-17.18.35-300x160.jpg 300w, https:\/\/www.andreas-edler.de\/blog\/wp-content\/uploads\/2025\/03\/2025-03-12-17.18.35-450x240.jpg 450w, https:\/\/www.andreas-edler.de\/blog\/wp-content\/uploads\/2025\/03\/2025-03-12-17.18.35-600x320.jpg 600w, https:\/\/www.andreas-edler.de\/blog\/wp-content\/uploads\/2025\/03\/2025-03-12-17.18.35-900x480.jpg 900w, https:\/\/www.andreas-edler.de\/blog\/wp-content\/uploads\/2025\/03\/2025-03-12-17.18.35.jpg 1280w\" sizes=\"auto, (max-width: 470px) 100vw, 470px\" \/><\/a><figcaption id=\"caption-attachment-173169\" class=\"wp-caption-text\">Hier war mal ein kleiner Baum.<\/figcaption><\/figure>\n<p>Ich stutzte, weil ich mich doch daran erinnerte, wie ich mit dem Rad an dieser Stelle immer etwas zirkeln musste, wenn ich dort zur Handballhalle \u00fcber das kleine Gehwegst\u00fcck gefahren bin. Da war doch mal ein Baum? Zu Hause hat Google-Streetview das auch best\u00e4tigt. Gut, dass ich in den Tagen danach nicht dazu gekommen bin, mich \u00fcber den fehlenden Baum auszulassen.<\/p>\n<figure id=\"attachment_173170\" aria-describedby=\"caption-attachment-173170\" style=\"width: 470px\" class=\"wp-caption aligncenter\"><a href=\"https:\/\/www.andreas-edler.de\/blog\/wp-content\/uploads\/2025\/03\/2025-03-14-17.34.41.jpg\"><img loading=\"lazy\" decoding=\"async\" src=\"https:\/\/www.andreas-edler.de\/blog\/wp-content\/uploads\/2025\/03\/2025-03-14-17.34.41-470x247.jpg\" alt=\"Ein frisch gepflanzter Baum steht auf einer fein s\u00e4uberlich geharkten Baumscheibe in einem Dreieck aus St\u00fctzpf\u00e4hlen. Im Hintergrund ist ein leerer Parkplatz zu sehen.\" width=\"470\" height=\"247\" class=\"size-large wp-image-173170\" srcset=\"https:\/\/www.andreas-edler.de\/blog\/wp-content\/uploads\/2025\/03\/2025-03-14-17.34.41-470x247.jpg 470w, https:\/\/www.andreas-edler.de\/blog\/wp-content\/uploads\/2025\/03\/2025-03-14-17.34.41-250x132.jpg 250w, https:\/\/www.andreas-edler.de\/blog\/wp-content\/uploads\/2025\/03\/2025-03-14-17.34.41-768x404.jpg 768w, https:\/\/www.andreas-edler.de\/blog\/wp-content\/uploads\/2025\/03\/2025-03-14-17.34.41-100x53.jpg 100w, https:\/\/www.andreas-edler.de\/blog\/wp-content\/uploads\/2025\/03\/2025-03-14-17.34.41-150x79.jpg 150w, https:\/\/www.andreas-edler.de\/blog\/wp-content\/uploads\/2025\/03\/2025-03-14-17.34.41-200x105.jpg 200w, https:\/\/www.andreas-edler.de\/blog\/wp-content\/uploads\/2025\/03\/2025-03-14-17.34.41-300x158.jpg 300w, https:\/\/www.andreas-edler.de\/blog\/wp-content\/uploads\/2025\/03\/2025-03-14-17.34.41-450x237.jpg 450w, https:\/\/www.andreas-edler.de\/blog\/wp-content\/uploads\/2025\/03\/2025-03-14-17.34.41-600x316.jpg 600w, https:\/\/www.andreas-edler.de\/blog\/wp-content\/uploads\/2025\/03\/2025-03-14-17.34.41-900x474.jpg 900w, https:\/\/www.andreas-edler.de\/blog\/wp-content\/uploads\/2025\/03\/2025-03-14-17.34.41.jpg 1280w\" sizes=\"auto, (max-width: 470px) 100vw, 470px\" \/><\/a><figcaption id=\"caption-attachment-173170\" class=\"wp-caption-text\">Da w\u00e4chst wieder was an.<\/figcaption><\/figure>\n<p>Als ich heute erneut dort entlang fuhr, war die Baumscheibe n\u00e4mlich wieder bepflanzt. Sehr sch\u00f6n! Ich hatte dort schon damit gerechnet, dass die Ecke auch gepflastert wird, weil sie direkt in einer Kurve liegt und man mit dem Auto immer &#8222;drum herum&#8220; lenken muss. Auf der anderen Seite ist es die Zufahrt zum Schulhof, in der absolutes Parkverbot herrscht und auf der man mit einem Auto eigentlich auch gar nichts zu suchen hat. Vielleicht deswegen. Gut, dass hier ein neuer Baum gepflanzt wurde. Hoffentlich wir er richtig sch\u00f6n gro\u00df. An der Stelle w\u00fcrde das sehr schick aussehen!<\/p>\n","protected":false},"excerpt":{"rendered":"<p>Vor f\u00fcnf Tagen beklagte ich den Entfall eines Stra\u00dfenbaums an der Bahnhofstra\u00dfe. Und wie ich so einen Tag sp\u00e4ter durch die Fahrradstra\u00dfe Im Leingarten vom B\u00fcro nach Hause fahre, sehe ich schon die n\u00e4chste leere Baumscheibe. Ich stutzte, weil ich &hellip;<\/p>\n<p class=\"read-more\"> <a class=\"more-link\" href=\"https:\/\/www.andreas-edler.de\/blog\/2025\/03\/schon-wieder-ein-baum-weg\/\"> <span class=\"screen-reader-text\">Schon wieder ein Baum weg<\/span> Weiterlesen &raquo;<\/a><\/p>\n","protected":false},"author":1,"featured_media":0,"comment_status":"open","ping_status":"open","sticky":false,"template":"","format":"standard","meta":{"ngg_post_thumbnail":0,"activitypub_content_warning":"","activitypub_content_visibility":"","activitypub_max_image_attachments":2,"activitypub_interaction_policy_quote":"anyone","activitypub_status":"federated","footnotes":""},"categories":[14],"tags":[528,173,344,398,380],"class_list":["post-173168","post","type-post","status-publish","format-standard","hentry","category-bad-oeynhausen","tag-baumscheiben","tag-baumschutzsatzung","tag-im-leingarten","tag-klimawandel","tag-umweltschutz"],"share_on_mastodon":{"url":"https:\/\/social.tchncs.de\/@filmfacts\/114171461074035198","error":""},"_links":{"self":[{"href":"https:\/\/www.andreas-edler.de\/blog\/wp-json\/wp\/v2\/posts\/173168","targetHints":{"allow":["GET"]}}],"collection":[{"href":"https:\/\/www.andreas-edler.de\/blog\/wp-json\/wp\/v2\/posts"}],"about":[{"href":"https:\/\/www.andreas-edler.de\/blog\/wp-json\/wp\/v2\/types\/post"}],"author":[{"embeddable":true,"href":"https:\/\/www.andreas-edler.de\/blog\/wp-json\/wp\/v2\/users\/1"}],"replies":[{"embeddable":true,"href":"https:\/\/www.andreas-edler.de\/blog\/wp-json\/wp\/v2\/comments?post=173168"}],"version-history":[{"count":0,"href":"https:\/\/www.andreas-edler.de\/blog\/wp-json\/wp\/v2\/posts\/173168\/revisions"}],"wp:attachment":[{"href":"https:\/\/www.andreas-edler.de\/blog\/wp-json\/wp\/v2\/media?parent=173168"}],"wp:term":[{"taxonomy":"category","embeddable":true,"href":"https:\/\/www.andreas-edler.de\/blog\/wp-json\/wp\/v2\/categories?post=173168"},{"taxonomy":"post_tag","embeddable":true,"href":"https:\/\/www.andreas-edler.de\/blog\/wp-json\/wp\/v2\/tags?post=173168"}],"curies":[{"name":"wp","href":"https:\/\/api.w.org\/{rel}","templated":true}]}}