{"id":173149,"date":"2025-03-08T15:47:57","date_gmt":"2025-03-08T14:47:57","guid":{"rendered":"https:\/\/www.andreas-edler.de\/blog\/?p=173149"},"modified":"2025-03-08T15:47:57","modified_gmt":"2025-03-08T14:47:57","slug":"gardena-r40li-mit-beweglichem-heckrad","status":"publish","type":"post","link":"https:\/\/www.andreas-edler.de\/blog\/2025\/03\/gardena-r40li-mit-beweglichem-heckrad\/","title":{"rendered":"Gardena R40li mit beweglichem Heckrad"},"content":{"rendered":"<p>Vor ca. 6 Jahren habe ich einen <a href=\"https:\/\/www.andreas-edler.de\/blog\/?s=roboter\" target=\"_blank\">Rasenm\u00e4herroboter<\/a> von Gardena gekauft und nicht installiert. Erst ein Jahr sp\u00e4ter habe ich das nachgeholt, dann aber <a href=\"https:\/\/www.andreas-edler.de\/blog\/2019\/08\/rasenmaeherroboter-mit-wlan\/\" target=\"_blank\">gleich auch mit einer Aufr\u00fcstung<\/a>. Seitdem f\u00e4hrt das Teil unerm\u00fcdlich und zu unserer Zufriedenheit \u00fcber den Rasen. <a href=\"https:\/\/www.gruene-badoeynhausen.de\/wp\/2024\/12\/antrag-igel-besser-vor-maehrobotern-schuetzen-fahrzeiten-regulieren\/\" target=\"_blank\">Nat\u00fcrlich nur tags\u00fcber<\/a> &#8211; mir w\u00e4re ehrlich gesagt auch nie in den Sinn gekommen, nachts Rasen zu m\u00e4hen.<\/p>\n<figure id=\"attachment_173150\" aria-describedby=\"caption-attachment-173150\" style=\"width: 470px\" class=\"wp-caption aligncenter\"><a href=\"https:\/\/www.andreas-edler.de\/blog\/wp-content\/uploads\/2025\/03\/2025-03-08-14.16.04.jpg\"><img loading=\"lazy\" decoding=\"async\" src=\"https:\/\/www.andreas-edler.de\/blog\/wp-content\/uploads\/2025\/03\/2025-03-08-14.16.04-470x246.jpg\" alt=\"Ein Rasenm\u00e4herroboter von hinten. Man sieht das Heckrad. welches einseitig an einer beweglichen Achse befestigt ist.\" width=\"470\" height=\"246\" class=\"size-large wp-image-173150\" srcset=\"https:\/\/www.andreas-edler.de\/blog\/wp-content\/uploads\/2025\/03\/2025-03-08-14.16.04-470x246.jpg 470w, https:\/\/www.andreas-edler.de\/blog\/wp-content\/uploads\/2025\/03\/2025-03-08-14.16.04-250x131.jpg 250w, https:\/\/www.andreas-edler.de\/blog\/wp-content\/uploads\/2025\/03\/2025-03-08-14.16.04-768x403.jpg 768w, https:\/\/www.andreas-edler.de\/blog\/wp-content\/uploads\/2025\/03\/2025-03-08-14.16.04-100x52.jpg 100w, https:\/\/www.andreas-edler.de\/blog\/wp-content\/uploads\/2025\/03\/2025-03-08-14.16.04-150x79.jpg 150w, https:\/\/www.andreas-edler.de\/blog\/wp-content\/uploads\/2025\/03\/2025-03-08-14.16.04-200x105.jpg 200w, https:\/\/www.andreas-edler.de\/blog\/wp-content\/uploads\/2025\/03\/2025-03-08-14.16.04-300x157.jpg 300w, https:\/\/www.andreas-edler.de\/blog\/wp-content\/uploads\/2025\/03\/2025-03-08-14.16.04-450x236.jpg 450w, https:\/\/www.andreas-edler.de\/blog\/wp-content\/uploads\/2025\/03\/2025-03-08-14.16.04-600x315.jpg 600w, https:\/\/www.andreas-edler.de\/blog\/wp-content\/uploads\/2025\/03\/2025-03-08-14.16.04-900x472.jpg 900w, https:\/\/www.andreas-edler.de\/blog\/wp-content\/uploads\/2025\/03\/2025-03-08-14.16.04.jpg 1280w\" sizes=\"auto, (max-width: 470px) 100vw, 470px\" \/><\/a><figcaption id=\"caption-attachment-173150\" class=\"wp-caption-text\">Der Roboter ist nun viel beweglicher.<\/figcaption><\/figure>\n<p>Der R40li hatte allerdings anders als seine Nachfolger bei meiner Schwester und meiner Tante, nur ein starres Heckrad. Damit soll er an Hanglagen besser geradeaus fahren, schleift aber beim Wenden damit immer \u00fcber den Rasen. Dadurch wird das Gras besonders in etwas engeren Ecken, wo h\u00e4ufig gewendet wird, sehr in Mitleidenschaft gezogen. Von Anfang an hatte ich nach einem Ersatz geschaut, aber nie etwas nach meiner M\u00fctze gefunden.<\/p>\n<p>Bis ich Anfang dieser Woche \u00fcber <a href=\"https:\/\/www.amazon.de\/dp\/B0DPDL5TR7\" target=\"_blank\">ein etwas anderes Design<\/a> <sup>(F\u00fcr diesen Amazonlink bekomme ich \u00fcbrigens gar nichts!)<\/sup> gestolpert bin und sofort die Kreditkarte gez\u00fcckt habe. Das Teil kam heute an und wurde nat\u00fcrlich sofort verbaut. F\u00e4hrt echt besser und wendet schneller. Leider ist mir bei der Installation nach dem Winter auch aufgefallen, dass  die Antriebsr\u00e4der auf der letzten Rille laufen und auch getauscht werden m\u00fcssen. Die n\u00e4chste Belastung auf dem Konto :-\/<\/p>\n","protected":false},"excerpt":{"rendered":"<p>Vor ca. 6 Jahren habe ich einen Rasenm\u00e4herroboter von Gardena gekauft und nicht installiert. Erst ein Jahr sp\u00e4ter habe ich das nachgeholt, dann aber gleich auch mit einer Aufr\u00fcstung. Seitdem f\u00e4hrt das Teil unerm\u00fcdlich und zu unserer Zufriedenheit \u00fcber den &hellip;<\/p>\n<p class=\"read-more\"> <a class=\"more-link\" href=\"https:\/\/www.andreas-edler.de\/blog\/2025\/03\/gardena-r40li-mit-beweglichem-heckrad\/\"> <span class=\"screen-reader-text\">Gardena R40li mit beweglichem Heckrad<\/span> Weiterlesen &raquo;<\/a><\/p>\n","protected":false},"author":1,"featured_media":0,"comment_status":"open","ping_status":"open","sticky":false,"template":"","format":"standard","meta":{"ngg_post_thumbnail":0,"activitypub_content_warning":"","activitypub_content_visibility":"","activitypub_max_image_attachments":2,"activitypub_interaction_policy_quote":"anyone","activitypub_status":"federated","footnotes":""},"categories":[22],"tags":[31,49,38,140,64,650,46],"class_list":["post-173149","post","type-post","status-publish","format-standard","hentry","category-basteln","tag-garten","tag-hardware","tag-haus","tag-hausautomation","tag-konsum","tag-smarthome","tag-technik"],"share_on_mastodon":{"url":"https:\/\/social.tchncs.de\/@filmfacts\/114127357768330428","error":""},"_links":{"self":[{"href":"https:\/\/www.andreas-edler.de\/blog\/wp-json\/wp\/v2\/posts\/173149","targetHints":{"allow":["GET"]}}],"collection":[{"href":"https:\/\/www.andreas-edler.de\/blog\/wp-json\/wp\/v2\/posts"}],"about":[{"href":"https:\/\/www.andreas-edler.de\/blog\/wp-json\/wp\/v2\/types\/post"}],"author":[{"embeddable":true,"href":"https:\/\/www.andreas-edler.de\/blog\/wp-json\/wp\/v2\/users\/1"}],"replies":[{"embeddable":true,"href":"https:\/\/www.andreas-edler.de\/blog\/wp-json\/wp\/v2\/comments?post=173149"}],"version-history":[{"count":0,"href":"https:\/\/www.andreas-edler.de\/blog\/wp-json\/wp\/v2\/posts\/173149\/revisions"}],"wp:attachment":[{"href":"https:\/\/www.andreas-edler.de\/blog\/wp-json\/wp\/v2\/media?parent=173149"}],"wp:term":[{"taxonomy":"category","embeddable":true,"href":"https:\/\/www.andreas-edler.de\/blog\/wp-json\/wp\/v2\/categories?post=173149"},{"taxonomy":"post_tag","embeddable":true,"href":"https:\/\/www.andreas-edler.de\/blog\/wp-json\/wp\/v2\/tags?post=173149"}],"curies":[{"name":"wp","href":"https:\/\/api.w.org\/{rel}","templated":true}]}}