{"id":173134,"date":"2025-03-02T16:50:43","date_gmt":"2025-03-02T15:50:43","guid":{"rendered":"https:\/\/www.andreas-edler.de\/blog\/?p=173134"},"modified":"2025-03-02T17:00:34","modified_gmt":"2025-03-02T16:00:34","slug":"parken-ist-nicht-das-was-in-bad-salzuflen-besser-ist","status":"publish","type":"post","link":"https:\/\/www.andreas-edler.de\/blog\/2025\/03\/parken-ist-nicht-das-was-in-bad-salzuflen-besser-ist\/","title":{"rendered":"Parken ist nicht das, was in Bad Salzuflen besser ist"},"content":{"rendered":"<p>Ich war heute nachmittag das erste Mal in meinem Leben bewusst im Kurpark von Bad Salzuflen. Vorher sind wir einmal um die Gradierwerke geschlendert, die m.M.n. viel zu gro\u00df und fast schon st\u00f6rend in der Innenstadt rumstehen. Ja, ist beeindruckend, aber drei solcher Tr\u00fcmmer? Danach waren wir im Kurpark, der in einer ganz anderen Liga spielt, als unserer in Bad Oeynhausen. Das war haupts\u00e4chlich eine von Maulwurfsh\u00fcgeln umgepfl\u00fcgte Wiese. Aber es gab mehr Dinge zum aktiv Ansehen. Sole-Erlebnish\u00fctte, Medizincheck in der Wandelhalle (die ebenfalls nicht so sch\u00f6n ist, wie unsere). Alles ist in Bad Salzuflen etwas gr\u00f6\u00dfer, aber eben auch nicht so sch\u00f6n. Trotzdem war es ziemlich voll!<\/p>\n<p><figure id=\"attachment_173135\" aria-describedby=\"caption-attachment-173135\" style=\"width: 250px\" class=\"wp-caption alignright\"><a href=\"https:\/\/www.andreas-edler.de\/blog\/wp-content\/uploads\/2025\/03\/2025-03-02-14.03.51.jpg\"><img loading=\"lazy\" decoding=\"async\" src=\"https:\/\/www.andreas-edler.de\/blog\/wp-content\/uploads\/2025\/03\/2025-03-02-14.03.51-250x170.jpg\" alt=\"Ein gr\u00fcner Fiat 500e l\u00e4dt an einer Lades\u00e4ule, welche mit &quot;Parkscheib, 4 Stunden w\u00e4hrend des Ladevorgangs&quot; beschildert ist.\" width=\"250\" height=\"170\" class=\"size-medium wp-image-173135\" srcset=\"https:\/\/www.andreas-edler.de\/blog\/wp-content\/uploads\/2025\/03\/2025-03-02-14.03.51-250x170.jpg 250w, https:\/\/www.andreas-edler.de\/blog\/wp-content\/uploads\/2025\/03\/2025-03-02-14.03.51-470x320.jpg 470w, https:\/\/www.andreas-edler.de\/blog\/wp-content\/uploads\/2025\/03\/2025-03-02-14.03.51-768x523.jpg 768w, https:\/\/www.andreas-edler.de\/blog\/wp-content\/uploads\/2025\/03\/2025-03-02-14.03.51-100x68.jpg 100w, https:\/\/www.andreas-edler.de\/blog\/wp-content\/uploads\/2025\/03\/2025-03-02-14.03.51-150x102.jpg 150w, https:\/\/www.andreas-edler.de\/blog\/wp-content\/uploads\/2025\/03\/2025-03-02-14.03.51-200x136.jpg 200w, https:\/\/www.andreas-edler.de\/blog\/wp-content\/uploads\/2025\/03\/2025-03-02-14.03.51-300x204.jpg 300w, https:\/\/www.andreas-edler.de\/blog\/wp-content\/uploads\/2025\/03\/2025-03-02-14.03.51-450x306.jpg 450w, https:\/\/www.andreas-edler.de\/blog\/wp-content\/uploads\/2025\/03\/2025-03-02-14.03.51-600x408.jpg 600w, https:\/\/www.andreas-edler.de\/blog\/wp-content\/uploads\/2025\/03\/2025-03-02-14.03.51-900x612.jpg 900w, https:\/\/www.andreas-edler.de\/blog\/wp-content\/uploads\/2025\/03\/2025-03-02-14.03.51.jpg 1280w\" sizes=\"auto, (max-width: 250px) 100vw, 250px\" \/><\/a><figcaption id=\"caption-attachment-173135\" class=\"wp-caption-text\">In Bad Salzuflen kann man Lades\u00e4ulen vern\u00fcnftig beschildern.<\/figcaption><\/figure> Und diese Menschen konnten sogar alle parken. In der Stadt, die uns so gerne als Vorbild genannt wird, muss man vom Parkhaus den Katzensprung von 300 Metern bis zum Kurparkeingang laufen. In Bad Oeynhausen sind es vom Parkhaus bis zum Verkehrshaus un\u00fcberwindbare 400 Meter! Wir haben unseren Fiat heute sogar am ersten ausgeschilderten Parkplatz abgestellt und mussten &#8211; Jetzt kommt&#8217;s! &#8211; 600 Meter zu Fu\u00df gehen bis wir in der Innenstadt waren! Der Parkplatz war \u00fcbrigens voll, wir konnten dort nur stehen, weil wir gleichzeitig eine Lades\u00e4ule genutzt haben und dort <a href=\"https:\/\/www.andreas-edler.de\/blog\/2024\/11\/ladesaeulen-belegt-ohne-dass-geladen-wird\/\" target=\"_blank\">nicht einfach ein Stellplatz blockiert wurde ohne zu laden<\/a> &#8211; wie es in Bad Oeynhausen \u00fcblich ist.<\/p>\n<p>Ich versteh&#8217;s echt nicht. In Bad Oeynhausen wird nur \u00fcber zu wenig Parkpl\u00e4tze gejammert und regelm\u00e4\u00dfig &#8222;In Bad Salzuflen klappt das doch!&#8220; gesagt. Aber Leute, am Parken liegt das ganz sicher nicht!<\/p>\n","protected":false},"excerpt":{"rendered":"<p>Ich war heute nachmittag das erste Mal in meinem Leben bewusst im Kurpark von Bad Salzuflen. Vorher sind wir einmal um die Gradierwerke geschlendert, die m.M.n. viel zu gro\u00df und fast schon st\u00f6rend in der Innenstadt rumstehen. Ja, ist beeindruckend, &hellip;<\/p>\n<p class=\"read-more\"> <a class=\"more-link\" href=\"https:\/\/www.andreas-edler.de\/blog\/2025\/03\/parken-ist-nicht-das-was-in-bad-salzuflen-besser-ist\/\"> <span class=\"screen-reader-text\">Parken ist nicht das, was in Bad Salzuflen besser ist<\/span> Weiterlesen &raquo;<\/a><\/p>\n","protected":false},"author":1,"featured_media":173137,"comment_status":"open","ping_status":"open","sticky":false,"template":"","format":"standard","meta":{"ngg_post_thumbnail":0,"activitypub_content_warning":"","activitypub_content_visibility":"","activitypub_max_image_attachments":2,"activitypub_interaction_policy_quote":"anyone","activitypub_status":"federated","footnotes":""},"categories":[14,1],"tags":[17,649,251,121,436,216,175],"class_list":["post-173134","post","type-post","status-publish","format-standard","has-post-thumbnail","hentry","category-bad-oeynhausen","category-allgemein","tag-auf-der-piste","tag-bad-salzuflen","tag-infrastruktur","tag-kurpark","tag-parkdruck","tag-parkhaeuser","tag-tourismus"],"share_on_mastodon":{"url":"https:\/\/social.tchncs.de\/@filmfacts\/114093630793812823","error":""},"_links":{"self":[{"href":"https:\/\/www.andreas-edler.de\/blog\/wp-json\/wp\/v2\/posts\/173134","targetHints":{"allow":["GET"]}}],"collection":[{"href":"https:\/\/www.andreas-edler.de\/blog\/wp-json\/wp\/v2\/posts"}],"about":[{"href":"https:\/\/www.andreas-edler.de\/blog\/wp-json\/wp\/v2\/types\/post"}],"author":[{"embeddable":true,"href":"https:\/\/www.andreas-edler.de\/blog\/wp-json\/wp\/v2\/users\/1"}],"replies":[{"embeddable":true,"href":"https:\/\/www.andreas-edler.de\/blog\/wp-json\/wp\/v2\/comments?post=173134"}],"version-history":[{"count":0,"href":"https:\/\/www.andreas-edler.de\/blog\/wp-json\/wp\/v2\/posts\/173134\/revisions"}],"wp:featuredmedia":[{"embeddable":true,"href":"https:\/\/www.andreas-edler.de\/blog\/wp-json\/wp\/v2\/media\/173137"}],"wp:attachment":[{"href":"https:\/\/www.andreas-edler.de\/blog\/wp-json\/wp\/v2\/media?parent=173134"}],"wp:term":[{"taxonomy":"category","embeddable":true,"href":"https:\/\/www.andreas-edler.de\/blog\/wp-json\/wp\/v2\/categories?post=173134"},{"taxonomy":"post_tag","embeddable":true,"href":"https:\/\/www.andreas-edler.de\/blog\/wp-json\/wp\/v2\/tags?post=173134"}],"curies":[{"name":"wp","href":"https:\/\/api.w.org\/{rel}","templated":true}]}}