{"id":173123,"date":"2025-02-24T23:31:53","date_gmt":"2025-02-24T22:31:53","guid":{"rendered":"https:\/\/www.andreas-edler.de\/blog\/?p=173123"},"modified":"2025-03-02T11:06:23","modified_gmt":"2025-03-02T10:06:23","slug":"sicherheitsabstand-wieder-optional","status":"publish","type":"post","link":"https:\/\/www.andreas-edler.de\/blog\/2025\/02\/sicherheitsabstand-wieder-optional\/","title":{"rendered":"Sicherheitsabstand wieder optional"},"content":{"rendered":"<p>Der schwarze Weg zwischen Werster Stra\u00dfe und zum Friedhof ist mit <a href=\"https:\/\/lintel-gruppe.de\/produkte\/s-form-pflaster\/\" target=\"_blank\">S-Form-Pflaster im Rasterma\u00df 22,5 cm<\/a> gepflastert. Das macht das Abz\u00e4hlen und Ausrechnen einfach.<\/p>\n<p>Zehn Steine zu je 22,5 cm sind 225 cm Abstand vom Blech bis zum Kantstein. Die Kamera ist ziemlich genau in der Mitte des Bildes und auf meinem 71 cm breiten Lenker ein wenig links der Mitte montiert, auf ca. einem Drittel der L\u00e4nge. Einundsiebzig durch drei ergibt 23 cm. Der Au\u00dfenspiegel des Auto ist ca. 20 Zentiemter breit. 225 \/ 2 &#8211; 23 &#8211; 20 ergibt ca. 70 Zentimeter. Weniger als die H\u00e4lfte der gesetzlich vorgeschriebenen 150 Zentimeter Mindestabstand. Nat\u00fcrlich auch bei einem Tempo von nicht nur 30 Km\/h.<\/p>\n<p>Der Mann ist mit seinem Fahrzeug mit HF-Kennzeichen auch nur durch die Tempo-30-Zone des Schwarzen Weg und danach Zum Friedhof gerauscht, um die Ampelkreuzung Werster- und Eidinghausener Stra\u00dfe zu Umfahren. Und wenn man es schon so eilig hat, dass eine Ampelkreuzung zum No-Go wird, dann ist das Tempolimit genauso optional, wie der Sicherheitsabstand zum Schei\u00dfradfahrer. Selbstverst\u00e4ndlich mein Fehler, ich h\u00e4tte R\u00fccksicht auf den armen Mann nehmen und mich in Luft aufl\u00f6sen sollen. Was fahre ich auch Fahrrad?<\/p>\n<p>Dabei habe ich schon extra einen Umweg gew\u00e4hlt, auf dem ich weniger mit dem <a rel=\"tag\" class=\"hashtag u-tag u-category\" href=\"https:\/\/www.andreas-edler.de\/blog\/tag\/miv\/\">#MIV<\/a> in Ber\u00fchrung komme.<\/p>\n","protected":false},"excerpt":{"rendered":"<p>Der schwarze Weg zwischen Werster Stra\u00dfe und zum Friedhof ist mit S-Form-Pflaster im Rasterma\u00df 22,5 cm gepflastert. Das macht das Abz\u00e4hlen und Ausrechnen einfach. Zehn Steine zu je 22,5 cm sind 225 cm Abstand vom Blech bis zum Kantstein. Die &hellip;<\/p>\n<p class=\"read-more\"> <a class=\"more-link\" href=\"https:\/\/www.andreas-edler.de\/blog\/2025\/02\/sicherheitsabstand-wieder-optional\/\"> <span class=\"screen-reader-text\">Sicherheitsabstand wieder optional<\/span> Weiterlesen &raquo;<\/a><\/p>\n","protected":false},"author":1,"featured_media":173124,"comment_status":"open","ping_status":"open","sticky":false,"template":"","format":"standard","meta":{"ngg_post_thumbnail":0,"activitypub_content_warning":"","activitypub_content_visibility":"","activitypub_max_image_attachments":2,"activitypub_interaction_policy_quote":"anyone","activitypub_status":"federated","footnotes":""},"categories":[14,15,13],"tags":[63,251,412,158,480,393,76,260,445,461],"class_list":["post-173123","post","type-post","status-publish","format-standard","has-post-thumbnail","hentry","category-bad-oeynhausen","category-fahrrad","category-verkehr","tag-benehmen","tag-infrastruktur","tag-mdrza","tag-mit-dem-rad-zur-arbeit","tag-miv","tag-schwarzer-weg","tag-sicherheit","tag-stvo","tag-ueberholabstand","tag-ueberholzwang"],"share_on_mastodon":{"url":"https:\/\/social.tchncs.de\/@filmfacts\/114092276779355364","error":""},"_links":{"self":[{"href":"https:\/\/www.andreas-edler.de\/blog\/wp-json\/wp\/v2\/posts\/173123","targetHints":{"allow":["GET"]}}],"collection":[{"href":"https:\/\/www.andreas-edler.de\/blog\/wp-json\/wp\/v2\/posts"}],"about":[{"href":"https:\/\/www.andreas-edler.de\/blog\/wp-json\/wp\/v2\/types\/post"}],"author":[{"embeddable":true,"href":"https:\/\/www.andreas-edler.de\/blog\/wp-json\/wp\/v2\/users\/1"}],"replies":[{"embeddable":true,"href":"https:\/\/www.andreas-edler.de\/blog\/wp-json\/wp\/v2\/comments?post=173123"}],"version-history":[{"count":0,"href":"https:\/\/www.andreas-edler.de\/blog\/wp-json\/wp\/v2\/posts\/173123\/revisions"}],"wp:featuredmedia":[{"embeddable":true,"href":"https:\/\/www.andreas-edler.de\/blog\/wp-json\/wp\/v2\/media\/173124"}],"wp:attachment":[{"href":"https:\/\/www.andreas-edler.de\/blog\/wp-json\/wp\/v2\/media?parent=173123"}],"wp:term":[{"taxonomy":"category","embeddable":true,"href":"https:\/\/www.andreas-edler.de\/blog\/wp-json\/wp\/v2\/categories?post=173123"},{"taxonomy":"post_tag","embeddable":true,"href":"https:\/\/www.andreas-edler.de\/blog\/wp-json\/wp\/v2\/tags?post=173123"}],"curies":[{"name":"wp","href":"https:\/\/api.w.org\/{rel}","templated":true}]}}