{"id":173113,"date":"2025-02-25T23:51:41","date_gmt":"2025-02-25T22:51:41","guid":{"rendered":"https:\/\/www.andreas-edler.de\/blog\/?p=173113"},"modified":"2025-03-02T09:56:29","modified_gmt":"2025-03-02T08:56:29","slug":"ich-muss-mehr-ruecksicht-nehmen","status":"publish","type":"post","link":"https:\/\/www.andreas-edler.de\/blog\/2025\/02\/ich-muss-mehr-ruecksicht-nehmen\/","title":{"rendered":"Ich muss mehr R\u00fccksicht nehmen"},"content":{"rendered":"<figure id=\"attachment_173114\" aria-describedby=\"caption-attachment-173114\" style=\"width: 470px\" class=\"wp-caption aligncenter\"><a href=\"https:\/\/www.andreas-edler.de\/blog\/wp-content\/uploads\/2025\/03\/2025-02-25-dr-neuhaeusser_enger_begegnungsverkehr.jpg\"><img loading=\"lazy\" decoding=\"async\" src=\"https:\/\/www.andreas-edler.de\/blog\/wp-content\/uploads\/2025\/03\/2025-02-25-dr-neuhaeusser_enger_begegnungsverkehr-470x264.jpg\" alt=\"Ein Kraftfahrzeug wird im Dunklen praktisch ohne Abstand im Gegenverkehr an einem Fahrrad vorbei gesteuert.\" width=\"470\" height=\"264\" class=\"size-large wp-image-173114\" srcset=\"https:\/\/www.andreas-edler.de\/blog\/wp-content\/uploads\/2025\/03\/2025-02-25-dr-neuhaeusser_enger_begegnungsverkehr-470x264.jpg 470w, https:\/\/www.andreas-edler.de\/blog\/wp-content\/uploads\/2025\/03\/2025-02-25-dr-neuhaeusser_enger_begegnungsverkehr-250x141.jpg 250w, https:\/\/www.andreas-edler.de\/blog\/wp-content\/uploads\/2025\/03\/2025-02-25-dr-neuhaeusser_enger_begegnungsverkehr-768x432.jpg 768w, https:\/\/www.andreas-edler.de\/blog\/wp-content\/uploads\/2025\/03\/2025-02-25-dr-neuhaeusser_enger_begegnungsverkehr-1536x864.jpg 1536w, https:\/\/www.andreas-edler.de\/blog\/wp-content\/uploads\/2025\/03\/2025-02-25-dr-neuhaeusser_enger_begegnungsverkehr-100x56.jpg 100w, https:\/\/www.andreas-edler.de\/blog\/wp-content\/uploads\/2025\/03\/2025-02-25-dr-neuhaeusser_enger_begegnungsverkehr-150x84.jpg 150w, https:\/\/www.andreas-edler.de\/blog\/wp-content\/uploads\/2025\/03\/2025-02-25-dr-neuhaeusser_enger_begegnungsverkehr-200x113.jpg 200w, https:\/\/www.andreas-edler.de\/blog\/wp-content\/uploads\/2025\/03\/2025-02-25-dr-neuhaeusser_enger_begegnungsverkehr-300x169.jpg 300w, https:\/\/www.andreas-edler.de\/blog\/wp-content\/uploads\/2025\/03\/2025-02-25-dr-neuhaeusser_enger_begegnungsverkehr-450x253.jpg 450w, https:\/\/www.andreas-edler.de\/blog\/wp-content\/uploads\/2025\/03\/2025-02-25-dr-neuhaeusser_enger_begegnungsverkehr-600x338.jpg 600w, https:\/\/www.andreas-edler.de\/blog\/wp-content\/uploads\/2025\/03\/2025-02-25-dr-neuhaeusser_enger_begegnungsverkehr-900x506.jpg 900w, https:\/\/www.andreas-edler.de\/blog\/wp-content\/uploads\/2025\/03\/2025-02-25-dr-neuhaeusser_enger_begegnungsverkehr.jpg 1920w\" sizes=\"auto, (max-width: 470px) 100vw, 470px\" \/><\/a><figcaption id=\"caption-attachment-173114\" class=\"wp-caption-text\">Das ginge doch bestimmt noch enger!<\/figcaption><\/figure>\n<p>Wenn auf der eigenen Seite Fahrzeuge parken, dann f\u00e4hrt man im Auto selbstverst\u00e4ndlich trotzdem weiter, auch wenn Gegenverkehr kommt. Sobal dieser n\u00e4mlich nur ein Schei\u00dfradfahrer ist, dann muss man den Vorrang nicht gew\u00e4hren und auch keine R\u00fccksicht nehmen. Nat\u00fcrlich muss ich als Mensch auf dem Fahrrad dann zur\u00fcck stecken, wenn der Herr im Auto fahren will.<\/p>\n<p>In welchem Paragraphen der StVO ist das nochmal so verewigt?<\/p>\n","protected":false},"excerpt":{"rendered":"<p>Wenn auf der eigenen Seite Fahrzeuge parken, dann f\u00e4hrt man im Auto selbstverst\u00e4ndlich trotzdem weiter, auch wenn Gegenverkehr kommt. Sobal dieser n\u00e4mlich nur ein Schei\u00dfradfahrer ist, dann muss man den Vorrang nicht gew\u00e4hren und auch keine R\u00fccksicht nehmen. Nat\u00fcrlich muss &hellip;<\/p>\n<p class=\"read-more\"> <a class=\"more-link\" href=\"https:\/\/www.andreas-edler.de\/blog\/2025\/02\/ich-muss-mehr-ruecksicht-nehmen\/\"> <span class=\"screen-reader-text\">Ich muss mehr R\u00fccksicht nehmen<\/span> Weiterlesen &raquo;<\/a><\/p>\n","protected":false},"author":1,"featured_media":0,"comment_status":"open","ping_status":"open","sticky":false,"template":"","format":"standard","meta":{"ngg_post_thumbnail":0,"activitypub_content_warning":"","activitypub_content_visibility":"","activitypub_max_image_attachments":2,"activitypub_interaction_policy_quote":"anyone","activitypub_status":"federated","footnotes":""},"categories":[14,15,13],"tags":[477,37,63,449,251,412,158,76],"class_list":["post-173113","post","type-post","status-publish","format-standard","hentry","category-bad-oeynhausen","category-fahrrad","category-verkehr","tag-alltagsradverkehr","tag-auto","tag-benehmen","tag-dr-neuhaeusser-strasse","tag-infrastruktur","tag-mdrza","tag-mit-dem-rad-zur-arbeit","tag-sicherheit"],"share_on_mastodon":{"url":"https:\/\/social.tchncs.de\/@filmfacts\/114092002068168669","error":""},"_links":{"self":[{"href":"https:\/\/www.andreas-edler.de\/blog\/wp-json\/wp\/v2\/posts\/173113","targetHints":{"allow":["GET"]}}],"collection":[{"href":"https:\/\/www.andreas-edler.de\/blog\/wp-json\/wp\/v2\/posts"}],"about":[{"href":"https:\/\/www.andreas-edler.de\/blog\/wp-json\/wp\/v2\/types\/post"}],"author":[{"embeddable":true,"href":"https:\/\/www.andreas-edler.de\/blog\/wp-json\/wp\/v2\/users\/1"}],"replies":[{"embeddable":true,"href":"https:\/\/www.andreas-edler.de\/blog\/wp-json\/wp\/v2\/comments?post=173113"}],"version-history":[{"count":0,"href":"https:\/\/www.andreas-edler.de\/blog\/wp-json\/wp\/v2\/posts\/173113\/revisions"}],"wp:attachment":[{"href":"https:\/\/www.andreas-edler.de\/blog\/wp-json\/wp\/v2\/media?parent=173113"}],"wp:term":[{"taxonomy":"category","embeddable":true,"href":"https:\/\/www.andreas-edler.de\/blog\/wp-json\/wp\/v2\/categories?post=173113"},{"taxonomy":"post_tag","embeddable":true,"href":"https:\/\/www.andreas-edler.de\/blog\/wp-json\/wp\/v2\/tags?post=173113"}],"curies":[{"name":"wp","href":"https:\/\/api.w.org\/{rel}","templated":true}]}}