{"id":173067,"date":"2025-02-14T21:51:52","date_gmt":"2025-02-14T20:51:52","guid":{"rendered":"https:\/\/www.andreas-edler.de\/blog\/?p=173067"},"modified":"2025-02-16T15:41:40","modified_gmt":"2025-02-16T14:41:40","slug":"bebauungsplan-auguste-viktoria-klinik","status":"publish","type":"post","link":"https:\/\/www.andreas-edler.de\/blog\/2025\/02\/bebauungsplan-auguste-viktoria-klinik\/","title":{"rendered":"Bebauungsplan Auguste-Viktoria-Klinik"},"content":{"rendered":"<p>Gestern im Ausschuss f\u00fcr Stadtentwicklung wurde der <a href=\"https:\/\/www.badoeynhausen.sitzung-online.de\/public\/vo020?VOLFDNR=1000675&#038;TOLFDNR=1002142\" target=\"_blank\">Bebauungsplan f\u00fcr den Anbau des Krankenhauses an die Auguste-Viktoria-Klinik beraten<\/a>. Wir hatten in den vorhergehenden Sitzungen bereits auf die unserer Meinung nach nicht genug ber\u00fccksichtigten Punkte hingewiesen. Zum einen das Parkhaus, welches nur ca. 1\/3 kleiner gebaut werden darf, wie das 400 Meter entfernt leer stehende S\u00fcltebusch-Parkhaus und zum anderen die ausschlie\u00dfliche Anbindung des Krankenhauskomplexes \u00fcber die Stra\u00dfe &#8222;Am Kurpark&#8220;.<\/p>\n<p>In beiden F\u00e4llen hatten wir den Eindruck, diese Punkte seien weder mit und im Projektbeirat der MKK noch mit Stra\u00dfen.NRW besprochen worden. Es gab entsprechenden Stellungnahmen in der durchgef\u00fchrten Beteiligung der \u00d6ffentlichkeit, welche allerdings teilweise mit <\/p>\n<p><cite>[&#8230;] Die Ausf\u00fchrungen [&#8230;] werden zur Kenntnis genommen, jedoch inhaltlich nicht geteilt. [&#8230;] <\/cite><\/p>\n<p>kommentiert wurden. Das war&#8217;s und das reichte uns nicht. Ich habe daraufhin eine Mail an Mitglieder des Projektbeirates formuliert und in der Folge sowohl eine schriftliche Antwort bekommen, als auch einige Telefonate gef\u00fchrt. Es wurde durchaus \u00fcber diese Punkte gesprochen. Bez\u00fcglich der Zufahrt gibt es sogar eine versprochene L\u00f6sung, welche allerdings nicht im Bebauungsplan festgeschrieben wird. Rettungswagen, Krankenwagen und die Feuerwehrzufahrt werden tats\u00e4chlich grunds\u00e4tzlich \u00fcber die Kanalstra\u00dfe erfolgen. Zumindest die Fahrten aus Osten kommend. Eine Linksabbiegerspur wird es nicht geben. Der Besucher- und Mitarbeiterverkehr erfolgt \u00fcber die Stra\u00dfe &#8222;Am Kokturkanal&#8220;. Die Verkehrsgutachten gehen von deutlich unter 2.000 Fahrzeugen am Tag aus und daf\u00fcr ist die Stra\u00dfe ausreichend.<\/p>\n<p><cite>Neue Westf\u00e4lische vom 15.02.2025: <strong><a href=\"https:\/\/www.nw.de\/lokal\/kreis_minden_luebbecke\/bad_oeynhausen\/24042340_Das-Ringen-um-eine-direkte-Zufahrt-zum-neuen-Krankenhaus-in-Bad-Oeynhausen.html\" target=\"_new\">Das Ringen um eine direkte Zufahrt zum neuen Krankenhaus in Bad Oeynhausen <\/a><\/strong><br \/>\n[&#8230;] Andreas Edler fragte, ob denn alternativ eine Zufahrt \u00fcber die Kreuzung von Brunnenstra\u00dfe und Kanalstra\u00dfe &#8211; am Schnellrestaurant \u201eKentucky Fried Chicken\u201c vorbei &#8211; zum neuen Krankenhaus-Parkhaus geschaffen werden k\u00f6nne. \u201eAn der Einm\u00fcndung der Brunnenstra\u00dfe ist der einzige Kreisel beim Umbau von Kanalstra\u00dfe und Mindener Stra\u00dfe vorgesehen\u201c, sagte Thomas L\u00fcer. Und wenn dar\u00fcber der zus\u00e4tzliche Verkehr zu AVK und Krankenhaus abgewickelt werden solle, \u201edann w\u00fcrde das die Kapazit\u00e4t des Kreisverkehrs \u00fcberschreiten.\u201c [&#8230;]<\/cite><\/p>\n<p>Beim Parkhaus ist leider nichts ge\u00e4ndert, au\u00dfer die \u00c4u\u00dferung aus der Verwaltung, dass auch hier die Hoffnung besteht, das S\u00fcltebusch-Parkhaus zu ber\u00fccksichtigen. Ich gehe aber leider auch davon aus, dass hier so gro\u00df gebaut wird, wie es der Bebauungsplan erlaubt.<\/p>\n<p>Auf der anderen Seite stehen einzuhaltende Fristen, bis zu denen Baurecht bestehen muss, damit F\u00f6rdermittel f\u00fcr den Bau des Krankenhauses flie\u00dfen. Danach st\u00fcnde das Projekt noch kippeliger da, als es eh schon ist. Aufgrund der zumindest teilweise entsch\u00e4rften Situation auf der Stra\u00dfe &#8222;Am Kokturkanal&#8220; und der Wichtigkeit des Projektes insgesamt habe ich mich entschieden, dem Bebauungsplan zuzustimmen. Die Ausschussmitglieder unserer Fraktion waren dabei gespalten. Zwei daf\u00fcr, zwei haben sich enthalten. Insgesamt ist der Bebauungsplan im Ausschuss aber mit einer deutlichen Mehrheit beschlossen worden. Auch wenn wir insgesamt dagegen gestimmt h\u00e4tten, w\u00e4re das nicht anders gewesen.<\/p>\n","protected":false},"excerpt":{"rendered":"<p>Gestern im Ausschuss f\u00fcr Stadtentwicklung wurde der Bebauungsplan f\u00fcr den Anbau des Krankenhauses an die Auguste-Viktoria-Klinik beraten. Wir hatten in den vorhergehenden Sitzungen bereits auf die unserer Meinung nach nicht genug ber\u00fccksichtigten Punkte hingewiesen. Zum einen das Parkhaus, welches nur &hellip;<\/p>\n<p class=\"read-more\"> <a class=\"more-link\" href=\"https:\/\/www.andreas-edler.de\/blog\/2025\/02\/bebauungsplan-auguste-viktoria-klinik\/\"> <span class=\"screen-reader-text\">Bebauungsplan Auguste-Viktoria-Klinik<\/span> Weiterlesen &raquo;<\/a><\/p>\n","protected":false},"author":1,"featured_media":0,"comment_status":"open","ping_status":"open","sticky":false,"template":"","format":"standard","meta":{"ngg_post_thumbnail":0,"activitypub_content_warning":"","activitypub_content_visibility":"","activitypub_max_image_attachments":2,"activitypub_interaction_policy_quote":"anyone","activitypub_status":"federated","footnotes":""},"categories":[14,45],"tags":[547,237,546,251,456,608,402,270],"class_list":["post-173067","post","type-post","status-publish","format-standard","hentry","category-bad-oeynhausen","category-politik","tag-am-kokturkanal","tag-ausschuss-fuer-stadtentwicklung","tag-brunnenstrasse","tag-infrastruktur","tag-kanalstrasse","tag-kommunalpolitik","tag-krankenhaus","tag-mindener-strasse"],"share_on_mastodon":{"url":"https:\/\/social.tchncs.de\/@filmfacts\/114004217907364847","error":""},"_links":{"self":[{"href":"https:\/\/www.andreas-edler.de\/blog\/wp-json\/wp\/v2\/posts\/173067","targetHints":{"allow":["GET"]}}],"collection":[{"href":"https:\/\/www.andreas-edler.de\/blog\/wp-json\/wp\/v2\/posts"}],"about":[{"href":"https:\/\/www.andreas-edler.de\/blog\/wp-json\/wp\/v2\/types\/post"}],"author":[{"embeddable":true,"href":"https:\/\/www.andreas-edler.de\/blog\/wp-json\/wp\/v2\/users\/1"}],"replies":[{"embeddable":true,"href":"https:\/\/www.andreas-edler.de\/blog\/wp-json\/wp\/v2\/comments?post=173067"}],"version-history":[{"count":0,"href":"https:\/\/www.andreas-edler.de\/blog\/wp-json\/wp\/v2\/posts\/173067\/revisions"}],"wp:attachment":[{"href":"https:\/\/www.andreas-edler.de\/blog\/wp-json\/wp\/v2\/media?parent=173067"}],"wp:term":[{"taxonomy":"category","embeddable":true,"href":"https:\/\/www.andreas-edler.de\/blog\/wp-json\/wp\/v2\/categories?post=173067"},{"taxonomy":"post_tag","embeddable":true,"href":"https:\/\/www.andreas-edler.de\/blog\/wp-json\/wp\/v2\/tags?post=173067"}],"curies":[{"name":"wp","href":"https:\/\/api.w.org\/{rel}","templated":true}]}}