{"id":172660,"date":"2025-02-01T23:56:22","date_gmt":"2025-02-01T22:56:22","guid":{"rendered":"https:\/\/www.andreas-edler.de\/blog\/?p=172660"},"modified":"2025-02-02T00:09:32","modified_gmt":"2025-02-01T23:09:32","slug":"hochentaster-im-einsatz","status":"publish","type":"post","link":"https:\/\/www.andreas-edler.de\/blog\/2025\/02\/hochentaster-im-einsatz\/","title":{"rendered":"Hochentaster im Einsatz"},"content":{"rendered":"<p>Bei meiner Schwester steht eine Eiche direkt neben dem Schuppen. Die Eiche habe ich Anfang 20 aus einer kleinen Eichel gezogen und irgendwann an der Stelle eingepflanzt.<\/p>\n<figure id=\"attachment_172662\" aria-describedby=\"caption-attachment-172662\" style=\"width: 470px\" class=\"wp-caption aligncenter\"><a href=\"https:\/\/www.andreas-edler.de\/blog\/wp-content\/uploads\/2025\/02\/199608_punto_02.jpg\"><img loading=\"lazy\" decoding=\"async\" src=\"https:\/\/www.andreas-edler.de\/blog\/wp-content\/uploads\/2025\/02\/199608_punto_02-470x286.jpg\" alt=\"Links sieht man einen kleinen Teil der rechten Seite eines Autos im Hintergrund ist ein Wohnwagen zu sehen und rechts ein Schuppen. In der Mitte dieses Bildes ist ein junger Baum neben einem Holzstapel zu sehen.\" width=\"470\" height=\"286\" class=\"size-large wp-image-172662\" srcset=\"https:\/\/www.andreas-edler.de\/blog\/wp-content\/uploads\/2025\/02\/199608_punto_02-470x286.jpg 470w, https:\/\/www.andreas-edler.de\/blog\/wp-content\/uploads\/2025\/02\/199608_punto_02-250x152.jpg 250w, https:\/\/www.andreas-edler.de\/blog\/wp-content\/uploads\/2025\/02\/199608_punto_02-768x467.jpg 768w, https:\/\/www.andreas-edler.de\/blog\/wp-content\/uploads\/2025\/02\/199608_punto_02-100x61.jpg 100w, https:\/\/www.andreas-edler.de\/blog\/wp-content\/uploads\/2025\/02\/199608_punto_02-150x91.jpg 150w, https:\/\/www.andreas-edler.de\/blog\/wp-content\/uploads\/2025\/02\/199608_punto_02-200x122.jpg 200w, https:\/\/www.andreas-edler.de\/blog\/wp-content\/uploads\/2025\/02\/199608_punto_02-300x183.jpg 300w, https:\/\/www.andreas-edler.de\/blog\/wp-content\/uploads\/2025\/02\/199608_punto_02-450x274.jpg 450w, https:\/\/www.andreas-edler.de\/blog\/wp-content\/uploads\/2025\/02\/199608_punto_02-600x365.jpg 600w, https:\/\/www.andreas-edler.de\/blog\/wp-content\/uploads\/2025\/02\/199608_punto_02-900x548.jpg 900w, https:\/\/www.andreas-edler.de\/blog\/wp-content\/uploads\/2025\/02\/199608_punto_02.jpg 1280w\" sizes=\"auto, (max-width: 470px) 100vw, 470px\" \/><\/a><figcaption id=\"caption-attachment-172662\" class=\"wp-caption-text\">1996 war der Stamm nur daumendick.<\/figcaption><\/figure>\n<p>Vor 28 Jahren war der Baum zwar schon knapp zwei Meter hoch, aber der Stamm nur knapp so dick wie ein Daumen. Inzwischen sieht das etwas anders aus. Den Stamm kann ich schon lange nicht mehr umfassen, die Krone ist sch\u00f6n rund geworden und die Wurzeln dr\u00fccken die Pflastersteine vom Hof hoch. Leider hingen die unteren \u00c4ste auch weit ausladend bis auf den Schuppen meiner Schwester und schupperten auf den Dachpfannen.<\/p>\n<figure id=\"attachment_172661\" aria-describedby=\"caption-attachment-172661\" style=\"width: 470px\" class=\"wp-caption aligncenter\"><a href=\"https:\/\/www.andreas-edler.de\/blog\/wp-content\/uploads\/2025\/02\/threema-20250201-162142030.jpg\"><img loading=\"lazy\" decoding=\"async\" src=\"https:\/\/www.andreas-edler.de\/blog\/wp-content\/uploads\/2025\/02\/threema-20250201-162142030-470x259.jpg\" alt=\"Ein Mann steht auf einer Stehleiter und s\u00e4gt mit einer Kettens\u00e4ge an einem langen Stiel einen tief h\u00e4ngenden Ast von einer ausladenden Eiche ab.\" width=\"470\" height=\"259\" class=\"size-large wp-image-172661\" srcset=\"https:\/\/www.andreas-edler.de\/blog\/wp-content\/uploads\/2025\/02\/threema-20250201-162142030-470x259.jpg 470w, https:\/\/www.andreas-edler.de\/blog\/wp-content\/uploads\/2025\/02\/threema-20250201-162142030-250x138.jpg 250w, https:\/\/www.andreas-edler.de\/blog\/wp-content\/uploads\/2025\/02\/threema-20250201-162142030-768x422.jpg 768w, https:\/\/www.andreas-edler.de\/blog\/wp-content\/uploads\/2025\/02\/threema-20250201-162142030-1536x845.jpg 1536w, https:\/\/www.andreas-edler.de\/blog\/wp-content\/uploads\/2025\/02\/threema-20250201-162142030-100x55.jpg 100w, https:\/\/www.andreas-edler.de\/blog\/wp-content\/uploads\/2025\/02\/threema-20250201-162142030-150x83.jpg 150w, https:\/\/www.andreas-edler.de\/blog\/wp-content\/uploads\/2025\/02\/threema-20250201-162142030-200x110.jpg 200w, https:\/\/www.andreas-edler.de\/blog\/wp-content\/uploads\/2025\/02\/threema-20250201-162142030-300x165.jpg 300w, https:\/\/www.andreas-edler.de\/blog\/wp-content\/uploads\/2025\/02\/threema-20250201-162142030-450x248.jpg 450w, https:\/\/www.andreas-edler.de\/blog\/wp-content\/uploads\/2025\/02\/threema-20250201-162142030-600x330.jpg 600w, https:\/\/www.andreas-edler.de\/blog\/wp-content\/uploads\/2025\/02\/threema-20250201-162142030-900x495.jpg 900w, https:\/\/www.andreas-edler.de\/blog\/wp-content\/uploads\/2025\/02\/threema-20250201-162142030.jpg 1600w\" sizes=\"auto, (max-width: 470px) 100vw, 470px\" \/><\/a><figcaption id=\"caption-attachment-172661\" class=\"wp-caption-text\">Selbst gepflanzt, selbst gestutzt.<\/figcaption><\/figure>\n<p>Nachdem ich das Material und M\u00f6biliar der heutigen Wahlinfost\u00e4nde wieder im Lagerraum verstaut hatte, gab es dann zu Hause erst einen Kaffee zum warm werden und danach wurde der Hochentaster in den Yeti geladen. Meine Schwester hatte gefragt, ob ich die unteren \u00c4ste entfernen k\u00f6nnte, damit da wieder Luft ist. Dauerte gar nicht lange bis das Dach wieder frei war. Danach noch die \u00c4ste zerkleinern und aufr\u00e4umen.<\/p>\n<p>Feierabend f\u00fcr heute!<\/p>\n","protected":false},"excerpt":{"rendered":"<p>Bei meiner Schwester steht eine Eiche direkt neben dem Schuppen. Die Eiche habe ich Anfang 20 aus einer kleinen Eichel gezogen und irgendwann an der Stelle eingepflanzt. Vor 28 Jahren war der Baum zwar schon knapp zwei Meter hoch, aber &hellip;<\/p>\n<p class=\"read-more\"> <a class=\"more-link\" href=\"https:\/\/www.andreas-edler.de\/blog\/2025\/02\/hochentaster-im-einsatz\/\"> <span class=\"screen-reader-text\">Hochentaster im Einsatz<\/span> Weiterlesen &raquo;<\/a><\/p>\n","protected":false},"author":1,"featured_media":0,"comment_status":"open","ping_status":"open","sticky":false,"template":"","format":"standard","meta":{"ngg_post_thumbnail":0,"activitypub_content_warning":"","activitypub_content_visibility":"","activitypub_max_image_attachments":2,"activitypub_interaction_policy_quote":"anyone","activitypub_status":"federated","footnotes":""},"categories":[22],"tags":[48,50,105,201],"class_list":["post-172660","post","type-post","status-publish","format-standard","hentry","category-basteln","tag-arbeit","tag-helfen","tag-holz","tag-werkzeug"],"share_on_mastodon":{"url":"https:\/\/social.tchncs.de\/@filmfacts\/113931097519090545","error":""},"_links":{"self":[{"href":"https:\/\/www.andreas-edler.de\/blog\/wp-json\/wp\/v2\/posts\/172660","targetHints":{"allow":["GET"]}}],"collection":[{"href":"https:\/\/www.andreas-edler.de\/blog\/wp-json\/wp\/v2\/posts"}],"about":[{"href":"https:\/\/www.andreas-edler.de\/blog\/wp-json\/wp\/v2\/types\/post"}],"author":[{"embeddable":true,"href":"https:\/\/www.andreas-edler.de\/blog\/wp-json\/wp\/v2\/users\/1"}],"replies":[{"embeddable":true,"href":"https:\/\/www.andreas-edler.de\/blog\/wp-json\/wp\/v2\/comments?post=172660"}],"version-history":[{"count":0,"href":"https:\/\/www.andreas-edler.de\/blog\/wp-json\/wp\/v2\/posts\/172660\/revisions"}],"wp:attachment":[{"href":"https:\/\/www.andreas-edler.de\/blog\/wp-json\/wp\/v2\/media?parent=172660"}],"wp:term":[{"taxonomy":"category","embeddable":true,"href":"https:\/\/www.andreas-edler.de\/blog\/wp-json\/wp\/v2\/categories?post=172660"},{"taxonomy":"post_tag","embeddable":true,"href":"https:\/\/www.andreas-edler.de\/blog\/wp-json\/wp\/v2\/tags?post=172660"}],"curies":[{"name":"wp","href":"https:\/\/api.w.org\/{rel}","templated":true}]}}