{"id":172645,"date":"2025-01-26T10:45:15","date_gmt":"2025-01-26T09:45:15","guid":{"rendered":"https:\/\/www.andreas-edler.de\/blog\/?p=172645"},"modified":"2025-01-26T10:45:15","modified_gmt":"2025-01-26T09:45:15","slug":"modal-split-in-bad-oeynhausen-frage-fuer-den-ase-am-13-02-2025","status":"publish","type":"post","link":"https:\/\/www.andreas-edler.de\/blog\/2025\/01\/modal-split-in-bad-oeynhausen-frage-fuer-den-ase-am-13-02-2025\/","title":{"rendered":"Modal Split in Bad Oeynhausen &#8211; Frage f\u00fcr den ASE am 13.02.2025"},"content":{"rendered":"<p><cite>Hallo xxxx,<br \/>\n<br \/>\nvor 5 Jahren am 20.05.2020 haben wir im Ausschuss f\u00fcr Stadtentwicklung <a href=\"https:\/\/www.badoeynhausen.sitzung-online.de\/public\/vo020?VOLFDNR=10250\" target=\"_blank\">https:\/\/www.badoeynhausen.sitzung-online.de\/public\/vo020?VOLFDNR=10250<\/a> beschlossen, den MIV in Bad Oeynhausen um mindestens 15% zu reduzieren. Best\u00e4tigt wurde dieser sehr gute und notwendige Beschluss im Rat am 27.05.2020.<br \/>\n<br \/>\n[&#8230;] Es wird beschlossen im Zusammenhang mit dem Beschluss VO\/19\/1668-1 zur Erreichung der Klimaziele und zur Durchf\u00fchrung gro\u00dfer Infrastrukturma\u00dfnahmen (Planungssicherheit) eine Reduzierung des motorisierten Individualverkehrs (MIV) um mindestens 15 % bis zum Jahr 2030 ausgehend vom Jahr 2020 zu erreichen. [&#8230;]<br \/>\n<br \/>\nIch habe damals bereits darauf hingewiesen, dass der Beschluss nur umgesetzt werden kann, wenn man im avisierten Zeitraum den Modal Split regelm\u00e4\u00dfig kontrolliert und dessen Ver\u00e4nderung mit den erfolgten Ma\u00dfnahmen abgleicht. Mir wurde erl\u00e4utert, dass dies selbstverst\u00e4ndlich geschieht.<br \/>\n<br \/>\nDa wir nun ziemlich genau Halbzeit f\u00fcr diesen Beschluss haben, bitte ich um Darstellung des aktuellen Modal Split und wie sich dieser aufgrund welcher erfolgten Ma\u00dfnahmen ver\u00e4ndert hat. Die Zahlen m\u00fcssen ja vorliegen.<br \/>\n<br \/>\nVielen Dank!<br \/>\n<br \/>\nMit freundlichen Gr\u00fc\u00dfen<br \/>\n<br \/>\nAndreas Edler<br \/>\n&#8212;<br \/>\nFraktion &#8222;B\u00dcNDNIS 90\/DIE GR\u00dcNEN&#8220; im Rat der Stadt Bad Oeynhausen<\/cite><\/p>\n","protected":false},"excerpt":{"rendered":"<p>Hallo xxxx, vor 5 Jahren am 20.05.2020 haben wir im Ausschuss f\u00fcr Stadtentwicklung https:\/\/www.badoeynhausen.sitzung-online.de\/public\/vo020?VOLFDNR=10250 beschlossen, den MIV in Bad Oeynhausen um mindestens 15% zu reduzieren. Best\u00e4tigt wurde dieser sehr gute und notwendige Beschluss im Rat am 27.05.2020. [&#8230;] Es wird &hellip;<\/p>\n<p class=\"read-more\"> <a class=\"more-link\" href=\"https:\/\/www.andreas-edler.de\/blog\/2025\/01\/modal-split-in-bad-oeynhausen-frage-fuer-den-ase-am-13-02-2025\/\"> <span class=\"screen-reader-text\">Modal Split in Bad Oeynhausen &#8211; Frage f\u00fcr den ASE am 13.02.2025<\/span> Weiterlesen &raquo;<\/a><\/p>\n","protected":false},"author":1,"featured_media":0,"comment_status":"open","ping_status":"open","sticky":false,"template":"","format":"standard","meta":{"ngg_post_thumbnail":0,"activitypub_content_warning":"","activitypub_content_visibility":"","activitypub_max_image_attachments":2,"activitypub_interaction_policy_quote":"anyone","activitypub_status":"federated","footnotes":""},"categories":[14,45,13],"tags":[178,237,37,168,608,34,480,333,77,374],"class_list":["post-172645","post","type-post","status-publish","format-standard","hentry","category-bad-oeynhausen","category-politik","category-verkehr","tag-anfragen","tag-ausschuss-fuer-stadtentwicklung","tag-auto","tag-klimafreundliche-mobilitaet","tag-kommunalpolitik","tag-kommunikation","tag-miv","tag-radverkehrskonzept","tag-stadtrat","tag-verkehrswende"],"share_on_mastodon":{"url":"https:\/\/social.tchncs.de\/@filmfacts\/113894012734503100","error":""},"_links":{"self":[{"href":"https:\/\/www.andreas-edler.de\/blog\/wp-json\/wp\/v2\/posts\/172645","targetHints":{"allow":["GET"]}}],"collection":[{"href":"https:\/\/www.andreas-edler.de\/blog\/wp-json\/wp\/v2\/posts"}],"about":[{"href":"https:\/\/www.andreas-edler.de\/blog\/wp-json\/wp\/v2\/types\/post"}],"author":[{"embeddable":true,"href":"https:\/\/www.andreas-edler.de\/blog\/wp-json\/wp\/v2\/users\/1"}],"replies":[{"embeddable":true,"href":"https:\/\/www.andreas-edler.de\/blog\/wp-json\/wp\/v2\/comments?post=172645"}],"version-history":[{"count":0,"href":"https:\/\/www.andreas-edler.de\/blog\/wp-json\/wp\/v2\/posts\/172645\/revisions"}],"wp:attachment":[{"href":"https:\/\/www.andreas-edler.de\/blog\/wp-json\/wp\/v2\/media?parent=172645"}],"wp:term":[{"taxonomy":"category","embeddable":true,"href":"https:\/\/www.andreas-edler.de\/blog\/wp-json\/wp\/v2\/categories?post=172645"},{"taxonomy":"post_tag","embeddable":true,"href":"https:\/\/www.andreas-edler.de\/blog\/wp-json\/wp\/v2\/tags?post=172645"}],"curies":[{"name":"wp","href":"https:\/\/api.w.org\/{rel}","templated":true}]}}