{"id":172630,"date":"2025-01-19T22:31:50","date_gmt":"2025-01-19T21:31:50","guid":{"rendered":"https:\/\/www.andreas-edler.de\/blog\/?p=172630"},"modified":"2025-01-19T22:31:50","modified_gmt":"2025-01-19T21:31:50","slug":"google-pixel-9-pro","status":"publish","type":"post","link":"https:\/\/www.andreas-edler.de\/blog\/2025\/01\/google-pixel-9-pro\/","title":{"rendered":"Google Pixel 9 Pro"},"content":{"rendered":"<p>Im April 2022 habe ich das Google Pixel 6 bestellt und kurz darauf auch geliefert bekommen. Das ist schon fast drei Jahre her und ich kann mich nicht erinnern, wann ich ein Handy\/Smartphone zuvor so lange genutzt habe. Das Pixel 6 war auch nicht wirklich kaputt, es gefiel mir sogar eigentlich noch immer sehr gut. Aber weil ich schlecht gelaunt war, Aufheiterung brauchte und das Pixel 6 Smartphone vor ein paar Tagen ein bisschen verr\u00fcckt spielte &#8211; der Akku wurde hei\u00df, entlud in Rekordzeit &#8211; und mich seit dem Kauf die Gr\u00f6\u00dfe sowieso ein ganz klein wenig st\u00f6rte, habe ich nach einer kurzen R\u00fccksprache mit der besseren H\u00e4lfte beim aktuellen Nachfolger auf &#8222;bestellen&#8220; geklickt.<\/p>\n<p>In der letzten Woche kam das neue Ger\u00e4t und ich habe am n\u00e4chsten Tag das alte Pixel 6 als Inzahlungnahme zur\u00fcck an Google gesendet. Das 9er ist kleiner als mein altes Ger\u00e4t, das gef\u00e4llt mir gut. Der Rest ist exakt so, wie beim 6er. Es f\u00fchlt sich nicht fl\u00fcssiger an, es hat nicht mehr Funktionen, es ist kein Unterschied im Handling festzustellen. Da war ich schon ein kleines bisschen entt\u00e4uscht. Das ich das Ger\u00e4t per Gesichtserkennung entsperren kann, ist schon recht nett, macht aber nur den tr\u00e4ge reagierenden Fingerabdrucksensor wett. Wobei der m\u00f6glicherweise tr\u00e4ge ist, weil ich eine matte Panzerglasfolie auf das Display gepappt habe.<\/p>\n<figure id=\"attachment_172634\" aria-describedby=\"caption-attachment-172634\" style=\"width: 470px\" class=\"wp-caption aligncenter\"><a href=\"https:\/\/www.andreas-edler.de\/blog\/wp-content\/uploads\/2025\/01\/2025-01-19-12.59.55.jpg\"><img loading=\"lazy\" decoding=\"async\" src=\"https:\/\/www.andreas-edler.de\/blog\/wp-content\/uploads\/2025\/01\/2025-01-19-12.59.55-470x232.jpg\" alt=\"Zwischen zwei H\u00fcgelketten quillt Nebel durch das Tal. Im Vordergrund sieht man B\u00e4ume und H\u00e4user.\" width=\"470\" height=\"232\" class=\"size-large wp-image-172634\" srcset=\"https:\/\/www.andreas-edler.de\/blog\/wp-content\/uploads\/2025\/01\/2025-01-19-12.59.55-470x232.jpg 470w, https:\/\/www.andreas-edler.de\/blog\/wp-content\/uploads\/2025\/01\/2025-01-19-12.59.55-250x123.jpg 250w, https:\/\/www.andreas-edler.de\/blog\/wp-content\/uploads\/2025\/01\/2025-01-19-12.59.55-768x379.jpg 768w, https:\/\/www.andreas-edler.de\/blog\/wp-content\/uploads\/2025\/01\/2025-01-19-12.59.55-1536x757.jpg 1536w, https:\/\/www.andreas-edler.de\/blog\/wp-content\/uploads\/2025\/01\/2025-01-19-12.59.55-2048x1010.jpg 2048w, https:\/\/www.andreas-edler.de\/blog\/wp-content\/uploads\/2025\/01\/2025-01-19-12.59.55-100x49.jpg 100w, https:\/\/www.andreas-edler.de\/blog\/wp-content\/uploads\/2025\/01\/2025-01-19-12.59.55-150x74.jpg 150w, https:\/\/www.andreas-edler.de\/blog\/wp-content\/uploads\/2025\/01\/2025-01-19-12.59.55-200x99.jpg 200w, https:\/\/www.andreas-edler.de\/blog\/wp-content\/uploads\/2025\/01\/2025-01-19-12.59.55-300x148.jpg 300w, https:\/\/www.andreas-edler.de\/blog\/wp-content\/uploads\/2025\/01\/2025-01-19-12.59.55-450x222.jpg 450w, https:\/\/www.andreas-edler.de\/blog\/wp-content\/uploads\/2025\/01\/2025-01-19-12.59.55-600x296.jpg 600w, https:\/\/www.andreas-edler.de\/blog\/wp-content\/uploads\/2025\/01\/2025-01-19-12.59.55-900x444.jpg 900w\" sizes=\"auto, (max-width: 470px) 100vw, 470px\" \/><\/a><figcaption id=\"caption-attachment-172634\" class=\"wp-caption-text\">Die Porta Westfalica l\u00e4sst den Nebel aus Minden nach OWL rein.<\/figcaption><\/figure>\n<p>Ein Grund warum ich das neue Ger\u00e4t haben wollte war, neben den in weniger als 2 Jahren auslaufenden Updates beim Pixel 6, die Kamera. Und der Grund f\u00fcr das &#8222;Pro&#8220; war das optische Zoom. Ich fotografiere schon recht viel, wenn auch nur Schnappsch\u00fcsse. Aber der Zoom hat mir beim 6er schon manchmal gefehlt. Heute bin ich mit dem \u00e4ltesten Nachwuchs von meiner Mama nach Hause gefahren und sah von der Lohe aus, wie der Nebel durch die Porta Westfalica str\u00f6mte. Da war ich mit dem neuen Smartphone dann doch recht zufrieden.<\/p>\n","protected":false},"excerpt":{"rendered":"<p>Im April 2022 habe ich das Google Pixel 6 bestellt und kurz darauf auch geliefert bekommen. Das ist schon fast drei Jahre her und ich kann mich nicht erinnern, wann ich ein Handy\/Smartphone zuvor so lange genutzt habe. Das Pixel &hellip;<\/p>\n<p class=\"read-more\"> <a class=\"more-link\" href=\"https:\/\/www.andreas-edler.de\/blog\/2025\/01\/google-pixel-9-pro\/\"> <span class=\"screen-reader-text\">Google Pixel 9 Pro<\/span> Weiterlesen &raquo;<\/a><\/p>\n","protected":false},"author":1,"featured_media":172631,"comment_status":"open","ping_status":"open","sticky":false,"template":"","format":"standard","meta":{"ngg_post_thumbnail":0,"activitypub_content_warning":"","activitypub_content_visibility":"","activitypub_max_image_attachments":2,"activitypub_interaction_policy_quote":"anyone","activitypub_status":"federated","footnotes":""},"categories":[1],"tags":[107,4,496,64,189,28],"class_list":["post-172630","post","type-post","status-publish","format-standard","has-post-thumbnail","hentry","category-allgemein","tag-android","tag-foto","tag-google","tag-konsum","tag-smartphone","tag-test"],"share_on_mastodon":{"url":"https:\/\/social.tchncs.de\/@filmfacts\/113857155115486157","error":""},"_links":{"self":[{"href":"https:\/\/www.andreas-edler.de\/blog\/wp-json\/wp\/v2\/posts\/172630","targetHints":{"allow":["GET"]}}],"collection":[{"href":"https:\/\/www.andreas-edler.de\/blog\/wp-json\/wp\/v2\/posts"}],"about":[{"href":"https:\/\/www.andreas-edler.de\/blog\/wp-json\/wp\/v2\/types\/post"}],"author":[{"embeddable":true,"href":"https:\/\/www.andreas-edler.de\/blog\/wp-json\/wp\/v2\/users\/1"}],"replies":[{"embeddable":true,"href":"https:\/\/www.andreas-edler.de\/blog\/wp-json\/wp\/v2\/comments?post=172630"}],"version-history":[{"count":0,"href":"https:\/\/www.andreas-edler.de\/blog\/wp-json\/wp\/v2\/posts\/172630\/revisions"}],"wp:featuredmedia":[{"embeddable":true,"href":"https:\/\/www.andreas-edler.de\/blog\/wp-json\/wp\/v2\/media\/172631"}],"wp:attachment":[{"href":"https:\/\/www.andreas-edler.de\/blog\/wp-json\/wp\/v2\/media?parent=172630"}],"wp:term":[{"taxonomy":"category","embeddable":true,"href":"https:\/\/www.andreas-edler.de\/blog\/wp-json\/wp\/v2\/categories?post=172630"},{"taxonomy":"post_tag","embeddable":true,"href":"https:\/\/www.andreas-edler.de\/blog\/wp-json\/wp\/v2\/tags?post=172630"}],"curies":[{"name":"wp","href":"https:\/\/api.w.org\/{rel}","templated":true}]}}