{"id":172626,"date":"2025-01-19T20:35:45","date_gmt":"2025-01-19T19:35:45","guid":{"rendered":"https:\/\/www.andreas-edler.de\/blog\/?p=172626"},"modified":"2025-01-19T20:35:45","modified_gmt":"2025-01-19T19:35:45","slug":"standardersatzteile-am-fahrrad-erleichtern-die-reparatur","status":"publish","type":"post","link":"https:\/\/www.andreas-edler.de\/blog\/2025\/01\/standardersatzteile-am-fahrrad-erleichtern-die-reparatur\/","title":{"rendered":"Standardersatzteile am Fahrrad erleichtern die Reparatur"},"content":{"rendered":"<p>Ich finde es sehr gut, wenn an einem Fahrrad Teile verbaut sind, die man einfach in jedem Laden kaufen kann. Vielleicht nicht unbedingt in der gew\u00fcnschten Farbe oder exakt der gew\u00fcnschten gr\u00f6\u00dfe, aber eben so, dass ich es nutzen kann. Das ist zum Beispiel ein Grund, warum ich mir nie ein Van Moof kaufen w\u00fcrde, wenn denn ein Pedelec anst\u00fcnde.<\/p>\n<figure id=\"attachment_172627\" aria-describedby=\"caption-attachment-172627\" style=\"width: 470px\" class=\"wp-caption aligncenter\"><a href=\"https:\/\/www.andreas-edler.de\/blog\/wp-content\/uploads\/2025\/01\/2025-01-19-18.51.00.jpg\"><img loading=\"lazy\" decoding=\"async\" src=\"https:\/\/www.andreas-edler.de\/blog\/wp-content\/uploads\/2025\/01\/2025-01-19-18.51.00-470x284.jpg\" alt=\"Man sieht den hinteren Teil eines Gep\u00e4cktr\u00e4gers an einem Fahrrad. Das Schutzblech ist direkt hinter einer Befestigungsschraube abgebrochen und h\u00e4ngt, nur noch vom Anschlusskabel der R\u00fccklichts gehalten, herunter.\" width=\"470\" height=\"284\" class=\"size-large wp-image-172627\" srcset=\"https:\/\/www.andreas-edler.de\/blog\/wp-content\/uploads\/2025\/01\/2025-01-19-18.51.00-470x284.jpg 470w, https:\/\/www.andreas-edler.de\/blog\/wp-content\/uploads\/2025\/01\/2025-01-19-18.51.00-250x151.jpg 250w, https:\/\/www.andreas-edler.de\/blog\/wp-content\/uploads\/2025\/01\/2025-01-19-18.51.00-768x464.jpg 768w, https:\/\/www.andreas-edler.de\/blog\/wp-content\/uploads\/2025\/01\/2025-01-19-18.51.00-1536x928.jpg 1536w, https:\/\/www.andreas-edler.de\/blog\/wp-content\/uploads\/2025\/01\/2025-01-19-18.51.00-2048x1237.jpg 2048w, https:\/\/www.andreas-edler.de\/blog\/wp-content\/uploads\/2025\/01\/2025-01-19-18.51.00-100x60.jpg 100w, https:\/\/www.andreas-edler.de\/blog\/wp-content\/uploads\/2025\/01\/2025-01-19-18.51.00-150x91.jpg 150w, https:\/\/www.andreas-edler.de\/blog\/wp-content\/uploads\/2025\/01\/2025-01-19-18.51.00-200x121.jpg 200w, https:\/\/www.andreas-edler.de\/blog\/wp-content\/uploads\/2025\/01\/2025-01-19-18.51.00-300x181.jpg 300w, https:\/\/www.andreas-edler.de\/blog\/wp-content\/uploads\/2025\/01\/2025-01-19-18.51.00-450x272.jpg 450w, https:\/\/www.andreas-edler.de\/blog\/wp-content\/uploads\/2025\/01\/2025-01-19-18.51.00-600x362.jpg 600w, https:\/\/www.andreas-edler.de\/blog\/wp-content\/uploads\/2025\/01\/2025-01-19-18.51.00-900x544.jpg 900w\" sizes=\"auto, (max-width: 470px) 100vw, 470px\" \/><\/a><figcaption id=\"caption-attachment-172627\" class=\"wp-caption-text\">Bei Frost leider leicht br\u00fcchig: Schutzblech aus Kunststoff<\/figcaption><\/figure>\n<p>Wir kamen eben mit dem Fahrrad vom D-Jugend-Handballspiel von Nachwuch 2.0 zur\u00fcck und es war ein bisschen frostig. Beim Verstauen der Fahr\u00e4der im Schuppen stupste der kleine Junge mein <a href=\"https:\/\/www.andreas-edler.de\/blog\/2023\/10\/serious-gravix-pro-650b\/\" target=\"_blank\">Gravelbike<\/a> an, das fiel zur Seite und sehr ungl\u00fccklich auf das Schutzblech von seinem Cube und man h\u00f6rte ein helles &#8222;Klack&#8220;. Ich und der Junge hatten Sorge an meinem Rad w\u00e4re was kaputt. Stellte sich aber raus, dass das gefrostete Kunststoffschutzblech seines Rades abgebrochen war. Direkt hinter einer Befestigungsschraube. Es hing nur noch am Anschlusskabel des R\u00fccklichts.<\/p>\n<p>W\u00e4re es nun ein normales Schutzblech, h\u00e4tte ich mit den Schultern gezuckt und das abgebrochene Teil an die Seite gelegt. Leider ist es das nicht. Der Spritzschutz ist gleichzeitig die Halterung f\u00fcr den Gep\u00e4cktr\u00e4ger. Das war bei meinem Bergamont schon so und ich fand es doof! Gl\u00fccklicherweise war der Bruch genau hinter der Befestigung des Tr\u00e4gers, so dass dieser noch fest sa\u00df. Leider ist auch das R\u00fccklicht im Schutzblech integriert. So konnte der Junge also nicht mehr fahren.<\/p>\n<p>Rad in den Keller getragen und geschaut was zu tun ist. Zun\u00e4chst habe ich es mit Sekundenkleber versucht. Allerdings war das von praktisch keinem Erfolg gekr\u00f6nt. Habe ich mir fast gedacht. Gute Laune hatte ich nicht, weil ich eigentlich das Deutschlandspiel schauen wollte. Aber der Junge braucht ja ein Fahrzeug f\u00fcr die Schule. In den diversen W\u00fchlkisten habe ich ein halbwegs passendes Blech gefunden, welches praktischerweise schon ziemlich gut platzierte Bohrungen aufwies und nicht zu klobig war. Anhalten, anzeichnen, zwei L\u00f6cher bohren und passende Schrauben nebst selbstsichernden Muttern aus den Kistchen und K\u00e4stchen klauben.<\/p>\n<p>Danach noch ein bisschen fluchen beim fummeligen Zusammenschrauben, aber nun sitzt der abgebrochene Stummel wieder, das Licht leuchtet und der Spritzschutz wird vor Spritzern sch\u00fctzen. Ich vermute, er ist sogar stabiler als vorher! Und ich muss nichts Neues kaufen.<\/p>\n","protected":false},"excerpt":{"rendered":"<p>Ich finde es sehr gut, wenn an einem Fahrrad Teile verbaut sind, die man einfach in jedem Laden kaufen kann. Vielleicht nicht unbedingt in der gew\u00fcnschten Farbe oder exakt der gew\u00fcnschten gr\u00f6\u00dfe, aber eben so, dass ich es nutzen kann. &hellip;<\/p>\n<p class=\"read-more\"> <a class=\"more-link\" href=\"https:\/\/www.andreas-edler.de\/blog\/2025\/01\/standardersatzteile-am-fahrrad-erleichtern-die-reparatur\/\"> <span class=\"screen-reader-text\">Standardersatzteile am Fahrrad erleichtern die Reparatur<\/span> Weiterlesen &raquo;<\/a><\/p>\n","protected":false},"author":1,"featured_media":0,"comment_status":"open","ping_status":"open","sticky":false,"template":"","format":"standard","meta":{"ngg_post_thumbnail":0,"activitypub_content_warning":"","activitypub_content_visibility":"","activitypub_max_image_attachments":2,"activitypub_interaction_policy_quote":"anyone","activitypub_status":"federated","footnotes":""},"categories":[22,18],"tags":[64,511,510,186,612,316,33],"class_list":["post-172626","post","type-post","status-publish","format-standard","hentry","category-basteln","category-fraglich","tag-konsum","tag-mdrzs","tag-mit-dem-rad-zur-schule","tag-nachwuchs-2-0","tag-papa","tag-reparieren","tag-service"],"share_on_mastodon":{"url":"https:\/\/social.tchncs.de\/@filmfacts\/113856698557768774","error":""},"_links":{"self":[{"href":"https:\/\/www.andreas-edler.de\/blog\/wp-json\/wp\/v2\/posts\/172626","targetHints":{"allow":["GET"]}}],"collection":[{"href":"https:\/\/www.andreas-edler.de\/blog\/wp-json\/wp\/v2\/posts"}],"about":[{"href":"https:\/\/www.andreas-edler.de\/blog\/wp-json\/wp\/v2\/types\/post"}],"author":[{"embeddable":true,"href":"https:\/\/www.andreas-edler.de\/blog\/wp-json\/wp\/v2\/users\/1"}],"replies":[{"embeddable":true,"href":"https:\/\/www.andreas-edler.de\/blog\/wp-json\/wp\/v2\/comments?post=172626"}],"version-history":[{"count":0,"href":"https:\/\/www.andreas-edler.de\/blog\/wp-json\/wp\/v2\/posts\/172626\/revisions"}],"wp:attachment":[{"href":"https:\/\/www.andreas-edler.de\/blog\/wp-json\/wp\/v2\/media?parent=172626"}],"wp:term":[{"taxonomy":"category","embeddable":true,"href":"https:\/\/www.andreas-edler.de\/blog\/wp-json\/wp\/v2\/categories?post=172626"},{"taxonomy":"post_tag","embeddable":true,"href":"https:\/\/www.andreas-edler.de\/blog\/wp-json\/wp\/v2\/tags?post=172626"}],"curies":[{"name":"wp","href":"https:\/\/api.w.org\/{rel}","templated":true}]}}