{"id":172603,"date":"2025-01-09T21:04:33","date_gmt":"2025-01-09T20:04:33","guid":{"rendered":"https:\/\/www.andreas-edler.de\/blog\/?p=172603"},"modified":"2025-01-09T21:04:33","modified_gmt":"2025-01-09T20:04:33","slug":"oepnv-schuelerverkehr-bei-leichtem-schneefall","status":"publish","type":"post","link":"https:\/\/www.andreas-edler.de\/blog\/2025\/01\/oepnv-schuelerverkehr-bei-leichtem-schneefall\/","title":{"rendered":"\u00d6PNV Sch\u00fclerverkehr bei leichtem Schneefall"},"content":{"rendered":"<p>Heute Nachmittag leitete das Sekretariat des Immanuel-Kant-Gymnasium eine Mail der Transdev an die Eltern weiter, in welchem angek\u00fcndigt wurde, dass es aufgrund des &#8222;starken Schneefalls&#8220; zu massiven Versp\u00e4tungen kommen wird und dass einige Kollegen in Bad Oeynhausen und Porta Westfalica den Verkehr aus Sicherheitsgr\u00fcnden bereits eingestellt h\u00e4tten. In Porta Westfalica muss es dann ja katastrophal ausgesehen haben, in Bad Oeynhausen kann ich das nicht ansatzweise nachvollziehen.<\/p>\n<p>Folgende Mail habe ich eben an Transdev, MHV und die Verwaltung versendet:<\/p>\n<p><cite>Hallo XXX,<br \/>\n<br \/>\nam Nachmittag erreichte mich \u00fcber das Sekretariat des IKG folgende Mail:<br \/>\n<br \/>\n[&#8230;] zitierte Elterninfo [&#8230;]<br \/>\n<br \/>\nEtliche Sch\u00fcler des IKG konnten somit nicht mit dem Bus nach Hause fahren, sondern mussten von den Eltern abgeholt werden oder zu Fu\u00df gehen. Je nach Wohnort kann der Fu\u00dfweg durchaus auch l\u00e4nger sein.<br \/>\n<br \/>\nEs ist nat\u00fcrlich einzusehen, dass es sinnvoller ist, zwei Dutzend Elterntaxis durch die Gegend fahren zu lassen, statt einen Bus. Im \u00dcbrigen konnten diese die Fahrten auch ohne Massenunf\u00e4lle erledigen.<br \/>\n<br \/>\nIch bin zur fraglichen Zeit mit dem Fahrrad Teile der Strecke der Linie 461 gefahren und obwohl die Stadtwerke wie \u00fcblich die Radwege nicht ger\u00e4umt haben, hatte ich keinerlei Probleme. Die Fahrbahnen waren sogar komplett frei. Die Situation am etwas sp\u00e4teren Nachmittag und auch abends war sogar besser. Wir hatten nicht einmal ansatzweise starken Schneefall. In den vergangenen Jahren sind Busse definitiv bei deutlich mehr Schneefall gefahren.<br \/>\n<br \/>\nEhrlich gesagt f\u00fchle ich mich von der Mail angesichts der Wetterlage ein bisschen verschaukelt. Wir zahlen als Stadt Millionen f\u00fcr den \u00d6PNV und wenn eine Schneeflocke f\u00e4llt, wird dieser eingestellt. Zumindest f\u00fcr den heutigen Tag ist es \u00fcberhaupt nicht nachvollziehbar. Was machen Sie denn, wenn mal Winter ist? Bei ordnungsgem\u00e4\u00dfer Ausr\u00fcstung der Fahrzeuge d\u00fcrfte der heutige Tag kein Problem dargestellt haben.<br \/>\n<br \/>\nViele Gr\u00fc\u00dfe<\/cite><\/p>\n<p>Eine Freundin hat mehrer Mitsch\u00fcler\/innen ihrer Tochter mit nach Hause genommen und auch andere Eltern sind gefahren. Ich kann es f\u00fcr den heutigen Tag wirklich nicht nachvollziehen. Haben die Busse keine Winterreifen drauf?<\/p>\n","protected":false},"excerpt":{"rendered":"<p>Heute Nachmittag leitete das Sekretariat des Immanuel-Kant-Gymnasium eine Mail der Transdev an die Eltern weiter, in welchem angek\u00fcndigt wurde, dass es aufgrund des &#8222;starken Schneefalls&#8220; zu massiven Versp\u00e4tungen kommen wird und dass einige Kollegen in Bad Oeynhausen und Porta Westfalica &hellip;<\/p>\n<p class=\"read-more\"> <a class=\"more-link\" href=\"https:\/\/www.andreas-edler.de\/blog\/2025\/01\/oepnv-schuelerverkehr-bei-leichtem-schneefall\/\"> <span class=\"screen-reader-text\">\u00d6PNV Sch\u00fclerverkehr bei leichtem Schneefall<\/span> Weiterlesen &raquo;<\/a><\/p>\n","protected":false},"author":1,"featured_media":0,"comment_status":"open","ping_status":"open","sticky":false,"template":"","format":"standard","meta":{"ngg_post_thumbnail":0,"activitypub_content_warning":"","activitypub_content_visibility":"","activitypub_max_image_attachments":2,"activitypub_interaction_policy_quote":"anyone","activitypub_status":"federated","footnotes":""},"categories":[14,13],"tags":[34,191,474,33,53],"class_list":["post-172603","post","type-post","status-publish","format-standard","hentry","category-bad-oeynhausen","category-verkehr","tag-kommunikation","tag-oepnv","tag-schulweg","tag-service","tag-wetter"],"share_on_mastodon":{"url":"https:\/\/social.tchncs.de\/@filmfacts\/113800188631153811","error":""},"_links":{"self":[{"href":"https:\/\/www.andreas-edler.de\/blog\/wp-json\/wp\/v2\/posts\/172603","targetHints":{"allow":["GET"]}}],"collection":[{"href":"https:\/\/www.andreas-edler.de\/blog\/wp-json\/wp\/v2\/posts"}],"about":[{"href":"https:\/\/www.andreas-edler.de\/blog\/wp-json\/wp\/v2\/types\/post"}],"author":[{"embeddable":true,"href":"https:\/\/www.andreas-edler.de\/blog\/wp-json\/wp\/v2\/users\/1"}],"replies":[{"embeddable":true,"href":"https:\/\/www.andreas-edler.de\/blog\/wp-json\/wp\/v2\/comments?post=172603"}],"version-history":[{"count":0,"href":"https:\/\/www.andreas-edler.de\/blog\/wp-json\/wp\/v2\/posts\/172603\/revisions"}],"wp:attachment":[{"href":"https:\/\/www.andreas-edler.de\/blog\/wp-json\/wp\/v2\/media?parent=172603"}],"wp:term":[{"taxonomy":"category","embeddable":true,"href":"https:\/\/www.andreas-edler.de\/blog\/wp-json\/wp\/v2\/categories?post=172603"},{"taxonomy":"post_tag","embeddable":true,"href":"https:\/\/www.andreas-edler.de\/blog\/wp-json\/wp\/v2\/tags?post=172603"}],"curies":[{"name":"wp","href":"https:\/\/api.w.org\/{rel}","templated":true}]}}