{"id":172564,"date":"2024-12-18T23:59:22","date_gmt":"2024-12-18T22:59:22","guid":{"rendered":"https:\/\/www.andreas-edler.de\/blog\/?p=172564"},"modified":"2024-12-23T16:47:24","modified_gmt":"2024-12-23T15:47:24","slug":"wenn-sie-es-doch-eilig-hat","status":"publish","type":"post","link":"https:\/\/www.andreas-edler.de\/blog\/2024\/12\/wenn-sie-es-doch-eilig-hat\/","title":{"rendered":"Wenn sie es doch eilig hat?"},"content":{"rendered":"<p>Keinerlei Unrechtsbewusstsein hatte die Fahrerin dieses Wagens, mit dem sie ihr Kind zur Grundschule fuhr. Nachdem <a href=\"https:\/\/www.andreas-edler.de\/blog\/2024\/12\/einfach-abgebogen-und-fast-gerammt\/\" target=\"_blank\">der Van mich an der Kreuzung der Stein- und K\u00f6nigstra\u00dfe schon fast vom Rad geholt hat<\/a>, versuchte es die Frau ein paar hundert Meter weiter auch einmal.<\/p>\n<figure id=\"attachment_172565\" aria-describedby=\"caption-attachment-172565\" style=\"width: 470px\" class=\"wp-caption aligncenter\"><a href=\"https:\/\/www.andreas-edler.de\/blog\/wp-content\/uploads\/2024\/12\/2024-12-18-koenigstrasse_frau_ueberholt_wie_wild.jpg\"><img loading=\"lazy\" decoding=\"async\" src=\"https:\/\/www.andreas-edler.de\/blog\/wp-content\/uploads\/2024\/12\/2024-12-18-koenigstrasse_frau_ueberholt_wie_wild-470x209.jpg\" alt=\"Um Haaresbreite rammt die Fahrerin eines Kfz einen Radfahrer nicht. Zwischen Lenkerende und Beifahrerseite des Autos bleiben wenige Zentimeter Platz. Das Bild ist von einer am Lenker montierten Dashcam aufgenommen.\" width=\"470\" height=\"209\" class=\"size-large wp-image-172565\" srcset=\"https:\/\/www.andreas-edler.de\/blog\/wp-content\/uploads\/2024\/12\/2024-12-18-koenigstrasse_frau_ueberholt_wie_wild-470x209.jpg 470w, https:\/\/www.andreas-edler.de\/blog\/wp-content\/uploads\/2024\/12\/2024-12-18-koenigstrasse_frau_ueberholt_wie_wild-250x111.jpg 250w, https:\/\/www.andreas-edler.de\/blog\/wp-content\/uploads\/2024\/12\/2024-12-18-koenigstrasse_frau_ueberholt_wie_wild-768x342.jpg 768w, https:\/\/www.andreas-edler.de\/blog\/wp-content\/uploads\/2024\/12\/2024-12-18-koenigstrasse_frau_ueberholt_wie_wild-100x45.jpg 100w, https:\/\/www.andreas-edler.de\/blog\/wp-content\/uploads\/2024\/12\/2024-12-18-koenigstrasse_frau_ueberholt_wie_wild-150x67.jpg 150w, https:\/\/www.andreas-edler.de\/blog\/wp-content\/uploads\/2024\/12\/2024-12-18-koenigstrasse_frau_ueberholt_wie_wild-200x89.jpg 200w, https:\/\/www.andreas-edler.de\/blog\/wp-content\/uploads\/2024\/12\/2024-12-18-koenigstrasse_frau_ueberholt_wie_wild-300x134.jpg 300w, https:\/\/www.andreas-edler.de\/blog\/wp-content\/uploads\/2024\/12\/2024-12-18-koenigstrasse_frau_ueberholt_wie_wild-450x200.jpg 450w, https:\/\/www.andreas-edler.de\/blog\/wp-content\/uploads\/2024\/12\/2024-12-18-koenigstrasse_frau_ueberholt_wie_wild-600x267.jpg 600w, https:\/\/www.andreas-edler.de\/blog\/wp-content\/uploads\/2024\/12\/2024-12-18-koenigstrasse_frau_ueberholt_wie_wild-900x401.jpg 900w, https:\/\/www.andreas-edler.de\/blog\/wp-content\/uploads\/2024\/12\/2024-12-18-koenigstrasse_frau_ueberholt_wie_wild.jpg 1280w\" sizes=\"auto, (max-width: 470px) 100vw, 470px\" \/><\/a><figcaption id=\"caption-attachment-172565\" class=\"wp-caption-text\">Ein bisschen n\u00e4her w\u00e4re noch gegangen. Aber nicht viel.<\/figcaption><\/figure>\n<p>Als ich <a href=\"https:\/\/www.andreas-edler.de\/blog\/2024\/12\/einfach-abgebogen-und-fast-gerammt\/\" target=\"_blank\">mit dem Vanfahrer sprach<\/a>, stand sie hinter dem Lieferwagen und war wild am Hupen. Danach hat sie mich erneut aggressiv hupend \u00fcberholt. Bin hinter ihr her gefahren und wollte mit ihr reden. Daraus ist allerdings nichts geworden, weil die Dame nur am Schreien war. Total unangenehme, uneinsichtige und augenscheinlich auch gef\u00e4hrliche Mitb\u00fcrgerin. Warum d\u00fcrfen solche Menschen Auto fahren. Sie wusste auch ganz genau, was sie getan hatte, meckerte mich aber daf\u00fcr an, dass ich mit dem Fahrer des Vans vor ihr &#8222;Smalltalk&#8220; gehalten h\u00e4tte. Andere Menschen h\u00e4tten was zu tun. Ja, habe ich gemerkt. Zum Beispiel mich fast ins Krankenhaus bef\u00f6rdern. W\u00e4re ja nun nicht passiert und ich w\u00fcrde ja noch leben, war ihre Antwort darauf.<\/p>\n<p>Es ist einfach unglaublich. Und die Polizei im Kreis (und nat\u00fcrlich auch anderswo) tut nichts gegen solche Vorf\u00e4lle. Im Gegenteil, das &#8222;Ist doch nichts passiert. Was wollen sie \u00fcberhaupt?&#8220; wurde mir auf der Wache in Bad Oeynhausen auch schon gesagt.<\/p>\n","protected":false},"excerpt":{"rendered":"<p>Keinerlei Unrechtsbewusstsein hatte die Fahrerin dieses Wagens, mit dem sie ihr Kind zur Grundschule fuhr. Nachdem der Van mich an der Kreuzung der Stein- und K\u00f6nigstra\u00dfe schon fast vom Rad geholt hat, versuchte es die Frau ein paar hundert Meter &hellip;<\/p>\n<p class=\"read-more\"> <a class=\"more-link\" href=\"https:\/\/www.andreas-edler.de\/blog\/2024\/12\/wenn-sie-es-doch-eilig-hat\/\"> <span class=\"screen-reader-text\">Wenn sie es doch eilig hat?<\/span> Weiterlesen &raquo;<\/a><\/p>\n","protected":false},"author":1,"featured_media":0,"comment_status":"open","ping_status":"open","sticky":false,"template":"","format":"standard","meta":{"ngg_post_thumbnail":0,"activitypub_content_warning":"","activitypub_content_visibility":"","activitypub_max_image_attachments":2,"activitypub_interaction_policy_quote":"anyone","activitypub_status":"federated","footnotes":""},"categories":[14,15,13],"tags":[63,460,412,158,127,71,260,445,461],"class_list":["post-172564","post","type-post","status-publish","format-standard","hentry","category-bad-oeynhausen","category-fahrrad","category-verkehr","tag-benehmen","tag-koenigstrasse","tag-mdrza","tag-mit-dem-rad-zur-arbeit","tag-polizei","tag-regeln","tag-stvo","tag-ueberholabstand","tag-ueberholzwang"],"share_on_mastodon":{"url":"https:\/\/social.tchncs.de\/@filmfacts\/113702918233586026","error":""},"_links":{"self":[{"href":"https:\/\/www.andreas-edler.de\/blog\/wp-json\/wp\/v2\/posts\/172564","targetHints":{"allow":["GET"]}}],"collection":[{"href":"https:\/\/www.andreas-edler.de\/blog\/wp-json\/wp\/v2\/posts"}],"about":[{"href":"https:\/\/www.andreas-edler.de\/blog\/wp-json\/wp\/v2\/types\/post"}],"author":[{"embeddable":true,"href":"https:\/\/www.andreas-edler.de\/blog\/wp-json\/wp\/v2\/users\/1"}],"replies":[{"embeddable":true,"href":"https:\/\/www.andreas-edler.de\/blog\/wp-json\/wp\/v2\/comments?post=172564"}],"version-history":[{"count":0,"href":"https:\/\/www.andreas-edler.de\/blog\/wp-json\/wp\/v2\/posts\/172564\/revisions"}],"wp:attachment":[{"href":"https:\/\/www.andreas-edler.de\/blog\/wp-json\/wp\/v2\/media?parent=172564"}],"wp:term":[{"taxonomy":"category","embeddable":true,"href":"https:\/\/www.andreas-edler.de\/blog\/wp-json\/wp\/v2\/categories?post=172564"},{"taxonomy":"post_tag","embeddable":true,"href":"https:\/\/www.andreas-edler.de\/blog\/wp-json\/wp\/v2\/tags?post=172564"}],"curies":[{"name":"wp","href":"https:\/\/api.w.org\/{rel}","templated":true}]}}