{"id":172542,"date":"2024-11-12T23:22:56","date_gmt":"2024-11-12T22:22:56","guid":{"rendered":"https:\/\/www.andreas-edler.de\/blog\/?p=172542"},"modified":"2024-12-21T13:29:32","modified_gmt":"2024-12-21T12:29:32","slug":"verfahren-wegen-diebstahls-eingestellt","status":"publish","type":"post","link":"https:\/\/www.andreas-edler.de\/blog\/2024\/11\/verfahren-wegen-diebstahls-eingestellt\/","title":{"rendered":"Verfahren wegen Diebstahls eingestellt"},"content":{"rendered":"<p>Am 03.09. wurden mir am Rathaus Bad Oeynhausen mehrere Zubeh\u00f6rteile am Fahrrad gestohlen. Ein ebenfalls Gesch\u00e4digter bat mich bzw. riet mir am n\u00e4chsten Morgen doch auch eine Anzeige zu machen. Habe ich dann auch online getan und bekam ein paar Tage sp\u00e4ter auch eine telefonische Nachfrage dazu. <\/p>\n<p>Zwei Monate sp\u00e4ter trudelt nun &#8211; wie erwartet &#8211; die Mitteilung zur Einstellung des Verfahrens ein.<\/p>\n<p><cite>[&#8230;] das Verfahren ist eingestellt worden, da ein T\u00e4ter nicht ermittelt werden konnte. Weitere Nachforschungen versprechen zur Zeit keinen Erfolg. Sollten sich jedoch nachtr\u00e4glich Anhaltspunkte f\u00fcr die Kl\u00e4rung der Straftat ergeben, werden die Ermittlungen wieder aufgenommen. Den untenstehenden Abschnitt k\u00f6nnen Sie ggf. zur Information Ihrer Versicherung verwenden. [&#8230;]<\/cite><\/p>\n<p>Tja, es ist \u00e4rgerlich, aber ich kann mir auch beim besten Willen nicht vorstellen, wie man da etwas ermitteln k\u00f6nnte. Die Anzeige war dann auch eher aus statistischen Gr\u00fcnden gestellt.<\/p>\n","protected":false},"excerpt":{"rendered":"<p>Am 03.09. wurden mir am Rathaus Bad Oeynhausen mehrere Zubeh\u00f6rteile am Fahrrad gestohlen. Ein ebenfalls Gesch\u00e4digter bat mich bzw. riet mir am n\u00e4chsten Morgen doch auch eine Anzeige zu machen. Habe ich dann auch online getan und bekam ein paar &hellip;<\/p>\n<p class=\"read-more\"> <a class=\"more-link\" href=\"https:\/\/www.andreas-edler.de\/blog\/2024\/11\/verfahren-wegen-diebstahls-eingestellt\/\"> <span class=\"screen-reader-text\">Verfahren wegen Diebstahls eingestellt<\/span> Weiterlesen &raquo;<\/a><\/p>\n","protected":false},"author":1,"featured_media":0,"comment_status":"open","ping_status":"open","sticky":false,"template":"","format":"standard","meta":{"ngg_post_thumbnail":0,"activitypub_content_warning":"","activitypub_content_visibility":"","activitypub_max_image_attachments":2,"activitypub_interaction_policy_quote":"anyone","activitypub_status":"federated","footnotes":""},"categories":[14,15],"tags":[63,34,127,73],"class_list":["post-172542","post","type-post","status-publish","format-standard","hentry","category-bad-oeynhausen","category-fahrrad","tag-benehmen","tag-kommunikation","tag-polizei","tag-recht"],"share_on_mastodon":{"url":"https:\/\/social.tchncs.de\/@filmfacts\/113690815570296381","error":""},"_links":{"self":[{"href":"https:\/\/www.andreas-edler.de\/blog\/wp-json\/wp\/v2\/posts\/172542","targetHints":{"allow":["GET"]}}],"collection":[{"href":"https:\/\/www.andreas-edler.de\/blog\/wp-json\/wp\/v2\/posts"}],"about":[{"href":"https:\/\/www.andreas-edler.de\/blog\/wp-json\/wp\/v2\/types\/post"}],"author":[{"embeddable":true,"href":"https:\/\/www.andreas-edler.de\/blog\/wp-json\/wp\/v2\/users\/1"}],"replies":[{"embeddable":true,"href":"https:\/\/www.andreas-edler.de\/blog\/wp-json\/wp\/v2\/comments?post=172542"}],"version-history":[{"count":0,"href":"https:\/\/www.andreas-edler.de\/blog\/wp-json\/wp\/v2\/posts\/172542\/revisions"}],"wp:attachment":[{"href":"https:\/\/www.andreas-edler.de\/blog\/wp-json\/wp\/v2\/media?parent=172542"}],"wp:term":[{"taxonomy":"category","embeddable":true,"href":"https:\/\/www.andreas-edler.de\/blog\/wp-json\/wp\/v2\/categories?post=172542"},{"taxonomy":"post_tag","embeddable":true,"href":"https:\/\/www.andreas-edler.de\/blog\/wp-json\/wp\/v2\/tags?post=172542"}],"curies":[{"name":"wp","href":"https:\/\/api.w.org\/{rel}","templated":true}]}}