{"id":172535,"date":"2024-11-15T23:53:05","date_gmt":"2024-11-15T22:53:05","guid":{"rendered":"https:\/\/www.andreas-edler.de\/blog\/?p=172535"},"modified":"2024-12-15T15:15:41","modified_gmt":"2024-12-15T14:15:41","slug":"sichere-radverkehrsinfrastruktur","status":"publish","type":"post","link":"https:\/\/www.andreas-edler.de\/blog\/2024\/11\/sichere-radverkehrsinfrastruktur\/","title":{"rendered":"Sichere Radverkehrsinfrastruktur"},"content":{"rendered":"<p>Seit den Sommerferien geht Nachwuchs 2.0 nun zum IKG in Bad Oeynhausen. Nat\u00fcrlich geht er nicht, er f\u00e4hrt. Meistens mit dem Fahrrad, ab und zu mit dem Bus. Die dabei benutzte Infrastruktur finde ich allerdings \u00fcbel. Eine wirklich gut zu nutzende, \u00e4hnlich geradliniege Verbindung aus Eidinghausen bis zum Schulzentrum S\u00fcd gibt es nicht.<\/p>\n<figure id=\"attachment_172536\" aria-describedby=\"caption-attachment-172536\" style=\"width: 470px\" class=\"wp-caption aligncenter\"><a href=\"https:\/\/www.andreas-edler.de\/blog\/wp-content\/uploads\/2024\/12\/20241115_eidinghausener_gehwegbreite.jpg\"><img loading=\"lazy\" decoding=\"async\" src=\"https:\/\/www.andreas-edler.de\/blog\/wp-content\/uploads\/2024\/12\/20241115_eidinghausener_gehwegbreite-470x264.jpg\" alt=\"Ein sehr schmaler benutzungpflichtiger Hochbordradweg mit links angelegten Parkbuchten. Man sieht einen jungen Sch\u00fcler auf seinem Fahrrad, welches die Radwegbreite komplett ausnutzt.\" width=\"470\" height=\"264\" class=\"size-large wp-image-172536\" srcset=\"https:\/\/www.andreas-edler.de\/blog\/wp-content\/uploads\/2024\/12\/20241115_eidinghausener_gehwegbreite-470x264.jpg 470w, https:\/\/www.andreas-edler.de\/blog\/wp-content\/uploads\/2024\/12\/20241115_eidinghausener_gehwegbreite-250x140.jpg 250w, https:\/\/www.andreas-edler.de\/blog\/wp-content\/uploads\/2024\/12\/20241115_eidinghausener_gehwegbreite-768x431.jpg 768w, https:\/\/www.andreas-edler.de\/blog\/wp-content\/uploads\/2024\/12\/20241115_eidinghausener_gehwegbreite-1536x863.jpg 1536w, https:\/\/www.andreas-edler.de\/blog\/wp-content\/uploads\/2024\/12\/20241115_eidinghausener_gehwegbreite-100x56.jpg 100w, https:\/\/www.andreas-edler.de\/blog\/wp-content\/uploads\/2024\/12\/20241115_eidinghausener_gehwegbreite-150x84.jpg 150w, https:\/\/www.andreas-edler.de\/blog\/wp-content\/uploads\/2024\/12\/20241115_eidinghausener_gehwegbreite-200x112.jpg 200w, https:\/\/www.andreas-edler.de\/blog\/wp-content\/uploads\/2024\/12\/20241115_eidinghausener_gehwegbreite-300x168.jpg 300w, https:\/\/www.andreas-edler.de\/blog\/wp-content\/uploads\/2024\/12\/20241115_eidinghausener_gehwegbreite-450x253.jpg 450w, https:\/\/www.andreas-edler.de\/blog\/wp-content\/uploads\/2024\/12\/20241115_eidinghausener_gehwegbreite-600x337.jpg 600w, https:\/\/www.andreas-edler.de\/blog\/wp-content\/uploads\/2024\/12\/20241115_eidinghausener_gehwegbreite-900x505.jpg 900w, https:\/\/www.andreas-edler.de\/blog\/wp-content\/uploads\/2024\/12\/20241115_eidinghausener_gehwegbreite.jpg 1592w\" sizes=\"auto, (max-width: 470px) 100vw, 470px\" \/><\/a><figcaption id=\"caption-attachment-172536\" class=\"wp-caption-text\">Viel schmaler konnte man das nicht anlegen.<\/figcaption><\/figure>\n<p>Der benutzungspflichtige Radweg entlang der <a href=\"https:\/\/www.andreas-edler.de\/blog\/tag\/eidinghausener-strasse\/\" target=\"_blank\">Eidinghausener Stra\u00dfe<\/a> ist extrem schmal. Ich habe jeden Tag Sorge, dass irgendein Depp unachtsam die T\u00fcr aufrei\u00dft, wenn unser Kleiner dort entlang f\u00e4hrt. Ich habe ihm zwar eindringlich gesagt, er soll darauf achten, ob sich in den Autos was tut, aber das sehe ich leider auch nicht immer.<\/p>\n<p>Die L\u00f6sung w\u00e4re, die Parkbuchten entfallen zu lassen. Stehen sowieso haupts\u00e4chlich Bullis, die sicher nicht privat genutzt werden und einige Anwohner. Oder auch die Gesch\u00e4ftsinhaber selbst! Grunds\u00e4tzlich k\u00f6nnte man im Fall der F\u00e4lle sein Fahrzeug ja auch &#8222;nur mal kurz&#8220; auf der Fahrbahn abstellen. &#8222;Da kommt man doch noch bequem vorbei!&#8220; und &#8222;Die sollen sich mal nicht so anstellen!&#8220;, aber es geht hier um motorisierte Fahrzeuge und deren Fahrer\/innen, da z\u00e4hlen solche Spr\u00fcche nicht. Die darf man nur Radfahrenden vorhalten!<\/p>\n<figure id=\"attachment_172537\" aria-describedby=\"caption-attachment-172537\" style=\"width: 470px\" class=\"wp-caption aligncenter\"><a href=\"https:\/\/www.andreas-edler.de\/blog\/wp-content\/uploads\/2024\/12\/20241115_steinstrasse_plakatkleber_auf_gehweg.jpg\"><img loading=\"lazy\" decoding=\"async\" src=\"https:\/\/www.andreas-edler.de\/blog\/wp-content\/uploads\/2024\/12\/20241115_steinstrasse_plakatkleber_auf_gehweg-470x264.jpg\" alt=\"Einige Sch\u00fcler fahren auf einem schmalen benutzungspflichtigen Radweg. Der daneben liegende Gehwegteil ist von einem Bulli zugeparkt, so dass die verbliebene Fl\u00e4ch auch noch schlecht zu nutzen ist.\" width=\"470\" height=\"264\" class=\"size-large wp-image-172537\" srcset=\"https:\/\/www.andreas-edler.de\/blog\/wp-content\/uploads\/2024\/12\/20241115_steinstrasse_plakatkleber_auf_gehweg-470x264.jpg 470w, https:\/\/www.andreas-edler.de\/blog\/wp-content\/uploads\/2024\/12\/20241115_steinstrasse_plakatkleber_auf_gehweg-250x141.jpg 250w, https:\/\/www.andreas-edler.de\/blog\/wp-content\/uploads\/2024\/12\/20241115_steinstrasse_plakatkleber_auf_gehweg-768x432.jpg 768w, https:\/\/www.andreas-edler.de\/blog\/wp-content\/uploads\/2024\/12\/20241115_steinstrasse_plakatkleber_auf_gehweg-100x56.jpg 100w, https:\/\/www.andreas-edler.de\/blog\/wp-content\/uploads\/2024\/12\/20241115_steinstrasse_plakatkleber_auf_gehweg-150x84.jpg 150w, https:\/\/www.andreas-edler.de\/blog\/wp-content\/uploads\/2024\/12\/20241115_steinstrasse_plakatkleber_auf_gehweg-200x113.jpg 200w, https:\/\/www.andreas-edler.de\/blog\/wp-content\/uploads\/2024\/12\/20241115_steinstrasse_plakatkleber_auf_gehweg-300x169.jpg 300w, https:\/\/www.andreas-edler.de\/blog\/wp-content\/uploads\/2024\/12\/20241115_steinstrasse_plakatkleber_auf_gehweg-450x253.jpg 450w, https:\/\/www.andreas-edler.de\/blog\/wp-content\/uploads\/2024\/12\/20241115_steinstrasse_plakatkleber_auf_gehweg-600x338.jpg 600w, https:\/\/www.andreas-edler.de\/blog\/wp-content\/uploads\/2024\/12\/20241115_steinstrasse_plakatkleber_auf_gehweg-900x506.jpg 900w, https:\/\/www.andreas-edler.de\/blog\/wp-content\/uploads\/2024\/12\/20241115_steinstrasse_plakatkleber_auf_gehweg.jpg 1440w\" sizes=\"auto, (max-width: 470px) 100vw, 470px\" \/><\/a><figcaption id=\"caption-attachment-172537\" class=\"wp-caption-text\">Da kommt man doch noch vorbei!<\/figcaption><\/figure>\n<p>Wenn dann der Weg auch noch mit Fahrzeugen verstellt ist, wird die zur Verf\u00fcgung stehende Infrastruktur zu einem Balanceakt. Aber alles gut so, wo sollen die auch sonst stehen? Da kommt man doch wirklich bequem vorbei! Sollen mal R\u00fccksicht nehmen.<\/p>\n","protected":false},"excerpt":{"rendered":"<p>Seit den Sommerferien geht Nachwuchs 2.0 nun zum IKG in Bad Oeynhausen. Nat\u00fcrlich geht er nicht, er f\u00e4hrt. Meistens mit dem Fahrrad, ab und zu mit dem Bus. Die dabei benutzte Infrastruktur finde ich allerdings \u00fcbel. Eine wirklich gut zu &hellip;<\/p>\n<p class=\"read-more\"> <a class=\"more-link\" href=\"https:\/\/www.andreas-edler.de\/blog\/2024\/11\/sichere-radverkehrsinfrastruktur\/\"> <span class=\"screen-reader-text\">Sichere Radverkehrsinfrastruktur<\/span> Weiterlesen &raquo;<\/a><\/p>\n","protected":false},"author":1,"featured_media":0,"comment_status":"open","ping_status":"open","sticky":false,"template":"","format":"standard","meta":{"ngg_post_thumbnail":0,"activitypub_content_warning":"","activitypub_content_visibility":"","activitypub_max_image_attachments":2,"activitypub_interaction_policy_quote":"anyone","activitypub_status":"federated","footnotes":""},"categories":[14,13],"tags":[262,110,251,168,412,511,158,510,186,207,108,71,414,341],"class_list":["post-172535","post","type-post","status-publish","format-standard","hentry","category-bad-oeynhausen","category-verkehr","tag-eidinghausener-strasse","tag-fahrradfreundliche-stadt","tag-infrastruktur","tag-klimafreundliche-mobilitaet","tag-mdrza","tag-mdrzs","tag-mit-dem-rad-zur-arbeit","tag-mit-dem-rad-zur-schule","tag-nachwuchs-2-0","tag-radweg","tag-radwegparker","tag-regeln","tag-runter-vom-radweg","tag-steinstrasse"],"share_on_mastodon":{"url":"https:\/\/social.tchncs.de\/@filmfacts\/113657259235132977","error":""},"_links":{"self":[{"href":"https:\/\/www.andreas-edler.de\/blog\/wp-json\/wp\/v2\/posts\/172535","targetHints":{"allow":["GET"]}}],"collection":[{"href":"https:\/\/www.andreas-edler.de\/blog\/wp-json\/wp\/v2\/posts"}],"about":[{"href":"https:\/\/www.andreas-edler.de\/blog\/wp-json\/wp\/v2\/types\/post"}],"author":[{"embeddable":true,"href":"https:\/\/www.andreas-edler.de\/blog\/wp-json\/wp\/v2\/users\/1"}],"replies":[{"embeddable":true,"href":"https:\/\/www.andreas-edler.de\/blog\/wp-json\/wp\/v2\/comments?post=172535"}],"version-history":[{"count":0,"href":"https:\/\/www.andreas-edler.de\/blog\/wp-json\/wp\/v2\/posts\/172535\/revisions"}],"wp:attachment":[{"href":"https:\/\/www.andreas-edler.de\/blog\/wp-json\/wp\/v2\/media?parent=172535"}],"wp:term":[{"taxonomy":"category","embeddable":true,"href":"https:\/\/www.andreas-edler.de\/blog\/wp-json\/wp\/v2\/categories?post=172535"},{"taxonomy":"post_tag","embeddable":true,"href":"https:\/\/www.andreas-edler.de\/blog\/wp-json\/wp\/v2\/tags?post=172535"}],"curies":[{"name":"wp","href":"https:\/\/api.w.org\/{rel}","templated":true}]}}