{"id":172524,"date":"2024-12-11T23:15:58","date_gmt":"2024-12-11T22:15:58","guid":{"rendered":"https:\/\/www.andreas-edler.de\/blog\/?p=172524"},"modified":"2025-03-30T16:44:27","modified_gmt":"2025-03-30T14:44:27","slug":"koenigstrasse-auch-mit-ueberholzwang","status":"publish","type":"post","link":"https:\/\/www.andreas-edler.de\/blog\/2024\/12\/koenigstrasse-auch-mit-ueberholzwang\/","title":{"rendered":"Koenigstra\u00dfe auch mit \u00dcberholzwang"},"content":{"rendered":"<p>Die K\u00f6nigstra\u00dfe hat rechts Parkbuchten, die auch regelm\u00e4\u00dfig belegt sind. Zu den dort parkenden Fahrzeugen h\u00e4lt man Abstand &#8211; besonders morgens, da dann h\u00e4ufig ein- und ausgestiegen wird.<\/p>\n<figure id=\"attachment_172525\" aria-describedby=\"caption-attachment-172525\" style=\"width: 470px\" class=\"wp-caption aligncenter\"><a href=\"https:\/\/www.andreas-edler.de\/blog\/wp-content\/uploads\/2024\/12\/2024-12-11-koenigstrasse_zu_eng_ueberholt_vor_kurve.jpg\"><img loading=\"lazy\" decoding=\"async\" src=\"https:\/\/www.andreas-edler.de\/blog\/wp-content\/uploads\/2024\/12\/2024-12-11-koenigstrasse_zu_eng_ueberholt_vor_kurve-470x264.jpg\" alt=\"Ein wei\u00dfes Fahrzeug \u00fcberholt einen mittig der Fahrbahnseite fahrenden Radfahrer. Rechts ist in einer Parkbucht ein Fahrzeug geparkt. Bild wurde von einer am Lenker montierten Dashcam aufgenommen.\" width=\"470\" height=\"264\" class=\"size-large wp-image-172525\" srcset=\"https:\/\/www.andreas-edler.de\/blog\/wp-content\/uploads\/2024\/12\/2024-12-11-koenigstrasse_zu_eng_ueberholt_vor_kurve-470x264.jpg 470w, https:\/\/www.andreas-edler.de\/blog\/wp-content\/uploads\/2024\/12\/2024-12-11-koenigstrasse_zu_eng_ueberholt_vor_kurve-250x141.jpg 250w, https:\/\/www.andreas-edler.de\/blog\/wp-content\/uploads\/2024\/12\/2024-12-11-koenigstrasse_zu_eng_ueberholt_vor_kurve-768x432.jpg 768w, https:\/\/www.andreas-edler.de\/blog\/wp-content\/uploads\/2024\/12\/2024-12-11-koenigstrasse_zu_eng_ueberholt_vor_kurve-1536x864.jpg 1536w, https:\/\/www.andreas-edler.de\/blog\/wp-content\/uploads\/2024\/12\/2024-12-11-koenigstrasse_zu_eng_ueberholt_vor_kurve-100x56.jpg 100w, https:\/\/www.andreas-edler.de\/blog\/wp-content\/uploads\/2024\/12\/2024-12-11-koenigstrasse_zu_eng_ueberholt_vor_kurve-150x84.jpg 150w, https:\/\/www.andreas-edler.de\/blog\/wp-content\/uploads\/2024\/12\/2024-12-11-koenigstrasse_zu_eng_ueberholt_vor_kurve-200x113.jpg 200w, https:\/\/www.andreas-edler.de\/blog\/wp-content\/uploads\/2024\/12\/2024-12-11-koenigstrasse_zu_eng_ueberholt_vor_kurve-300x169.jpg 300w, https:\/\/www.andreas-edler.de\/blog\/wp-content\/uploads\/2024\/12\/2024-12-11-koenigstrasse_zu_eng_ueberholt_vor_kurve-450x253.jpg 450w, https:\/\/www.andreas-edler.de\/blog\/wp-content\/uploads\/2024\/12\/2024-12-11-koenigstrasse_zu_eng_ueberholt_vor_kurve-600x338.jpg 600w, https:\/\/www.andreas-edler.de\/blog\/wp-content\/uploads\/2024\/12\/2024-12-11-koenigstrasse_zu_eng_ueberholt_vor_kurve-900x506.jpg 900w, https:\/\/www.andreas-edler.de\/blog\/wp-content\/uploads\/2024\/12\/2024-12-11-koenigstrasse_zu_eng_ueberholt_vor_kurve.jpg 1920w\" sizes=\"auto, (max-width: 470px) 100vw, 470px\" \/><\/a><figcaption id=\"caption-attachment-172525\" class=\"wp-caption-text\">Hauptsache den Schei\u00dfradfahrer \u00fcberholen.<\/figcaption><\/figure>\n<p>Das hindert aber die allermeisten Menschen im motorisierten Individualverkehr nicht daran, trotzdem zu \u00fcberholen. Auch wenn dann der gesetzlich vorgeschriebene Mindestabstand zur linken Lenkerau\u00dfenkante von 1,50 Metern nicht eingehalten werden kann. Einfach mal ein bisschen abwarten ist zuviel der R\u00fccksicht verlangt. R\u00fccksicht soll nur immer ich auf dem Fahrrad nehmen. Als wenn so ein Mensch mit motorisiertem Dach \u00fcber dem Kopf irgendwie wichtiger w\u00e4re als ich.<\/p>\n","protected":false},"excerpt":{"rendered":"<p>Die K\u00f6nigstra\u00dfe hat rechts Parkbuchten, die auch regelm\u00e4\u00dfig belegt sind. Zu den dort parkenden Fahrzeugen h\u00e4lt man Abstand &#8211; besonders morgens, da dann h\u00e4ufig ein- und ausgestiegen wird. Das hindert aber die allermeisten Menschen im motorisierten Individualverkehr nicht daran, trotzdem &hellip;<\/p>\n<p class=\"read-more\"> <a class=\"more-link\" href=\"https:\/\/www.andreas-edler.de\/blog\/2024\/12\/koenigstrasse-auch-mit-ueberholzwang\/\"> <span class=\"screen-reader-text\">Koenigstra\u00dfe auch mit \u00dcberholzwang<\/span> Weiterlesen &raquo;<\/a><\/p>\n","protected":false},"author":1,"featured_media":0,"comment_status":"open","ping_status":"open","sticky":false,"template":"","format":"standard","meta":{"ngg_post_thumbnail":0,"activitypub_content_warning":"","activitypub_content_visibility":"","activitypub_max_image_attachments":2,"activitypub_interaction_policy_quote":"anyone","activitypub_status":"federated","footnotes":""},"categories":[14,15,18,13],"tags":[63,460,412,158,531,71,260,445,461],"class_list":["post-172524","post","type-post","status-publish","format-standard","hentry","category-bad-oeynhausen","category-fahrrad","category-fraglich","category-verkehr","tag-benehmen","tag-koenigstrasse","tag-mdrza","tag-mit-dem-rad-zur-arbeit","tag-motorisierte-gewalt","tag-regeln","tag-stvo","tag-ueberholabstand","tag-ueberholzwang"],"share_on_mastodon":{"url":"https:\/\/social.tchncs.de\/@filmfacts\/113656821512682708","error":""},"_links":{"self":[{"href":"https:\/\/www.andreas-edler.de\/blog\/wp-json\/wp\/v2\/posts\/172524","targetHints":{"allow":["GET"]}}],"collection":[{"href":"https:\/\/www.andreas-edler.de\/blog\/wp-json\/wp\/v2\/posts"}],"about":[{"href":"https:\/\/www.andreas-edler.de\/blog\/wp-json\/wp\/v2\/types\/post"}],"author":[{"embeddable":true,"href":"https:\/\/www.andreas-edler.de\/blog\/wp-json\/wp\/v2\/users\/1"}],"replies":[{"embeddable":true,"href":"https:\/\/www.andreas-edler.de\/blog\/wp-json\/wp\/v2\/comments?post=172524"}],"version-history":[{"count":0,"href":"https:\/\/www.andreas-edler.de\/blog\/wp-json\/wp\/v2\/posts\/172524\/revisions"}],"wp:attachment":[{"href":"https:\/\/www.andreas-edler.de\/blog\/wp-json\/wp\/v2\/media?parent=172524"}],"wp:term":[{"taxonomy":"category","embeddable":true,"href":"https:\/\/www.andreas-edler.de\/blog\/wp-json\/wp\/v2\/categories?post=172524"},{"taxonomy":"post_tag","embeddable":true,"href":"https:\/\/www.andreas-edler.de\/blog\/wp-json\/wp\/v2\/tags?post=172524"}],"curies":[{"name":"wp","href":"https:\/\/api.w.org\/{rel}","templated":true}]}}