{"id":172510,"date":"2024-10-22T23:41:46","date_gmt":"2024-10-22T21:41:46","guid":{"rendered":"https:\/\/www.andreas-edler.de\/blog\/?p=172510"},"modified":"2024-12-08T14:56:52","modified_gmt":"2024-12-08T13:56:52","slug":"schaufenster-entsiegelt","status":"publish","type":"post","link":"https:\/\/www.andreas-edler.de\/blog\/2024\/10\/schaufenster-entsiegelt\/","title":{"rendered":"Schaufenster &#8222;entsiegelt&#8220;"},"content":{"rendered":"<p>Ich habe etwas gesucht, aber leider keinen Post von mir gefunden, in dem ich auf die schwarz verklebten Schaufenster des ehemaligen Hifi-Gesch\u00e4fts &#8222;Unger&#8220; an der Einm\u00fcndung des Schwarzen Weg in die Eidinghausener Stra\u00dfe hingewiesen habe. Vielleicht habe ich das nur Twitter geteilt. In 2022 war da noch ein Einrichtungsladen drin, danach ein &#8222;Internationaler Musikverein&#8220; mit mattscharz folierter Front und keinem sichtbaren Betrieb. Solche L\u00e4den werten Quartiere und Innenst\u00e4dte nat\u00fcrllich gewaltig auf und schaffen Vertrauen. Ich f\u00fchle mich immer richtig wohl, wenn ich an solchen Gesch\u00e4ften vorbei fahre.<\/p>\n<figure id=\"attachment_172511\" aria-describedby=\"caption-attachment-172511\" style=\"width: 470px\" class=\"wp-caption aligncenter\"><a href=\"https:\/\/www.andreas-edler.de\/blog\/wp-content\/uploads\/2024\/12\/2024-10-22-08.14.52.jpg\"><img loading=\"lazy\" decoding=\"async\" src=\"https:\/\/www.andreas-edler.de\/blog\/wp-content\/uploads\/2024\/12\/2024-10-22-08.14.52-470x238.jpg\" alt=\"Ein leerstehendes Ladengesch\u00e4ft mit gro\u00dfen Fesnterfl\u00e4chen.\" width=\"470\" height=\"238\" class=\"size-large wp-image-172511\" srcset=\"https:\/\/www.andreas-edler.de\/blog\/wp-content\/uploads\/2024\/12\/2024-10-22-08.14.52-470x238.jpg 470w, https:\/\/www.andreas-edler.de\/blog\/wp-content\/uploads\/2024\/12\/2024-10-22-08.14.52-250x127.jpg 250w, https:\/\/www.andreas-edler.de\/blog\/wp-content\/uploads\/2024\/12\/2024-10-22-08.14.52-768x389.jpg 768w, https:\/\/www.andreas-edler.de\/blog\/wp-content\/uploads\/2024\/12\/2024-10-22-08.14.52-100x51.jpg 100w, https:\/\/www.andreas-edler.de\/blog\/wp-content\/uploads\/2024\/12\/2024-10-22-08.14.52-150x76.jpg 150w, https:\/\/www.andreas-edler.de\/blog\/wp-content\/uploads\/2024\/12\/2024-10-22-08.14.52-200x101.jpg 200w, https:\/\/www.andreas-edler.de\/blog\/wp-content\/uploads\/2024\/12\/2024-10-22-08.14.52-300x152.jpg 300w, https:\/\/www.andreas-edler.de\/blog\/wp-content\/uploads\/2024\/12\/2024-10-22-08.14.52-450x228.jpg 450w, https:\/\/www.andreas-edler.de\/blog\/wp-content\/uploads\/2024\/12\/2024-10-22-08.14.52-600x304.jpg 600w, https:\/\/www.andreas-edler.de\/blog\/wp-content\/uploads\/2024\/12\/2024-10-22-08.14.52-900x456.jpg 900w, https:\/\/www.andreas-edler.de\/blog\/wp-content\/uploads\/2024\/12\/2024-10-22-08.14.52.jpg 1280w\" sizes=\"auto, (max-width: 470px) 100vw, 470px\" \/><\/a><figcaption id=\"caption-attachment-172511\" class=\"wp-caption-text\">Die Scheiben sind wieder durchsichtig.<\/figcaption><\/figure>\n<p>Die Gesch\u00e4ftst\u00e4tigkeit des Musikvereins hat jedenfalls keine zwei Jahre \u00fcberdauert. Als ich heute Morgen dort vorbei fuhr &#8211; vielleicht auch schon ein paar Tage vorher &#8211; waren die Scheiben nicht mehr beklebt und die Gesch\u00e4ftsr\u00e4ume leer ger\u00e4umt! Ich finde selbst diesen Leerstand angenehmer, als die mattschwarzen Fensterfronten. Bleibt zu hoffen, dass hier schnell wieder jemand einzieht und die Ecke belebt!<\/p>\n","protected":false},"excerpt":{"rendered":"<p>Ich habe etwas gesucht, aber leider keinen Post von mir gefunden, in dem ich auf die schwarz verklebten Schaufenster des ehemaligen Hifi-Gesch\u00e4fts &#8222;Unger&#8220; an der Einm\u00fcndung des Schwarzen Weg in die Eidinghausener Stra\u00dfe hingewiesen habe. Vielleicht habe ich das nur &hellip;<\/p>\n<p class=\"read-more\"> <a class=\"more-link\" href=\"https:\/\/www.andreas-edler.de\/blog\/2024\/10\/schaufenster-entsiegelt\/\"> <span class=\"screen-reader-text\">Schaufenster &#8222;entsiegelt&#8220;<\/span> Weiterlesen &raquo;<\/a><\/p>\n","protected":false},"author":1,"featured_media":0,"comment_status":"open","ping_status":"open","sticky":false,"template":"","format":"standard","meta":{"ngg_post_thumbnail":0,"activitypub_content_warning":"","activitypub_content_visibility":"","activitypub_max_image_attachments":2,"activitypub_interaction_policy_quote":"anyone","activitypub_status":"federated","footnotes":""},"categories":[14],"tags":[262,251,64,393],"class_list":["post-172510","post","type-post","status-publish","format-standard","hentry","category-bad-oeynhausen","tag-eidinghausener-strasse","tag-infrastruktur","tag-konsum","tag-schwarzer-weg"],"share_on_mastodon":{"url":"https:\/\/social.tchncs.de\/@filmfacts\/113617548991281529","error":""},"_links":{"self":[{"href":"https:\/\/www.andreas-edler.de\/blog\/wp-json\/wp\/v2\/posts\/172510","targetHints":{"allow":["GET"]}}],"collection":[{"href":"https:\/\/www.andreas-edler.de\/blog\/wp-json\/wp\/v2\/posts"}],"about":[{"href":"https:\/\/www.andreas-edler.de\/blog\/wp-json\/wp\/v2\/types\/post"}],"author":[{"embeddable":true,"href":"https:\/\/www.andreas-edler.de\/blog\/wp-json\/wp\/v2\/users\/1"}],"replies":[{"embeddable":true,"href":"https:\/\/www.andreas-edler.de\/blog\/wp-json\/wp\/v2\/comments?post=172510"}],"version-history":[{"count":0,"href":"https:\/\/www.andreas-edler.de\/blog\/wp-json\/wp\/v2\/posts\/172510\/revisions"}],"wp:attachment":[{"href":"https:\/\/www.andreas-edler.de\/blog\/wp-json\/wp\/v2\/media?parent=172510"}],"wp:term":[{"taxonomy":"category","embeddable":true,"href":"https:\/\/www.andreas-edler.de\/blog\/wp-json\/wp\/v2\/categories?post=172510"},{"taxonomy":"post_tag","embeddable":true,"href":"https:\/\/www.andreas-edler.de\/blog\/wp-json\/wp\/v2\/tags?post=172510"}],"curies":[{"name":"wp","href":"https:\/\/api.w.org\/{rel}","templated":true}]}}