{"id":172473,"date":"2024-12-02T20:51:12","date_gmt":"2024-12-02T19:51:12","guid":{"rendered":"https:\/\/www.andreas-edler.de\/blog\/?p=172473"},"modified":"2024-12-02T21:30:25","modified_gmt":"2024-12-02T20:30:25","slug":"weihnachtsmarkt-schon-wieder-keine-parkplatzprobleme","status":"publish","type":"post","link":"https:\/\/www.andreas-edler.de\/blog\/2024\/12\/weihnachtsmarkt-schon-wieder-keine-parkplatzprobleme\/","title":{"rendered":"Weihnachtsmarkt &#8211; schon wieder keine Parkplatzprobleme"},"content":{"rendered":"<p>Die H\u00e4ndler in der Innenstadt fordern kostenlose Parkpl\u00e4tze. Der B\u00fcrgermeister m\u00f6chte am liebsten die Klosterstra\u00dfe &#8211; naja, vielleicht auch nur die Herforder Stra\u00dfe &#8211; f\u00fcr den Autoverkehr \u00f6ffnen und in den Leserbriefen der Lokalzeitungen \u00fcbertreffen sich die Stadtplaner mit ihren Analysen zu fehlendem und zu teurem Parkraum.<\/p>\n<p>Gerstern abend waren wir auf dem Weihnachtsmarkt in Bad Oeynhausen. Die Innenstadt war proppenvoll. Ganz offensichtlich ist es kein Problem, diese Menschenmassen mit irgendeinem Verkehrsmittel in die Innenstadt zu bekommen. Es scheint so, als w\u00fcssten diese Horden von Menschen einfach nicht, dass sie die Innenstadt ja gar nicht erreichen k\u00f6nnen! Aufgrund von Baustellen und den fehlenden Abstellpl\u00e4tzen ist dies unm\u00f6glich!<\/p>\n<p>M\u00f6glicherweise, ganz vielleicht auch nur, ist es jedoch so, dass gar nicht die Erreichbarkeit und fehlender Parkraum urs\u00e4chlich f\u00fcr ausbleibende Kundschaft innerhalb der Woche sind. Unter Umst\u00e4nden, und ich lehne mich mal weit aus dem Fenster, ist es das schlicht nicht vorhandene Angebot an interessanten Waren. Aber was wei\u00df ich schon.<\/p>\n","protected":false},"excerpt":{"rendered":"<p>Die H\u00e4ndler in der Innenstadt fordern kostenlose Parkpl\u00e4tze. Der B\u00fcrgermeister m\u00f6chte am liebsten die Klosterstra\u00dfe &#8211; naja, vielleicht auch nur die Herforder Stra\u00dfe &#8211; f\u00fcr den Autoverkehr \u00f6ffnen und in den Leserbriefen der Lokalzeitungen \u00fcbertreffen sich die Stadtplaner mit ihren &hellip;<\/p>\n<p class=\"read-more\"> <a class=\"more-link\" href=\"https:\/\/www.andreas-edler.de\/blog\/2024\/12\/weihnachtsmarkt-schon-wieder-keine-parkplatzprobleme\/\"> <span class=\"screen-reader-text\">Weihnachtsmarkt &#8211; schon wieder keine Parkplatzprobleme<\/span> Weiterlesen &raquo;<\/a><\/p>\n","protected":false},"author":1,"featured_media":172474,"comment_status":"open","ping_status":"open","sticky":false,"template":"","format":"standard","meta":{"ngg_post_thumbnail":0,"activitypub_content_warning":"","activitypub_content_visibility":"","activitypub_max_image_attachments":2,"activitypub_interaction_policy_quote":"anyone","activitypub_status":"federated","footnotes":""},"categories":[14,18,45],"tags":[193,308,205,64,121,436,214,215,216],"class_list":["post-172473","post","type-post","status-publish","format-standard","has-post-thumbnail","hentry","category-bad-oeynhausen","category-fraglich","category-politik","tag-buergermeister","tag-einkaufsmarkt","tag-innenstadt","tag-konsum","tag-kurpark","tag-parkdruck","tag-parken","tag-parkgebuehrenkonzept","tag-parkhaeuser"],"share_on_mastodon":{"url":"https:\/\/social.tchncs.de\/@filmfacts\/113584968434525664","error":""},"_links":{"self":[{"href":"https:\/\/www.andreas-edler.de\/blog\/wp-json\/wp\/v2\/posts\/172473","targetHints":{"allow":["GET"]}}],"collection":[{"href":"https:\/\/www.andreas-edler.de\/blog\/wp-json\/wp\/v2\/posts"}],"about":[{"href":"https:\/\/www.andreas-edler.de\/blog\/wp-json\/wp\/v2\/types\/post"}],"author":[{"embeddable":true,"href":"https:\/\/www.andreas-edler.de\/blog\/wp-json\/wp\/v2\/users\/1"}],"replies":[{"embeddable":true,"href":"https:\/\/www.andreas-edler.de\/blog\/wp-json\/wp\/v2\/comments?post=172473"}],"version-history":[{"count":0,"href":"https:\/\/www.andreas-edler.de\/blog\/wp-json\/wp\/v2\/posts\/172473\/revisions"}],"wp:featuredmedia":[{"embeddable":true,"href":"https:\/\/www.andreas-edler.de\/blog\/wp-json\/wp\/v2\/media\/172474"}],"wp:attachment":[{"href":"https:\/\/www.andreas-edler.de\/blog\/wp-json\/wp\/v2\/media?parent=172473"}],"wp:term":[{"taxonomy":"category","embeddable":true,"href":"https:\/\/www.andreas-edler.de\/blog\/wp-json\/wp\/v2\/categories?post=172473"},{"taxonomy":"post_tag","embeddable":true,"href":"https:\/\/www.andreas-edler.de\/blog\/wp-json\/wp\/v2\/tags?post=172473"}],"curies":[{"name":"wp","href":"https:\/\/api.w.org\/{rel}","templated":true}]}}