{"id":172395,"date":"2024-10-28T16:09:16","date_gmt":"2024-10-28T15:09:16","guid":{"rendered":"https:\/\/www.andreas-edler.de\/blog\/?p=172395"},"modified":"2024-10-28T17:25:21","modified_gmt":"2024-10-28T16:25:21","slug":"kuehlschrank-im-eriba-nova-545-mit-gasbetrieb","status":"publish","type":"post","link":"https:\/\/www.andreas-edler.de\/blog\/2024\/10\/kuehlschrank-im-eriba-nova-545-mit-gasbetrieb\/","title":{"rendered":"Electrolux-K\u00fchlschrank im Eriba Nova 545 mit Gasbetrieb"},"content":{"rendered":"<p>Vor dem <a href=\"https:\/\/www.andreas-edler.de\/blog\/urlaub\/kroatien-2024\/\" rel=\"noopener\" target=\"_blank\">diesj\u00e4hrigen Sommerurlaub<\/a> hat der Eriba Nova 545 <a href=\"https:\/\/www.andreas-edler.de\/blog\/2024\/06\/eriba-nova-neu-bereift\/\" rel=\"noopener\" target=\"_blank\">neue Reifen bekommen und auch der T\u00dcV wurde erledigt<\/a>. Leider hat das mit der Gaspr\u00fcfung nicht geklappt, weil ich den vermaledeiten K\u00fchlschrank nicht auf Gasbetrieb einschalten konnte. St\u00f6rte mich in diesem Jahr noch nicht, aber ab n\u00e4chstem Jahr ist die Gaspr\u00fcfung wieder Pflicht. Musste also was geschehen. Im Urlaub stellten wir dann fest, dass der Absorber-K\u00fchlschrank bei direkter Sonneneinstrahlung eher &#8222;geht so&#8220; k\u00fchlt und darum habe ich direkt nach dem Urlaub aufger\u00fcstet und <a href=\"https:\/\/www.andreas-edler.de\/blog\/2024\/08\/zusatzluefter-fuer-absorber-kuehlschrank\/\" rel=\"noopener\" target=\"_blank\">einen L\u00fcfter montiert<\/a>. Und ich habe nach dem Gas geschaut, es aber nicht zum Laufen bekommen. Wenn ich ein bisschen auf den Brenner pustete, z\u00fcndete die Flamme sofort, ansonsten nicht.<\/p>\n<figure id=\"attachment_172396\" aria-describedby=\"caption-attachment-172396\" style=\"width: 470px\" class=\"wp-caption aligncenter\"><a href=\"https:\/\/www.andreas-edler.de\/blog\/wp-content\/uploads\/2024\/10\/2024-10-26-15.48.45.jpg\"><img loading=\"lazy\" decoding=\"async\" src=\"https:\/\/www.andreas-edler.de\/blog\/wp-content\/uploads\/2024\/10\/2024-10-26-15.48.45-470x217.jpg\" alt=\"Die ge\u00f6ffnete Revisions- und L\u00fcftungsklappe mit dem Abteil f\u00fcr den Gasbrenner in einem Wohnwagen.\" width=\"470\" height=\"217\" class=\"size-large wp-image-172396\" srcset=\"https:\/\/www.andreas-edler.de\/blog\/wp-content\/uploads\/2024\/10\/2024-10-26-15.48.45-470x217.jpg 470w, https:\/\/www.andreas-edler.de\/blog\/wp-content\/uploads\/2024\/10\/2024-10-26-15.48.45-250x116.jpg 250w, https:\/\/www.andreas-edler.de\/blog\/wp-content\/uploads\/2024\/10\/2024-10-26-15.48.45-768x355.jpg 768w, https:\/\/www.andreas-edler.de\/blog\/wp-content\/uploads\/2024\/10\/2024-10-26-15.48.45-100x46.jpg 100w, https:\/\/www.andreas-edler.de\/blog\/wp-content\/uploads\/2024\/10\/2024-10-26-15.48.45-150x69.jpg 150w, https:\/\/www.andreas-edler.de\/blog\/wp-content\/uploads\/2024\/10\/2024-10-26-15.48.45-200x93.jpg 200w, https:\/\/www.andreas-edler.de\/blog\/wp-content\/uploads\/2024\/10\/2024-10-26-15.48.45-300x139.jpg 300w, https:\/\/www.andreas-edler.de\/blog\/wp-content\/uploads\/2024\/10\/2024-10-26-15.48.45-450x208.jpg 450w, https:\/\/www.andreas-edler.de\/blog\/wp-content\/uploads\/2024\/10\/2024-10-26-15.48.45-600x278.jpg 600w, https:\/\/www.andreas-edler.de\/blog\/wp-content\/uploads\/2024\/10\/2024-10-26-15.48.45-900x416.jpg 900w, https:\/\/www.andreas-edler.de\/blog\/wp-content\/uploads\/2024\/10\/2024-10-26-15.48.45.jpg 1280w\" sizes=\"auto, (max-width: 470px) 100vw, 470px\" \/><\/a><figcaption id=\"caption-attachment-172396\" class=\"wp-caption-text\">Eine Vierteldrehung an der Plastikschraube und man kommt an die Innereien.<\/figcaption><\/figure>\n<p>Im Netz habe ich ein bisschen rumgesucht und die am h\u00e4ufigsten genannte Fehlerquelle ist ein verdreckter Brenner. Vor allen Dingen auch, da der ja wohl so gut wie nie genutzt wird. Als Ma\u00dfnahme wird &#8222;reinigen&#8220; empfohlen. Leider komme ich aufgrund der eng verbauten Abschirmbleche nicht an den Brenner. Und ich habe auch im August das Blech nicht entfernen k\u00f6nnen. L\u00f6sen ja, aber nicht ganz raus nehmen. Wohl aber ist mir dabei eine kleine \u00d6ffnung in der Gaszuf\u00fchrung aufgefallen, die in einigen Forenbeitr\u00e4gen auch als Teil der L\u00f6sung genannt wurde.<\/p>\n<figure id=\"attachment_172398\" aria-describedby=\"caption-attachment-172398\" style=\"width: 470px\" class=\"wp-caption aligncenter\"><a href=\"https:\/\/www.andreas-edler.de\/blog\/wp-content\/uploads\/2024\/10\/2024-10-26-15.45.31.jpg\"><img loading=\"lazy\" decoding=\"async\" src=\"https:\/\/www.andreas-edler.de\/blog\/wp-content\/uploads\/2024\/10\/2024-10-26-15.45.31-470x230.jpg\" alt=\"Ein d\u00fcnnes Metallrohr mit einigen Blechen drum herum. Eine \u00d6ffnung in einer Verdickung des Rohres ist mit einem roten Kreis markiert.\" width=\"470\" height=\"230\" class=\"size-large wp-image-172398\" srcset=\"https:\/\/www.andreas-edler.de\/blog\/wp-content\/uploads\/2024\/10\/2024-10-26-15.45.31-470x230.jpg 470w, https:\/\/www.andreas-edler.de\/blog\/wp-content\/uploads\/2024\/10\/2024-10-26-15.45.31-250x122.jpg 250w, https:\/\/www.andreas-edler.de\/blog\/wp-content\/uploads\/2024\/10\/2024-10-26-15.45.31-768x376.jpg 768w, https:\/\/www.andreas-edler.de\/blog\/wp-content\/uploads\/2024\/10\/2024-10-26-15.45.31-100x49.jpg 100w, https:\/\/www.andreas-edler.de\/blog\/wp-content\/uploads\/2024\/10\/2024-10-26-15.45.31-150x73.jpg 150w, https:\/\/www.andreas-edler.de\/blog\/wp-content\/uploads\/2024\/10\/2024-10-26-15.45.31-200x98.jpg 200w, https:\/\/www.andreas-edler.de\/blog\/wp-content\/uploads\/2024\/10\/2024-10-26-15.45.31-300x147.jpg 300w, https:\/\/www.andreas-edler.de\/blog\/wp-content\/uploads\/2024\/10\/2024-10-26-15.45.31-450x220.jpg 450w, https:\/\/www.andreas-edler.de\/blog\/wp-content\/uploads\/2024\/10\/2024-10-26-15.45.31-600x294.jpg 600w, https:\/\/www.andreas-edler.de\/blog\/wp-content\/uploads\/2024\/10\/2024-10-26-15.45.31-900x441.jpg 900w, https:\/\/www.andreas-edler.de\/blog\/wp-content\/uploads\/2024\/10\/2024-10-26-15.45.31.jpg 1280w\" sizes=\"auto, (max-width: 470px) 100vw, 470px\" \/><\/a><figcaption id=\"caption-attachment-172398\" class=\"wp-caption-text\">Kleines Loch in der Gasleitung<\/figcaption><\/figure>\n<p>Durch dieses Loch &#8211; haben wohl nicht alle Brennerzuleitungen &#8211; sollte man mit Druckluft den Dreck wegblasen k\u00f6nnen. Da ich den Eriba bereits ins Winterquartier bugsiert hatte und vorher leider keine Druckluft zur Hand hatte, habe ich vor Wochen zwei Dosen &#8222;Dust Buster&#8220; bestellt und an diesem Wochenende zu meiner Mama gefahren. Habe den Wohnwagen aus dem Schuppen geholt und dann die ganze Chose wieder aufgeschraubt. Mit dem kleinen R\u00f6hrchen an der Spraydose kam ich gerade so bis zu der kleinen \u00d6ffnung in der Gasleitung. Und dann volle Pulle durchpusten. Vorher habe ich nat\u00fcrlich erfolglos versucht, den K\u00fchlschrank zu starten :-)<\/p>\n<figure id=\"attachment_172399\" aria-describedby=\"caption-attachment-172399\" style=\"width: 470px\" class=\"wp-caption aligncenter\"><a href=\"https:\/\/www.andreas-edler.de\/blog\/wp-content\/uploads\/2024\/10\/2024-10-26-15.37.46.jpg\"><img loading=\"lazy\" decoding=\"async\" src=\"https:\/\/www.andreas-edler.de\/blog\/wp-content\/uploads\/2024\/10\/2024-10-26-15.37.46-470x173.jpg\" alt=\"In einem kleinen Kontrollfenster im Inneren eines K\u00fchlschrank sieht man eine kleine blaue Flamme brennen.\" width=\"470\" height=\"173\" class=\"size-large wp-image-172399\" srcset=\"https:\/\/www.andreas-edler.de\/blog\/wp-content\/uploads\/2024\/10\/2024-10-26-15.37.46-470x173.jpg 470w, https:\/\/www.andreas-edler.de\/blog\/wp-content\/uploads\/2024\/10\/2024-10-26-15.37.46-250x92.jpg 250w, https:\/\/www.andreas-edler.de\/blog\/wp-content\/uploads\/2024\/10\/2024-10-26-15.37.46-768x283.jpg 768w, https:\/\/www.andreas-edler.de\/blog\/wp-content\/uploads\/2024\/10\/2024-10-26-15.37.46-100x37.jpg 100w, https:\/\/www.andreas-edler.de\/blog\/wp-content\/uploads\/2024\/10\/2024-10-26-15.37.46-150x55.jpg 150w, https:\/\/www.andreas-edler.de\/blog\/wp-content\/uploads\/2024\/10\/2024-10-26-15.37.46-200x74.jpg 200w, https:\/\/www.andreas-edler.de\/blog\/wp-content\/uploads\/2024\/10\/2024-10-26-15.37.46-300x111.jpg 300w, https:\/\/www.andreas-edler.de\/blog\/wp-content\/uploads\/2024\/10\/2024-10-26-15.37.46-450x166.jpg 450w, https:\/\/www.andreas-edler.de\/blog\/wp-content\/uploads\/2024\/10\/2024-10-26-15.37.46-600x221.jpg 600w, https:\/\/www.andreas-edler.de\/blog\/wp-content\/uploads\/2024\/10\/2024-10-26-15.37.46-900x332.jpg 900w, https:\/\/www.andreas-edler.de\/blog\/wp-content\/uploads\/2024\/10\/2024-10-26-15.37.46.jpg 1280w\" sizes=\"auto, (max-width: 470px) 100vw, 470px\" \/><\/a><figcaption id=\"caption-attachment-172399\" class=\"wp-caption-text\">Was macht es? &#8211; Es leuchtet blau!<\/figcaption><\/figure>\n<p>Nach der Druckluftorgelei schnell in den Wohnwagen, Gas auf, K\u00fchlschranksteuerung auf Gas, den Drehregler auf 1 und gedr\u00fcckt halten und dann den Piezoz\u00fcnder klacken lassen. Eins, zwei, drei, Flamme! Heureka! So sollte das sein. Das Spielchen habe ich dann noch ein paar Mal mit etwas Abk\u00fchlen zwischendurch gespielt und jedes mal z\u00fcndete der alte Electrolux-Absorber-K\u00fchlschrank beim zweiten oder dritten Klack. Wie sch\u00f6n. Also alles zusammenschrauben, Wohnwagen wieder in den Schuppen movern, aufbocken, Feierabend. Noch mal testen oder z\u00fcndet &#8230; wunderbar! Ich hoffe, das ist im n\u00e4chsten Jahr auch noch so, wenn ich ihn zur Gaspr\u00fcfung rolle. Ansonsten wird er wieder freigepustet.<\/p>\n","protected":false},"excerpt":{"rendered":"<p>Vor dem diesj\u00e4hrigen Sommerurlaub hat der Eriba Nova 545 neue Reifen bekommen und auch der T\u00dcV wurde erledigt. Leider hat das mit der Gaspr\u00fcfung nicht geklappt, weil ich den vermaledeiten K\u00fchlschrank nicht auf Gasbetrieb einschalten konnte. St\u00f6rte mich in diesem &hellip;<\/p>\n<p class=\"read-more\"> <a class=\"more-link\" href=\"https:\/\/www.andreas-edler.de\/blog\/2024\/10\/kuehlschrank-im-eriba-nova-545-mit-gasbetrieb\/\"> <span class=\"screen-reader-text\">Electrolux-K\u00fchlschrank im Eriba Nova 545 mit Gasbetrieb<\/span> Weiterlesen &raquo;<\/a><\/p>\n","protected":false},"author":1,"featured_media":0,"comment_status":"open","ping_status":"open","sticky":false,"template":"","format":"standard","meta":{"ngg_post_thumbnail":0,"activitypub_content_warning":"","activitypub_content_visibility":"","activitypub_max_image_attachments":2,"activitypub_interaction_policy_quote":"anyone","activitypub_status":"federated","footnotes":""},"categories":[22],"tags":[254,255,49,316,46,102,253],"class_list":["post-172395","post","type-post","status-publish","format-standard","hentry","category-basteln","tag-camping","tag-eriba-nova","tag-hardware","tag-reparieren","tag-technik","tag-urlaub","tag-wohnwagen"],"share_on_mastodon":{"url":"https:\/\/social.tchncs.de\/@filmfacts\/113385679145561693","error":""},"_links":{"self":[{"href":"https:\/\/www.andreas-edler.de\/blog\/wp-json\/wp\/v2\/posts\/172395","targetHints":{"allow":["GET"]}}],"collection":[{"href":"https:\/\/www.andreas-edler.de\/blog\/wp-json\/wp\/v2\/posts"}],"about":[{"href":"https:\/\/www.andreas-edler.de\/blog\/wp-json\/wp\/v2\/types\/post"}],"author":[{"embeddable":true,"href":"https:\/\/www.andreas-edler.de\/blog\/wp-json\/wp\/v2\/users\/1"}],"replies":[{"embeddable":true,"href":"https:\/\/www.andreas-edler.de\/blog\/wp-json\/wp\/v2\/comments?post=172395"}],"version-history":[{"count":0,"href":"https:\/\/www.andreas-edler.de\/blog\/wp-json\/wp\/v2\/posts\/172395\/revisions"}],"wp:attachment":[{"href":"https:\/\/www.andreas-edler.de\/blog\/wp-json\/wp\/v2\/media?parent=172395"}],"wp:term":[{"taxonomy":"category","embeddable":true,"href":"https:\/\/www.andreas-edler.de\/blog\/wp-json\/wp\/v2\/categories?post=172395"},{"taxonomy":"post_tag","embeddable":true,"href":"https:\/\/www.andreas-edler.de\/blog\/wp-json\/wp\/v2\/tags?post=172395"}],"curies":[{"name":"wp","href":"https:\/\/api.w.org\/{rel}","templated":true}]}}