{"id":172138,"date":"2024-09-05T18:07:15","date_gmt":"2024-09-05T16:07:15","guid":{"rendered":"https:\/\/www.andreas-edler.de\/blog\/?p=172138"},"modified":"2024-10-03T12:15:14","modified_gmt":"2024-10-03T10:15:14","slug":"oepnv-in-bad-oeynhausen-ist-unpuenktlich","status":"publish","type":"post","link":"https:\/\/www.andreas-edler.de\/blog\/2024\/09\/oepnv-in-bad-oeynhausen-ist-unpuenktlich\/","title":{"rendered":"\u00d6PNV in Bad Oeynhausen ist unp\u00fcnktlich"},"content":{"rendered":"<p>Im Ausschuss f\u00fcr Stadtentwicklung und auch im Stadtrat war und ist der \u00d6PNV regelm\u00e4\u00dfig Thema. Die Meldungen und Unmutsbekundungen zu un\u00fcnktlich bzw. gar nicht fahrenden Bussen kommen regelm\u00e4\u00dfig. Verbesserungen sind nicht erkennbar. Seit ein paar Wochen ist der J\u00fcngste nun auch gelegentliche Nutzer des \u00d6PNV und da seitens der \u00d6PNV-Betreiber darauf hingewiesen wurde, dass nur bei ganz konkreten Nennungen etwas getan werden k\u00f6nne, habe ich das heute mal gemacht.<\/p>\n<p><cite>[&#8230;] Mein Sohn ist seit diesem Sommer am IKG und f\u00e4hrt gelegentlich mit der Linie 461 aus der Stra\u00dfe D\u00f6rgen zum Immanuel-Kant-Gymnasium. Es fahren morgens zwei Busse ab &#8222;In den Knieten&#8220; zum IKG. Einmal ein Bus um 7:21 Uhr und einer um 7:26 Uhr.<br \/>\n<br \/>\nHeute morgen wollte meine Frau gegen 7:20 Uhr mit meinem Sohn zur Bushaltestelle &#8222;in den Knieten&#8220; gehen, um dort den zweiten Bus um 7:26 Uhr zu nehmen. Allerdings sah man dort noch den 7:21 Uhr Bus stehen und direkt dahinter folgte bereits der zweite Bus. Meine Frau ist dann mit meinem Sohn schnell in die andere Richtung gegangen, um den zweiten Bus an der Haltestelle &#8222;D\u00f6rgen&#8220; zu erreichen (Wir wohnen genau zwischen den beiden Haltestellen). Der dort eigentlich um 7:27 Uhr abfahrende zweite Bus wurde um 7:22 Uhr erreicht. Das ist 5 Minuten zu fr\u00fch!<br \/>\n<br \/>\nWie kann es sein, dass zwei Busse, die eigentlich mit 5 Minuten Abstand zueinander die Haltestellen anfahren sollen, direkt hintereinander unterwegs sind und im Falle des zweiten Bus auch noch 5 Minuten zu fr\u00fch die Bushaltestellen verlassen? Die Sch\u00fcler, die p\u00fcnktlich zur Abfahrtszeit an der Haltestelle sind, sehen dann u.U. nur noch die R\u00fccklichter vom Bus. Genau diese Situation ist mir bereits mehrfach von Busfahrenden der Linie 461 berichtet worden. Allerdings wird dann (und auch das wurde Ihnen im Ausschuss\/Rat so gesagt) &#8222;Der Bus f\u00e4hrt gar nicht!&#8220; gesagt. Kann nat\u00fcrlich sein, dass er wie heute morgen einfach 5 Minuten zu fr\u00fch weg war. Das geht so nicht!<br \/>\n<br \/>\nIch bitte darum, den Fahrplan einzuhalten. Genau diese Situation wurde Ihnen im Ausschuss\/Rat geschildert und Sie haben gesagt, ohne konkrete Hinweise k\u00f6nnen Sie leider nichts machen. Die Situation ist ganz konkret heute morgen auf der Linie 461 so passiert. [&#8230;]<\/cite><\/p>\n<p>Ich glaube nicht, dass es eine befriedigende Antwort geben wird.<br \/>\n<a name=\"antwort\"><\/a><br \/>\n<strong>[Update: 06.09.2024]<\/strong> Die MHV bzw. Transdev hat reagiert, teilt mit die Fahrer noch einmal sensibilisiert zu haben und bittet aufgrund der verkehrlichen Situation in Bad Oeynhausen um Verst\u00e4ndnis. Standardantwort, leider. Und nein, Verst\u00e4ndnis habe ich eher wenig f\u00fcr sowas.<\/p>\n","protected":false},"excerpt":{"rendered":"<p>Im Ausschuss f\u00fcr Stadtentwicklung und auch im Stadtrat war und ist der \u00d6PNV regelm\u00e4\u00dfig Thema. Die Meldungen und Unmutsbekundungen zu un\u00fcnktlich bzw. gar nicht fahrenden Bussen kommen regelm\u00e4\u00dfig. Verbesserungen sind nicht erkennbar. Seit ein paar Wochen ist der J\u00fcngste nun &hellip;<\/p>\n<p class=\"read-more\"> <a class=\"more-link\" href=\"https:\/\/www.andreas-edler.de\/blog\/2024\/09\/oepnv-in-bad-oeynhausen-ist-unpuenktlich\/\"> <span class=\"screen-reader-text\">\u00d6PNV in Bad Oeynhausen ist unp\u00fcnktlich<\/span> Weiterlesen &raquo;<\/a><\/p>\n","protected":false},"author":1,"featured_media":0,"comment_status":"open","ping_status":"open","sticky":false,"template":"","format":"standard","meta":{"ngg_post_thumbnail":0,"activitypub_content_warning":"","activitypub_content_visibility":"","activitypub_max_image_attachments":2,"activitypub_interaction_policy_quote":"anyone","activitypub_status":"federated","footnotes":""},"categories":[14,45,13],"tags":[237,362,191,78,474,33,77],"class_list":["post-172138","post","type-post","status-publish","format-standard","hentry","category-bad-oeynhausen","category-politik","category-verkehr","tag-ausschuss-fuer-stadtentwicklung","tag-doergen","tag-oepnv","tag-schule","tag-schulweg","tag-service","tag-stadtrat"],"share_on_mastodon":{"url":"https:\/\/social.tchncs.de\/@filmfacts\/113085804441833485","error":""},"_links":{"self":[{"href":"https:\/\/www.andreas-edler.de\/blog\/wp-json\/wp\/v2\/posts\/172138","targetHints":{"allow":["GET"]}}],"collection":[{"href":"https:\/\/www.andreas-edler.de\/blog\/wp-json\/wp\/v2\/posts"}],"about":[{"href":"https:\/\/www.andreas-edler.de\/blog\/wp-json\/wp\/v2\/types\/post"}],"author":[{"embeddable":true,"href":"https:\/\/www.andreas-edler.de\/blog\/wp-json\/wp\/v2\/users\/1"}],"replies":[{"embeddable":true,"href":"https:\/\/www.andreas-edler.de\/blog\/wp-json\/wp\/v2\/comments?post=172138"}],"version-history":[{"count":0,"href":"https:\/\/www.andreas-edler.de\/blog\/wp-json\/wp\/v2\/posts\/172138\/revisions"}],"wp:attachment":[{"href":"https:\/\/www.andreas-edler.de\/blog\/wp-json\/wp\/v2\/media?parent=172138"}],"wp:term":[{"taxonomy":"category","embeddable":true,"href":"https:\/\/www.andreas-edler.de\/blog\/wp-json\/wp\/v2\/categories?post=172138"},{"taxonomy":"post_tag","embeddable":true,"href":"https:\/\/www.andreas-edler.de\/blog\/wp-json\/wp\/v2\/tags?post=172138"}],"curies":[{"name":"wp","href":"https:\/\/api.w.org\/{rel}","templated":true}]}}