{"id":172058,"date":"2024-08-15T22:14:03","date_gmt":"2024-08-15T20:14:03","guid":{"rendered":"https:\/\/www.andreas-edler.de\/blog\/?p=172058"},"modified":"2024-08-17T13:42:57","modified_gmt":"2024-08-17T11:42:57","slug":"parkplatz-im-tambarare-brunnen-fuer-fahrraeder-umgewidmet","status":"publish","type":"post","link":"https:\/\/www.andreas-edler.de\/blog\/2024\/08\/parkplatz-im-tambarare-brunnen-fuer-fahrraeder-umgewidmet\/","title":{"rendered":"Parkplatz im Tambarare-Brunnen f\u00fcr Fahrr\u00e4der umgewidmet"},"content":{"rendered":"<p>In der Brunnenanlage des Tambararebrunnen an der Unterf\u00fchrung vom City-Center in den Sielpark <a href=\"https:\/\/www.andreas-edler.de\/blog\/2017\/10\/nur-mal-eben\/\" rel=\"noopener\" target=\"_blank\">parken regelm\u00e4\u00dfig Kraftfahrzeuge<\/a>. Man kann nur sehr schwierig rein fahren, es steht ein Schild mit absolutem Halteverbot dort und eigentlich kann man gar nicht auf den Gedanken kommen, dass dies ein Parkplatz sein k\u00f6nnte. Zudem ist das <a href=\"https:\/\/www.andreas-edler.de\/blog\/2019\/03\/wir-haben-viel-zu-wenig-parkplaetze-in-bad-oeynhausen\/\" rel=\"noopener\" target=\"_blank\">Parkhaus S\u00fcltebusch<\/a> ca. 150 Meter entfernt. Ich habe sogar schon einmal ein Ticket hinter dem Scheibenwischer eines Fahrzeugs gesehen, aber meist scheint man dort v\u00f6llig unbehelligt stehen zu k\u00f6nnen.<\/p>\n<figure id=\"attachment_172060\" aria-describedby=\"caption-attachment-172060\" style=\"width: 470px\" class=\"wp-caption aligncenter\"><a href=\"https:\/\/www.andreas-edler.de\/blog\/wp-content\/uploads\/2024\/08\/2022-08-14-16.44.13.jpg\"><img loading=\"lazy\" decoding=\"async\" src=\"https:\/\/www.andreas-edler.de\/blog\/wp-content\/uploads\/2024\/08\/2022-08-14-16.44.13-470x152.jpg\" alt=\"Falschparkende KFZ in einer Durchfahrt f\u00fcr den Fu\u00df- und Radverkehr.\" width=\"470\" height=\"152\" class=\"size-large wp-image-172060\" srcset=\"https:\/\/www.andreas-edler.de\/blog\/wp-content\/uploads\/2024\/08\/2022-08-14-16.44.13-470x152.jpg 470w, https:\/\/www.andreas-edler.de\/blog\/wp-content\/uploads\/2024\/08\/2022-08-14-16.44.13-250x81.jpg 250w, https:\/\/www.andreas-edler.de\/blog\/wp-content\/uploads\/2024\/08\/2022-08-14-16.44.13-768x248.jpg 768w, https:\/\/www.andreas-edler.de\/blog\/wp-content\/uploads\/2024\/08\/2022-08-14-16.44.13-100x32.jpg 100w, https:\/\/www.andreas-edler.de\/blog\/wp-content\/uploads\/2024\/08\/2022-08-14-16.44.13-150x49.jpg 150w, https:\/\/www.andreas-edler.de\/blog\/wp-content\/uploads\/2024\/08\/2022-08-14-16.44.13-200x65.jpg 200w, https:\/\/www.andreas-edler.de\/blog\/wp-content\/uploads\/2024\/08\/2022-08-14-16.44.13-300x97.jpg 300w, https:\/\/www.andreas-edler.de\/blog\/wp-content\/uploads\/2024\/08\/2022-08-14-16.44.13-450x146.jpg 450w, https:\/\/www.andreas-edler.de\/blog\/wp-content\/uploads\/2024\/08\/2022-08-14-16.44.13-600x194.jpg 600w, https:\/\/www.andreas-edler.de\/blog\/wp-content\/uploads\/2024\/08\/2022-08-14-16.44.13-900x291.jpg 900w, https:\/\/www.andreas-edler.de\/blog\/wp-content\/uploads\/2024\/08\/2022-08-14-16.44.13.jpg 1280w\" sizes=\"auto, (max-width: 470px) 100vw, 470px\" \/><\/a><figcaption id=\"caption-attachment-172060\" class=\"wp-caption-text\">Auch die andere Seite ist oft zugeparkt.<\/figcaption><\/figure>\n<p>Manchmal spreche ich Menschen an, wenn sie dort stehen. Einmal war <a href=\"https:\/\/www.andreas-edler.de\/blog\/2024\/07\/falschparker-ansprechen-mit-unerwartetem-ausgang\/\" rel=\"noopener\" target=\"_blank\">der Ausgang sehr unerwartet<\/a>, meist wird man dann aber angep\u00f6belt. Weil viel zu wenig kontrolliert wird. Hat \u00fcbrigens auch Herbert Reul vorgestern in der Wandelhalle gesagt &#8211; und u.a. ausdr\u00fccklich auch Falschparker erw\u00e4hnt. Statt Tickets zu verteilen wurde nun ein anderer Weg gegangen.<\/p>\n<figure id=\"attachment_172063\" aria-describedby=\"caption-attachment-172063\" style=\"width: 470px\" class=\"wp-caption aligncenter\"><a href=\"https:\/\/www.andreas-edler.de\/blog\/wp-content\/uploads\/2024\/08\/2024-08-13-12.45.48.jpg\"><img loading=\"lazy\" decoding=\"async\" src=\"https:\/\/www.andreas-edler.de\/blog\/wp-content\/uploads\/2024\/08\/2024-08-13-12.45.48-470x152.jpg\" alt=\"Fahrradanschlie\u00dfst\u00e4nder auf einem Platz vor B\u00fcschen.\" width=\"470\" height=\"152\" class=\"size-large wp-image-172063\" srcset=\"https:\/\/www.andreas-edler.de\/blog\/wp-content\/uploads\/2024\/08\/2024-08-13-12.45.48-470x152.jpg 470w, https:\/\/www.andreas-edler.de\/blog\/wp-content\/uploads\/2024\/08\/2024-08-13-12.45.48-250x81.jpg 250w, https:\/\/www.andreas-edler.de\/blog\/wp-content\/uploads\/2024\/08\/2024-08-13-12.45.48-768x248.jpg 768w, https:\/\/www.andreas-edler.de\/blog\/wp-content\/uploads\/2024\/08\/2024-08-13-12.45.48-100x32.jpg 100w, https:\/\/www.andreas-edler.de\/blog\/wp-content\/uploads\/2024\/08\/2024-08-13-12.45.48-150x49.jpg 150w, https:\/\/www.andreas-edler.de\/blog\/wp-content\/uploads\/2024\/08\/2024-08-13-12.45.48-200x65.jpg 200w, https:\/\/www.andreas-edler.de\/blog\/wp-content\/uploads\/2024\/08\/2024-08-13-12.45.48-300x97.jpg 300w, https:\/\/www.andreas-edler.de\/blog\/wp-content\/uploads\/2024\/08\/2024-08-13-12.45.48-450x146.jpg 450w, https:\/\/www.andreas-edler.de\/blog\/wp-content\/uploads\/2024\/08\/2024-08-13-12.45.48-600x194.jpg 600w, https:\/\/www.andreas-edler.de\/blog\/wp-content\/uploads\/2024\/08\/2024-08-13-12.45.48-900x291.jpg 900w, https:\/\/www.andreas-edler.de\/blog\/wp-content\/uploads\/2024\/08\/2024-08-13-12.45.48.jpg 1280w\" sizes=\"auto, (max-width: 470px) 100vw, 470px\" \/><\/a><figcaption id=\"caption-attachment-172063\" class=\"wp-caption-text\">Wo kommen die Abstellanlagen denn her?<\/figcaption><\/figure>\n<p>Es wurden Anschlie\u00dfb\u00fcgel f\u00fcr Fahrr\u00e4der aufgestellt. Wo vorher drei Autos parkten, k\u00f6nnen nun 22 Fahrr\u00e4der angeschlossen werden. Und das auf beiden Seiten.<\/p>\n<figure id=\"attachment_172064\" aria-describedby=\"caption-attachment-172064\" style=\"width: 470px\" class=\"wp-caption aligncenter\"><a href=\"https:\/\/www.andreas-edler.de\/blog\/wp-content\/uploads\/2024\/08\/2024-08-13-12.45.50.jpg\"><img loading=\"lazy\" decoding=\"async\" src=\"https:\/\/www.andreas-edler.de\/blog\/wp-content\/uploads\/2024\/08\/2024-08-13-12.45.50-470x152.jpg\" alt=\"Fahrradanschlie\u00dfst\u00e4nder auf einem Platz vor B\u00fcschen.\" width=\"470\" height=\"152\" class=\"size-large wp-image-172064\" srcset=\"https:\/\/www.andreas-edler.de\/blog\/wp-content\/uploads\/2024\/08\/2024-08-13-12.45.50-470x152.jpg 470w, https:\/\/www.andreas-edler.de\/blog\/wp-content\/uploads\/2024\/08\/2024-08-13-12.45.50-250x81.jpg 250w, https:\/\/www.andreas-edler.de\/blog\/wp-content\/uploads\/2024\/08\/2024-08-13-12.45.50-768x248.jpg 768w, https:\/\/www.andreas-edler.de\/blog\/wp-content\/uploads\/2024\/08\/2024-08-13-12.45.50-100x32.jpg 100w, https:\/\/www.andreas-edler.de\/blog\/wp-content\/uploads\/2024\/08\/2024-08-13-12.45.50-150x49.jpg 150w, https:\/\/www.andreas-edler.de\/blog\/wp-content\/uploads\/2024\/08\/2024-08-13-12.45.50-200x65.jpg 200w, https:\/\/www.andreas-edler.de\/blog\/wp-content\/uploads\/2024\/08\/2024-08-13-12.45.50-300x97.jpg 300w, https:\/\/www.andreas-edler.de\/blog\/wp-content\/uploads\/2024\/08\/2024-08-13-12.45.50-450x146.jpg 450w, https:\/\/www.andreas-edler.de\/blog\/wp-content\/uploads\/2024\/08\/2024-08-13-12.45.50-600x194.jpg 600w, https:\/\/www.andreas-edler.de\/blog\/wp-content\/uploads\/2024\/08\/2024-08-13-12.45.50-900x291.jpg 900w, https:\/\/www.andreas-edler.de\/blog\/wp-content\/uploads\/2024\/08\/2024-08-13-12.45.50.jpg 1280w\" sizes=\"auto, (max-width: 470px) 100vw, 470px\" \/><\/a><figcaption id=\"caption-attachment-172064\" class=\"wp-caption-text\">Noch mal fast zwei Dutzend Anschlie\u00dfm\u00f6glichkeiten.<\/figcaption><\/figure>\n<p>Da bin ich jetzt ja mal gespannt, ob man mit diesen Anschlie\u00dfm\u00f6glichkeiten &#8211; es sind leider nur etwas stabilere Felgenbrecher &#8211; die &#8222;illegalen&#8220; Parker vom City Center weg bekommt. Ich bezweifle es ja ein wenig. Oben an die Herforder Stra\u00dfe h\u00e4tte diese Phalanx geh\u00f6rt. Und wahrscheinlich kommt man an Markt- oder Festtagen sowieso mit dem Rad nicht an die St\u00e4nder, weil dann dort sechs Menschen ihre Autos abstellen und verhindern, dass \u00fcber 40 andere ihre Fahrzeuge dort parken k\u00f6nnen.<\/p>\n<p>Wir werden sehen!<\/p>\n","protected":false},"excerpt":{"rendered":"<p>In der Brunnenanlage des Tambararebrunnen an der Unterf\u00fchrung vom City-Center in den Sielpark parken regelm\u00e4\u00dfig Kraftfahrzeuge. Man kann nur sehr schwierig rein fahren, es steht ein Schild mit absolutem Halteverbot dort und eigentlich kann man gar nicht auf den Gedanken &hellip;<\/p>\n<p class=\"read-more\"> <a class=\"more-link\" href=\"https:\/\/www.andreas-edler.de\/blog\/2024\/08\/parkplatz-im-tambarare-brunnen-fuer-fahrraeder-umgewidmet\/\"> <span class=\"screen-reader-text\">Parkplatz im Tambarare-Brunnen f\u00fcr Fahrr\u00e4der umgewidmet<\/span> Weiterlesen &raquo;<\/a><\/p>\n","protected":false},"author":1,"featured_media":172059,"comment_status":"open","ping_status":"open","sticky":false,"template":"","format":"standard","meta":{"ngg_post_thumbnail":0,"activitypub_content_warning":"","activitypub_content_visibility":"","activitypub_max_image_attachments":2,"activitypub_interaction_policy_quote":"anyone","activitypub_status":"federated","footnotes":""},"categories":[14,15],"tags":[110,251,168,436,214,216,535,574],"class_list":["post-172058","post","type-post","status-publish","format-standard","has-post-thumbnail","hentry","category-bad-oeynhausen","category-fahrrad","tag-fahrradfreundliche-stadt","tag-infrastruktur","tag-klimafreundliche-mobilitaet","tag-parkdruck","tag-parken","tag-parkhaeuser","tag-sueltebusch","tag-tambarare-brunnen"],"share_on_mastodon":{"url":"https:\/\/social.tchncs.de\/@filmfacts\/112967866842083501","error":""},"_links":{"self":[{"href":"https:\/\/www.andreas-edler.de\/blog\/wp-json\/wp\/v2\/posts\/172058","targetHints":{"allow":["GET"]}}],"collection":[{"href":"https:\/\/www.andreas-edler.de\/blog\/wp-json\/wp\/v2\/posts"}],"about":[{"href":"https:\/\/www.andreas-edler.de\/blog\/wp-json\/wp\/v2\/types\/post"}],"author":[{"embeddable":true,"href":"https:\/\/www.andreas-edler.de\/blog\/wp-json\/wp\/v2\/users\/1"}],"replies":[{"embeddable":true,"href":"https:\/\/www.andreas-edler.de\/blog\/wp-json\/wp\/v2\/comments?post=172058"}],"version-history":[{"count":0,"href":"https:\/\/www.andreas-edler.de\/blog\/wp-json\/wp\/v2\/posts\/172058\/revisions"}],"wp:featuredmedia":[{"embeddable":true,"href":"https:\/\/www.andreas-edler.de\/blog\/wp-json\/wp\/v2\/media\/172059"}],"wp:attachment":[{"href":"https:\/\/www.andreas-edler.de\/blog\/wp-json\/wp\/v2\/media?parent=172058"}],"wp:term":[{"taxonomy":"category","embeddable":true,"href":"https:\/\/www.andreas-edler.de\/blog\/wp-json\/wp\/v2\/categories?post=172058"},{"taxonomy":"post_tag","embeddable":true,"href":"https:\/\/www.andreas-edler.de\/blog\/wp-json\/wp\/v2\/tags?post=172058"}],"curies":[{"name":"wp","href":"https:\/\/api.w.org\/{rel}","templated":true}]}}