{"id":171877,"date":"2024-07-17T19:02:22","date_gmt":"2024-07-17T17:02:22","guid":{"rendered":"https:\/\/www.andreas-edler.de\/blog\/?p=171877"},"modified":"2024-07-17T19:02:22","modified_gmt":"2024-07-17T17:02:22","slug":"sicherheit-fuer-radfahrende-auf-dem-weserradweg","status":"publish","type":"post","link":"https:\/\/www.andreas-edler.de\/blog\/2024\/07\/sicherheit-fuer-radfahrende-auf-dem-weserradweg\/","title":{"rendered":"Sicherheit f\u00fcr Radfahrende auf dem Weserradweg"},"content":{"rendered":"<p>Nein, damit meine ich gar nicht die heute morgen in der NW zu lesende Posse um den neuen Belag auf der Kussbr\u00fccke in Rehme \u00fcber die Werre.<\/p>\n<p><cite><strong><a href=\"https:\/\/www.nw.de\/lokal\/kreis_minden_luebbecke\/bad_oeynhausen\/23900316_Bad-Oeynhausener-Radler-rutscht-auf-nagelneuem-Brueckenbelag-aus-und-verletzt-sich.html\" target=\"_new\" rel=\"noopener\">Bad Oeynhausener Radler rutscht auf nagelneuem Br\u00fcckenbelag aus und verletzt sich<\/a><\/strong><br \/>\n[&#8230;]  Zwei Tage vor dem Unfall des Dehmer Radlers hat die Verwaltung aber auch ein neues Hinweisschild an beiden Br\u00fcckenenden anbringen lassen: \u201eRadfahrer absteigen\u201c steht darauf. [&#8230;]<\/cite><\/p>\n<p>Da kann ich mir sehr gut vorstellen, dass der Belag einfach zu wenig Sand drin hat und er deshalb rutschig ist. W\u00e4re eine rutschige Epoxidharzbeschichtung direkt nach Erstellung des Belages der Standard, dann h\u00e4tte man die enstprechenden Warnschilder direkt nach Fertigstellung aufgebaut! Ich vermute aber, die Bauma\u00dfnahme ist bereits abgenommen und da kann man ja jetzt schlecht sagen, dass das doch nicht so gut gemacht wurde.<\/p>\n<h4>Wie dem auch sei, darum geht es mir hier gar nicht.<\/h4>\n<p>Im letzten Ausschuss f\u00fcr Stadtentwicklung am 13.06. wurde wurde der Fortschritt des dritten Bauabschnitts der Sanierung des Weserrdweg in Rehme vorgestellt bzw. wir haben beschlossen, der B\u00fcrgermeister soll die ausgeschriebenen Gewerke vergeben.<\/p>\n<p><cite><strong><a href=\"https:\/\/www.badoeynhausen.sitzung-online.de\/public\/to020?TOLFDNR=1000834&#038;SILFDNR=4854\" target=\"_new\" rel=\"noopener\">Ausbau Weser-Radweg zwischen &#8222;Altem F\u00e4hrhaus&#8220; und &#8222;K\u00f6nigstra\u00dfe&#8220;; Vergabeerm\u00e4chtigung<\/a><\/strong><br \/>\nDer B\u00fcrgermeister wird erm\u00e4chtigt, im Zuge der \u00f6ffentlichen Ausschreibung den Auftrag &#8211; vorbehaltlich der Zustimmung durch die Rechnungspr\u00fcfung &#8211; an den wirtschaftlichsten Bieter zu erteilen.<\/cite><\/p>\n<p>Bereits bei den ersten Vorstellungen des Abschnitts habe ich angeregt, dass man die Kreuzung K\u00f6nigstra\u00dfe <-> Weserradweg umgestalten k\u00f6nnte. Dort hat die K\u00f6nigstra\u00dfe Vorfahrt (wegen rechts vor links), der Weserradweg ist m.M.n. aber die &#8222;wichtigere&#8220; Verbindung. Also regte ich eine entsprechende \u00c4nderung an, um dem Weserradweg Vorfahrt zu geben. Anderer Verkehr ist dort eh nur \u00fcberschaubar vorhanden. Z.B. h\u00e4tte man die K\u00f6nigstra\u00dfe aufpflastern k\u00f6nnen, damit dem Verkehr dort verdeutlicht wird, dass man aufpassen soll.<\/p>\n<p>Bisher hatte die Stadt unter der Fahrradbeauftragten Linda Noack dort auf dem Weserradweg ein &#8222;Vorfahrt achten&#8220;-Schild aufgestellt. Immer wenn man in Bad Oeynhausen nichts zu Gunsten des Radverkehrs \u00e4ndern will, dann schr\u00e4nkt man diesen ein. Auf der Kussbr\u00fccke soll man nun halt nicht mehr fahren. Problem gel\u00f6st. Genauso wie man bei zu sp\u00e4t kommenden Schulbussen einfach einen fr\u00fcher nehmen soll. Dann ist man ja p\u00fcnktlich. Super einfache L\u00f6sungen!<\/p>\n<p>Nun ging es mir bei der K\u00f6nigstra\u00dfe und dem Weserradweg kein bisschen um die Sicherheit, sondern um den Komfort, um die Wichtung des Radverkehrs und darum, endlich mal andere Verkehrsarten zu Gunsten des Radverkehrs einzuschr\u00e4nken. Und wenn es nur auf so etwas Nachrangigem wie dem Weserradweg ist. Da f\u00e4hrt ja niemand.<\/p>\n<p>Also habe ich im ASE gefragt, wie der Stand bezgl. dieser Anregung ist. Die Antwort hat mich ein bisschen sprachlos gemacht:<\/p>\n<p><cite>In der Vergangenheit ist es wiederholt zu Verkehrsunf\u00e4llen zwischen Radfahrern im Kreuzungsbereich Weserradweg\/K\u00f6nigstra\u00dfe gekommen.<br \/>\n<br \/>\nDaher wurde bereits im August 2010 durch die Verkehrsbeh\u00f6rde angeordnet, unterhalb der Eisenbahn\u00fcberf\u00fchrung, aus Richtung Norden kommend, ein \u201eVorfahrt gew\u00e4hren\u201c Schild aufzustellen, welches dem Radfahrer die Wartepflicht verdeutlicht.<br \/>\n<br \/>\nSeither ist es zu keinem dokumentierten Unfall mehr gekommen. Von einer, von Ihnen vorgeschlagenen, Aufpflasterung des gesamten Kreuzungsbereiches wird daher abgesehen.<br \/>\n<br \/>\nDa der Kreuzungsbereich jedoch grunds\u00e4tzlich schwer einzusehen ist, pr\u00fcft die Verkehrsbeh\u00f6rde nunmehr, ob die Aufstellung eines \u201eRadfahrer kreuzen\u201c Schildes auf der K\u00f6nigstra\u00dfe die Sicherheit weiter erh\u00f6hen k\u00f6nnte.<\/cite><\/p>\n<p>Augenscheinlich ist nicht verstanden worden, worum es mir ging. Wobei ich es von Anfang an so deutlich formuliert habe. Ich wei\u00df, warum das Schild dort steht und ich habe von Anfang an gesagt, was man da besser machen k\u00f6nnte. In Bad Oeynhausen will man den Radverkehr einfach nicht attraktiver machen. Es ging nicht um Sicherheit, es ging um Komfort! Wir hatten als Stadt mal vor &#8222;Fahrradfreundliche Stadt&#8220; zu werden. So eine \u00c4nderung w\u00e4re ein Schritt dorthin.<\/p>\n<p>Blo\u00df nichts \u00e4ndern, blo\u00df nichts erkl\u00e4ren. Wann kommen die Pfosten in der Lenn\u00e9 Stra\u00dfe, damit dort nicht mehr mit dem Auto in die Fu\u00dfg\u00e4ngerzone gefahren wird? &#8222;Och, da gibt es doch jetzt den Pfostenerlass. Wir haben jetzt jahrelang nichts gemacht da k\u00f6nnen wir jetzt auch weiterhin Ruhe die Situation pr\u00fcfen! <\/p>\n","protected":false},"excerpt":{"rendered":"<p>Nein, damit meine ich gar nicht die heute morgen in der NW zu lesende Posse um den neuen Belag auf der Kussbr\u00fccke in Rehme \u00fcber die Werre. Bad Oeynhausener Radler rutscht auf nagelneuem Br\u00fcckenbelag aus und verletzt sich [&#8230;] Zwei &hellip;<\/p>\n<p class=\"read-more\"> <a class=\"more-link\" href=\"https:\/\/www.andreas-edler.de\/blog\/2024\/07\/sicherheit-fuer-radfahrende-auf-dem-weserradweg\/\"> <span class=\"screen-reader-text\">Sicherheit f\u00fcr Radfahrende auf dem Weserradweg<\/span> Weiterlesen &raquo;<\/a><\/p>\n","protected":false},"author":1,"featured_media":0,"comment_status":"open","ping_status":"open","sticky":false,"template":"","format":"standard","meta":{"ngg_post_thumbnail":0,"activitypub_content_warning":"","activitypub_content_visibility":"","activitypub_max_image_attachments":2,"activitypub_interaction_policy_quote":"anyone","activitypub_status":"federated","footnotes":""},"categories":[14,15,45,13],"tags":[237,110,251,460,207,175,72,301],"class_list":["post-171877","post","type-post","status-publish","format-standard","hentry","category-bad-oeynhausen","category-fahrrad","category-politik","category-verkehr","tag-ausschuss-fuer-stadtentwicklung","tag-fahrradfreundliche-stadt","tag-infrastruktur","tag-koenigstrasse","tag-radweg","tag-tourismus","tag-verwaltung","tag-weserradweg"],"share_on_mastodon":{"url":"https:\/\/social.tchncs.de\/@filmfacts\/112802905645147116","error":""},"_links":{"self":[{"href":"https:\/\/www.andreas-edler.de\/blog\/wp-json\/wp\/v2\/posts\/171877","targetHints":{"allow":["GET"]}}],"collection":[{"href":"https:\/\/www.andreas-edler.de\/blog\/wp-json\/wp\/v2\/posts"}],"about":[{"href":"https:\/\/www.andreas-edler.de\/blog\/wp-json\/wp\/v2\/types\/post"}],"author":[{"embeddable":true,"href":"https:\/\/www.andreas-edler.de\/blog\/wp-json\/wp\/v2\/users\/1"}],"replies":[{"embeddable":true,"href":"https:\/\/www.andreas-edler.de\/blog\/wp-json\/wp\/v2\/comments?post=171877"}],"version-history":[{"count":0,"href":"https:\/\/www.andreas-edler.de\/blog\/wp-json\/wp\/v2\/posts\/171877\/revisions"}],"wp:attachment":[{"href":"https:\/\/www.andreas-edler.de\/blog\/wp-json\/wp\/v2\/media?parent=171877"}],"wp:term":[{"taxonomy":"category","embeddable":true,"href":"https:\/\/www.andreas-edler.de\/blog\/wp-json\/wp\/v2\/categories?post=171877"},{"taxonomy":"post_tag","embeddable":true,"href":"https:\/\/www.andreas-edler.de\/blog\/wp-json\/wp\/v2\/tags?post=171877"}],"curies":[{"name":"wp","href":"https:\/\/api.w.org\/{rel}","templated":true}]}}