{"id":17187,"date":"2012-12-23T12:22:29","date_gmt":"2012-12-23T11:22:29","guid":{"rendered":"http:\/\/www.andreas-edler.de\/blog\/?p=17187"},"modified":"2012-12-23T12:22:29","modified_gmt":"2012-12-23T11:22:29","slug":"fliessender-verkehr-in-der-klosterstrasse","status":"publish","type":"post","link":"https:\/\/www.andreas-edler.de\/blog\/2012\/12\/fliessender-verkehr-in-der-klosterstrasse\/","title":{"rendered":"Flie\u00dfender Verkehr in der Klosterstra\u00dfe"},"content":{"rendered":"<p>Die Bad Oeynhausener Innenstadt wird reichlich von Autos befahren. Viele der ans\u00e4ssigen Kaufleute fahren auch gerne tags\u00fcber mal zu ihren Gesch\u00e4ften, Lieferdienste sollen dort schon gesichtet worden sein, unbedarfte Leute, die zwar ihrem Navi vertrauen, ansonsten aber Schilder nicht lesen k\u00f6nnen. Und Anwohner. F\u00fcr all&#8216; die oben genannten Menschen springe ich nat\u00fcrlich gerne zur Seite, wenn ich meine Mittagspause in der Fu\u00dfg\u00e4ngerzone verbringe. Im letzten Ausschuss f\u00fcr Stadtentwicklung habe ich im \u00f6ffentlichen Teil dazu eine Anfrage gestellt. Und zwar, ob es bei den Sondergenehmigungen zur Einfahrt in die Fu\u00dfg\u00e4ngerzone Beschr\u00e4nkungen hinsichtlich der Fahrtrichtung gibt.<!--more--><\/p>\n<p>Es ist mir n\u00e4mlich mehrfach aufgefallen, dass Anwohner durch die Portastra\u00dfe Richtung Klosterstra\u00dfe fahren, sich dann zwischen Apotheke und Schweinebrunnen durchschl\u00e4ngeln, um in den oberen Teil der Klosterstra\u00dfe zu gelangen. Das dabei Fu\u00dfg\u00e4nger beeintr\u00e4chtigt werden, wird jedem einleuchten. Um den Schweinebrunnen herum muss man echt nicht fahren.<\/p>\n<p>Nach einem Monat habe ich auch schriftliche Antwort bekommen, da die Anfrage im Ausschuss nicht zu beantworten war. <cite>Ausnahmegenehmigungen zum Befahren der Fu\u00dfg\u00e4ngerzone werden ausschlie\u00dflich erteilt, um es berechtigten Personen zu erm\u00f6glichen ihren Stellplatz auf einem Privatgrundst\u00fcck zu erreichen. Diese Durchfahrtsgenehmigungen sind jedoch mit Auflagen verbunden und zwar in der Form, dass die Fahrtstrecke vorgegeben wird.<br \/>\n<br \/>\nF\u00fcr den Bereich der oberen Klosterstra\u00dfe bedeutet dieses, dass das Befahren ausschlie\u00dflich zwischen der von-Moeller-Stra\u00dfe und dem jeweiligen Grundst\u00fcck erlaubt wird.<\/cite> Anders konnte ich mir das auch nicht vorstellen! Scheint aber doch nicht bei allen so angekommen zu sein. Deswegen hatte ich im Ausschuss erg\u00e4nzt, man m\u00f6ge den Anwohnern das doch vielleicht noch einmal verdeutlichen. Darauf wurde in der Antwort jedoch nicht eingegangen, daf\u00fcr mir aber mitgeteilt: <cite>Abschlie\u00dfend darf ich Ihnen mitteilen, dass die \u00dcberwachung, ob Fahrzeuge in die Fu\u00dfg\u00e4ngerzone einfahren d\u00fcrfen und bestehenden Auflagen eingehalten werden, ausschlie\u00dflich der Polizei obliegt, da diese f\u00fcr den flie\u00dfenden Verkehr zust\u00e4ndig ist.<\/cite> Auch das ist mir schon mehrfach so gesagt worden. Die Polizei erz\u00e4hlt es f\u00fcr den &#8222;ruhenden Verkehr&#8220; auch sehr gerne so. Vergisst dabei aber, dass z.B. ein auf einem Geh- oder Radweg geparktes Fahrzeug selbstverst\u00e4ndlich den &#8222;flie\u00dfenden Verkehr&#8220; behindert und somit nat\u00fcrlich die Polizei zust\u00e4ndig ist. Und auch das Ordnungsamt scheint es mit den Zust\u00e4ndigkeiten nicht so genau zu nehmen, denn Radfahrer werden durchaus angehalten. Habe ich selbst beobachtet. Und nun will mir das Ordnunsgamt ja wohl nicht erz\u00e4hlen, dass Fahrr\u00e4der nicht zum flie\u00dfenden Verkehr geh\u00f6ren &#8211; zumindest nicht, wenn Autos in Fu\u00dfg\u00e4ngerzonen flie\u00dfender Verkehr sind.<\/p>\n<p>Hinweis also an alle Radfahrer in der Fu\u00dfg\u00e4ngerzone: wenn euch demn\u00e4chst mal jemand vom Ordnungsamt anhalten m\u00f6chte, einfach freundlich Gr\u00fc\u00dfen und weiter fahren. Die d\u00fcrfen es laut eigener Aussage gar nicht.<\/p>\n","protected":false},"excerpt":{"rendered":"<p>Die Bad Oeynhausener Innenstadt wird reichlich von Autos befahren. Viele der ans\u00e4ssigen Kaufleute fahren auch gerne tags\u00fcber mal zu ihren Gesch\u00e4ften, Lieferdienste sollen dort schon gesichtet worden sein, unbedarfte Leute, die zwar ihrem Navi vertrauen, ansonsten aber Schilder nicht lesen &hellip;<\/p>\n<p class=\"read-more\"> <a class=\"more-link\" href=\"https:\/\/www.andreas-edler.de\/blog\/2012\/12\/fliessender-verkehr-in-der-klosterstrasse\/\"> <span class=\"screen-reader-text\">Flie\u00dfender Verkehr in der Klosterstra\u00dfe<\/span> Weiterlesen &raquo;<\/a><\/p>\n","protected":false},"author":1,"featured_media":0,"comment_status":"open","ping_status":"open","sticky":false,"template":"","format":"standard","meta":{"ngg_post_thumbnail":0,"activitypub_content_warning":"","activitypub_content_visibility":"","activitypub_max_image_attachments":2,"activitypub_interaction_policy_quote":"anyone","activitypub_status":"","footnotes":""},"categories":[14,15,13],"tags":[37,71,72],"class_list":["post-17187","post","type-post","status-publish","format-standard","hentry","category-bad-oeynhausen","category-fahrrad","category-verkehr","tag-auto","tag-regeln","tag-verwaltung"],"share_on_mastodon":{"url":"","error":""},"_links":{"self":[{"href":"https:\/\/www.andreas-edler.de\/blog\/wp-json\/wp\/v2\/posts\/17187","targetHints":{"allow":["GET"]}}],"collection":[{"href":"https:\/\/www.andreas-edler.de\/blog\/wp-json\/wp\/v2\/posts"}],"about":[{"href":"https:\/\/www.andreas-edler.de\/blog\/wp-json\/wp\/v2\/types\/post"}],"author":[{"embeddable":true,"href":"https:\/\/www.andreas-edler.de\/blog\/wp-json\/wp\/v2\/users\/1"}],"replies":[{"embeddable":true,"href":"https:\/\/www.andreas-edler.de\/blog\/wp-json\/wp\/v2\/comments?post=17187"}],"version-history":[{"count":0,"href":"https:\/\/www.andreas-edler.de\/blog\/wp-json\/wp\/v2\/posts\/17187\/revisions"}],"wp:attachment":[{"href":"https:\/\/www.andreas-edler.de\/blog\/wp-json\/wp\/v2\/media?parent=17187"}],"wp:term":[{"taxonomy":"category","embeddable":true,"href":"https:\/\/www.andreas-edler.de\/blog\/wp-json\/wp\/v2\/categories?post=17187"},{"taxonomy":"post_tag","embeddable":true,"href":"https:\/\/www.andreas-edler.de\/blog\/wp-json\/wp\/v2\/tags?post=17187"}],"curies":[{"name":"wp","href":"https:\/\/api.w.org\/{rel}","templated":true}]}}