{"id":171851,"date":"2024-07-04T23:33:55","date_gmt":"2024-07-04T21:33:55","guid":{"rendered":"https:\/\/www.andreas-edler.de\/blog\/?p=171851"},"modified":"2024-07-14T13:55:37","modified_gmt":"2024-07-14T11:55:37","slug":"falschparker-ansprechen-mit-unerwartetem-ausgang","status":"publish","type":"post","link":"https:\/\/www.andreas-edler.de\/blog\/2024\/07\/falschparker-ansprechen-mit-unerwartetem-ausgang\/","title":{"rendered":"Falschparker ansprechen mit unerwartetem Ausgang"},"content":{"rendered":"<p>Am Donnerstag sehr lange im B\u00fcro gewesen, obwohl wir an dem Abend auch noch den offenen Gr\u00fcnen Stammtisch in der Druckerei hatten. Auf dem Nachhauseweg durch den Siel, fahre ich am Tambararebrunnen vorbei und da parkte wieder mal jemand in der Brunnenanlage. Kostet ja nichts und der Stadt ist es augenscheinlich egal. Hinter dem Audi A6 4.5 tfsi stand ein leicht zauseliger, \u00e4lterer Herr mit einem Rollator. An sich nicht ungew\u00f6hnlich, dass solche optisch eher nicht zum Fahrzeug passender Mensch, damit unterwegs ist. Und auch nicht, dass jemand seinen Rollator aus dem Kofferraum zerrt, nachdem er das Auto geparkt hat.<\/p>\n<figure id=\"attachment_171852\" aria-describedby=\"caption-attachment-171852\" style=\"width: 470px\" class=\"wp-caption aligncenter\"><a href=\"https:\/\/www.andreas-edler.de\/blog\/wp-content\/uploads\/2024\/07\/2024-07-04-19.10.38.jpg\"><img loading=\"lazy\" decoding=\"async\" src=\"https:\/\/www.andreas-edler.de\/blog\/wp-content\/uploads\/2024\/07\/2024-07-04-19.10.38-470x225.jpg\" alt=\"Audi A6 4.5 tfsi parkt im absoluten Halteverbot in einer Brunnenanlage\" width=\"470\" height=\"225\" class=\"size-large wp-image-171852\" srcset=\"https:\/\/www.andreas-edler.de\/blog\/wp-content\/uploads\/2024\/07\/2024-07-04-19.10.38-470x225.jpg 470w, https:\/\/www.andreas-edler.de\/blog\/wp-content\/uploads\/2024\/07\/2024-07-04-19.10.38-250x120.jpg 250w, https:\/\/www.andreas-edler.de\/blog\/wp-content\/uploads\/2024\/07\/2024-07-04-19.10.38-768x368.jpg 768w, https:\/\/www.andreas-edler.de\/blog\/wp-content\/uploads\/2024\/07\/2024-07-04-19.10.38-100x48.jpg 100w, https:\/\/www.andreas-edler.de\/blog\/wp-content\/uploads\/2024\/07\/2024-07-04-19.10.38-150x72.jpg 150w, https:\/\/www.andreas-edler.de\/blog\/wp-content\/uploads\/2024\/07\/2024-07-04-19.10.38-200x96.jpg 200w, https:\/\/www.andreas-edler.de\/blog\/wp-content\/uploads\/2024\/07\/2024-07-04-19.10.38-300x144.jpg 300w, https:\/\/www.andreas-edler.de\/blog\/wp-content\/uploads\/2024\/07\/2024-07-04-19.10.38-450x216.jpg 450w, https:\/\/www.andreas-edler.de\/blog\/wp-content\/uploads\/2024\/07\/2024-07-04-19.10.38-600x288.jpg 600w, https:\/\/www.andreas-edler.de\/blog\/wp-content\/uploads\/2024\/07\/2024-07-04-19.10.38-900x432.jpg 900w, https:\/\/www.andreas-edler.de\/blog\/wp-content\/uploads\/2024\/07\/2024-07-04-19.10.38.jpg 1280w\" sizes=\"auto, (max-width: 470px) 100vw, 470px\" \/><\/a><figcaption id=\"caption-attachment-171852\" class=\"wp-caption-text\">Parken im Tambararebrunnen<\/figcaption><\/figure>\n<p>Ich sprach den Mann also an und fragte h\u00f6flich ob es sein Fahrzeug sei. &#8222;Nat\u00fcrlich, bl\u00f6de Frage!&#8220; &#8211; das fing ja gut an. Habe ihm dann kurz gesagt, dass das kein Parkplatz sondern die Freifl\u00e4che um einen Brunnen ist. Er wurde daraufhin leicht aggressiv und lauter im Ton. Ich solle abhauen, um die Ecke steht die Polizei, die w\u00fcsste Bescheid und alle Taxisfahrer auch. OK!? Nicht das erste Mal, dass mir jemand so einen Bl\u00f6dsinn in dem Ton erz\u00e4hlt. Mir kam es aber komisch vor und fragte nochmal, ob das sein Fahrzeug sei. Ob ich denn komplett verbl\u00f6det sei, wurde ich gefragt, nat\u00fcrlich nicht. Der Wagen ist geklaut. Ich solle abhauen. \u00c4hja. Selbst das w\u00e4re unter sarkastisch zu verbuchen gewesen. Er rollte dann zur Fahrert\u00fcr und wollte dies \u00f6ffnen &#8211; was nicht gelang. War abgeschlossen. Daraufhin schaute er durch das Fenster ins Innere.<\/p>\n<p>Da war mir eigentlich klar, dass was nicht passte und ich fragte, ob ich jemanden informieren solle. Wurde abgelehnt und ich beschimpft. Dann war er pl\u00f6tzlich super fix an der Fahrbahn und hielt ein Auto an, um mit dessen Fahrer zu sprechen. Ich zur Fahrerseite und gefragt, ob er den Herrn kenne. Das wurde verneint und ich sagte dann, dass ich wohl besser die Polizei rufe. Der Autofahrer nickte nur und fuhr dann fort.<\/p>\n<p>Habe die Polizei informiert, Standort durchgegeben und versichert, dass ich vor Ort bleibe. Der \u00e4ltere Herr sa\u00df zusammen gekauert auf seinem Rollator und guckte auf den Boden. Immer wenn ich in ansprach war er leicht aggressiv und beleidigend. In der Zeit sind sehr viele Menschen vorbei gegangen und gefahren, die von der Situation keine Notiz genommen haben und vorher hat sich ja augenscheinlich auch niemand gek\u00fcmmert. Nur ein P\u00e4rchen schlenderte vorbei und die Frau guckte mehrfach. Kam dann, als sie schon eine Ecke weiter waren, zur\u00fcck und fragte ob alles OK sei. Ich habe gesagt, dass ich bereits die Polizei gerufen habe, der Herr offensichtlich verwirrt ist und ich warte, bis er abgeholt wird und mich f\u00fcr die Nachfrage bedankt. Da meinte sie nur &#8222;Nein, nein, ich bedanke mich bei Ihnen!&#8220; und da war ich schon ein bisschen ger\u00fchrt.<\/p>\n<p>Es dauerte ca. 15 Minuten bis die Polizei den Tamabararebrunnen nicht gefunden hat, sondern am Eingang zum Bahnhof suchte. Bin schnell hin gesaust und habe sie zum Brunnen gerufen. Dort angekommen wurde der Mann von der Polizistin schon mit Namen begr\u00fc\u00dft &#8211; den hatte er mich zwischenzeitlich auch gesagt. Augenscheinlich wurde er bereits vermisst. Polizei hat kurz gedankt und mich dann fortgeschickt. Alles gut.<\/p>\n<p>Es ist nicht einfach, Menschen anzusprechen. Weder weil man ihnen mitteilen m\u00f6chte, dass sie sich gerade falsch verhalten und vielleicht noch mehr, wenn man helfen m\u00f6chte. In diesem Fall kam beides zusammen. In jedem Fall, sollte man sich einfach mehr trauen.<\/p>\n","protected":false},"excerpt":{"rendered":"<p>Am Donnerstag sehr lange im B\u00fcro gewesen, obwohl wir an dem Abend auch noch den offenen Gr\u00fcnen Stammtisch in der Druckerei hatten. Auf dem Nachhauseweg durch den Siel, fahre ich am Tambararebrunnen vorbei und da parkte wieder mal jemand in &hellip;<\/p>\n<p class=\"read-more\"> <a class=\"more-link\" href=\"https:\/\/www.andreas-edler.de\/blog\/2024\/07\/falschparker-ansprechen-mit-unerwartetem-ausgang\/\"> <span class=\"screen-reader-text\">Falschparker ansprechen mit unerwartetem Ausgang<\/span> Weiterlesen &raquo;<\/a><\/p>\n","protected":false},"author":1,"featured_media":0,"comment_status":"open","ping_status":"open","sticky":false,"template":"","format":"standard","meta":{"ngg_post_thumbnail":0,"activitypub_content_warning":"","activitypub_content_visibility":"","activitypub_max_image_attachments":2,"activitypub_interaction_policy_quote":"anyone","activitypub_status":"federated","footnotes":""},"categories":[1,13],"tags":[37,50,34,436,214,127,318,574],"class_list":["post-171851","post","type-post","status-publish","format-standard","hentry","category-allgemein","category-verkehr","tag-auto","tag-helfen","tag-kommunikation","tag-parkdruck","tag-parken","tag-polizei","tag-sielpark","tag-tambarare-brunnen"],"share_on_mastodon":{"url":"https:\/\/social.tchncs.de\/@filmfacts\/112784712620716398","error":""},"_links":{"self":[{"href":"https:\/\/www.andreas-edler.de\/blog\/wp-json\/wp\/v2\/posts\/171851","targetHints":{"allow":["GET"]}}],"collection":[{"href":"https:\/\/www.andreas-edler.de\/blog\/wp-json\/wp\/v2\/posts"}],"about":[{"href":"https:\/\/www.andreas-edler.de\/blog\/wp-json\/wp\/v2\/types\/post"}],"author":[{"embeddable":true,"href":"https:\/\/www.andreas-edler.de\/blog\/wp-json\/wp\/v2\/users\/1"}],"replies":[{"embeddable":true,"href":"https:\/\/www.andreas-edler.de\/blog\/wp-json\/wp\/v2\/comments?post=171851"}],"version-history":[{"count":0,"href":"https:\/\/www.andreas-edler.de\/blog\/wp-json\/wp\/v2\/posts\/171851\/revisions"}],"wp:attachment":[{"href":"https:\/\/www.andreas-edler.de\/blog\/wp-json\/wp\/v2\/media?parent=171851"}],"wp:term":[{"taxonomy":"category","embeddable":true,"href":"https:\/\/www.andreas-edler.de\/blog\/wp-json\/wp\/v2\/categories?post=171851"},{"taxonomy":"post_tag","embeddable":true,"href":"https:\/\/www.andreas-edler.de\/blog\/wp-json\/wp\/v2\/tags?post=171851"}],"curies":[{"name":"wp","href":"https:\/\/api.w.org\/{rel}","templated":true}]}}