{"id":171701,"date":"2024-06-13T07:52:40","date_gmt":"2024-06-13T05:52:40","guid":{"rendered":"https:\/\/www.andreas-edler.de\/blog\/?p=171701"},"modified":"2024-06-13T07:52:40","modified_gmt":"2024-06-13T05:52:40","slug":"eriba-nova-neu-bereift","status":"publish","type":"post","link":"https:\/\/www.andreas-edler.de\/blog\/2024\/06\/eriba-nova-neu-bereift\/","title":{"rendered":"Eriba Nova neu bereift"},"content":{"rendered":"<p>Alle sechs Jahre bekommt der <a href=\"https:\/\/www.andreas-edler.de\/blog\/tag\/eriba-nova\/\" rel=\"noopener\" target=\"_blank\">Eriba Nova 535<\/a> neue Reifen. Die ben\u00f6tigt er, damit <a href=\"https:\/\/www.andreas-edler.de\/blog\/2012\/07\/ich-darf-jetzt-schneller\/\" rel=\"noopener\" target=\"_blank\">die 100 Km\/h Zulassung<\/a> in Deutschland weiter greift. Ist die entsprechende Ummeldung schon wieder 12 Jahre her? Termin hatte ich schon vor einiger Zeit gemacht und im Gespr\u00e4ch am Telefon erfahren, dass ich den T\u00dcV gleich mit erledigen lassen k\u00f6nne. Perfekt. P\u00fcnktlich auf den Hof gefahren, Reifen gewechselt, noch ein bisschen gewartet und dann auch gleich den T\u00dcV bekommen.<\/p>\n<p><figure id=\"attachment_171704\" aria-describedby=\"caption-attachment-171704\" style=\"width: 250px\" class=\"wp-caption alignright\"><a href=\"https:\/\/www.andreas-edler.de\/blog\/wp-content\/uploads\/2024\/06\/2024-06-11-21.08.33.jpg\"><img loading=\"lazy\" decoding=\"async\" src=\"https:\/\/www.andreas-edler.de\/blog\/wp-content\/uploads\/2024\/06\/2024-06-11-21.08.33-250x103.jpg\" alt=\"Ein kleine blaue Flamme ist im Kontrollfenster eines mit Gas betriebenen K\u00fchlschranks zu sehen.\" width=\"250\" height=\"103\" class=\"size-medium wp-image-171704\" srcset=\"https:\/\/www.andreas-edler.de\/blog\/wp-content\/uploads\/2024\/06\/2024-06-11-21.08.33-250x103.jpg 250w, https:\/\/www.andreas-edler.de\/blog\/wp-content\/uploads\/2024\/06\/2024-06-11-21.08.33-470x193.jpg 470w, https:\/\/www.andreas-edler.de\/blog\/wp-content\/uploads\/2024\/06\/2024-06-11-21.08.33-768x315.jpg 768w, https:\/\/www.andreas-edler.de\/blog\/wp-content\/uploads\/2024\/06\/2024-06-11-21.08.33-100x41.jpg 100w, https:\/\/www.andreas-edler.de\/blog\/wp-content\/uploads\/2024\/06\/2024-06-11-21.08.33-150x62.jpg 150w, https:\/\/www.andreas-edler.de\/blog\/wp-content\/uploads\/2024\/06\/2024-06-11-21.08.33-200x82.jpg 200w, https:\/\/www.andreas-edler.de\/blog\/wp-content\/uploads\/2024\/06\/2024-06-11-21.08.33-300x123.jpg 300w, https:\/\/www.andreas-edler.de\/blog\/wp-content\/uploads\/2024\/06\/2024-06-11-21.08.33-450x185.jpg 450w, https:\/\/www.andreas-edler.de\/blog\/wp-content\/uploads\/2024\/06\/2024-06-11-21.08.33-600x246.jpg 600w, https:\/\/www.andreas-edler.de\/blog\/wp-content\/uploads\/2024\/06\/2024-06-11-21.08.33-900x369.jpg 900w, https:\/\/www.andreas-edler.de\/blog\/wp-content\/uploads\/2024\/06\/2024-06-11-21.08.33.jpg 1280w\" sizes=\"auto, (max-width: 250px) 100vw, 250px\" \/><\/a><figcaption id=\"caption-attachment-171704\" class=\"wp-caption-text\">Es leuchtet blau!<\/figcaption><\/figure> Leider konnte die Gaspr\u00fcfung nicht gemacht werden, weil ich zwar am Vorabend nach tausenden von enervierenden &#8222;KLack&#8220; mit dem Piezoz\u00fcnder den K\u00fchlschrank starten konnte, dieser aber aber nun nicht mehr z\u00fcnden wollte. Sei&#8217;s drum, der Rest funktioniert einwandfrei und die Pr\u00fcfplakette wollte in den letzten 28 Jahren niemand sehen. Ist auch keine Verpflichtung. Schl\u00e4uche und Druckminderer hatte ich alles erneuert.<\/p>\n<p>Nun habe ich nur noch einen Termin, um die Auflaufbremse etwas nachstellen zu lassen. Vielleicht ist auch der Auflaufd\u00e4mpfer kaputt. Bremsen tut er jedenfalls. Und der Yeti muss nach acht Jahren auch nmal eine neue Sommerbereifung bekommen. Noch einiges zu tun, bevor wir wieder nach Kroatien rollen!<\/p>\n<p>Falls jemand die alten Reifen mit ca. 16.000 Km Laufleistung haben m\u00f6chte: ich biete sie <a href=\"https:\/\/www.kleinanzeigen.de\/s-anzeige\/2-x-falken-linam-van01-205-65-r15c-102-100t-ca-16-000-km\/2786619147-223-1239\" rel=\"noopener\" target=\"_blank\">auf Kleinanzeigen.de zum Kauf<\/a> an! Das Profil ist echt noch super und jenseits der Urlaubszeit steht der Wagen trocken und wettergesch\u00fctzt.<\/p>\n","protected":false},"excerpt":{"rendered":"<p>Alle sechs Jahre bekommt der Eriba Nova 535 neue Reifen. Die ben\u00f6tigt er, damit die 100 Km\/h Zulassung in Deutschland weiter greift. Ist die entsprechende Ummeldung schon wieder 12 Jahre her? Termin hatte ich schon vor einiger Zeit gemacht und &hellip;<\/p>\n<p class=\"read-more\"> <a class=\"more-link\" href=\"https:\/\/www.andreas-edler.de\/blog\/2024\/06\/eriba-nova-neu-bereift\/\"> <span class=\"screen-reader-text\">Eriba Nova neu bereift<\/span> Weiterlesen &raquo;<\/a><\/p>\n","protected":false},"author":1,"featured_media":171702,"comment_status":"open","ping_status":"open","sticky":false,"template":"","format":"standard","meta":{"ngg_post_thumbnail":0,"activitypub_content_warning":"","activitypub_content_visibility":"","activitypub_max_image_attachments":2,"activitypub_interaction_policy_quote":"anyone","activitypub_status":"federated","footnotes":""},"categories":[22,1],"tags":[255,64,316,33,76,209,46,253],"class_list":["post-171701","post","type-post","status-publish","format-standard","has-post-thumbnail","hentry","category-basteln","category-allgemein","tag-eriba-nova","tag-konsum","tag-reparieren","tag-service","tag-sicherheit","tag-skoda-yeti","tag-technik","tag-wohnwagen"],"share_on_mastodon":{"url":"https:\/\/social.tchncs.de\/@filmfacts\/112607754311236065","error":""},"_links":{"self":[{"href":"https:\/\/www.andreas-edler.de\/blog\/wp-json\/wp\/v2\/posts\/171701","targetHints":{"allow":["GET"]}}],"collection":[{"href":"https:\/\/www.andreas-edler.de\/blog\/wp-json\/wp\/v2\/posts"}],"about":[{"href":"https:\/\/www.andreas-edler.de\/blog\/wp-json\/wp\/v2\/types\/post"}],"author":[{"embeddable":true,"href":"https:\/\/www.andreas-edler.de\/blog\/wp-json\/wp\/v2\/users\/1"}],"replies":[{"embeddable":true,"href":"https:\/\/www.andreas-edler.de\/blog\/wp-json\/wp\/v2\/comments?post=171701"}],"version-history":[{"count":0,"href":"https:\/\/www.andreas-edler.de\/blog\/wp-json\/wp\/v2\/posts\/171701\/revisions"}],"wp:featuredmedia":[{"embeddable":true,"href":"https:\/\/www.andreas-edler.de\/blog\/wp-json\/wp\/v2\/media\/171702"}],"wp:attachment":[{"href":"https:\/\/www.andreas-edler.de\/blog\/wp-json\/wp\/v2\/media?parent=171701"}],"wp:term":[{"taxonomy":"category","embeddable":true,"href":"https:\/\/www.andreas-edler.de\/blog\/wp-json\/wp\/v2\/categories?post=171701"},{"taxonomy":"post_tag","embeddable":true,"href":"https:\/\/www.andreas-edler.de\/blog\/wp-json\/wp\/v2\/tags?post=171701"}],"curies":[{"name":"wp","href":"https:\/\/api.w.org\/{rel}","templated":true}]}}