{"id":171685,"date":"2024-05-28T07:50:06","date_gmt":"2024-05-28T05:50:06","guid":{"rendered":"https:\/\/www.andreas-edler.de\/blog\/?p=171685"},"modified":"2024-05-28T07:50:06","modified_gmt":"2024-05-28T05:50:06","slug":"bowdenzug-am-scott-sub30-gerissen","status":"publish","type":"post","link":"https:\/\/www.andreas-edler.de\/blog\/2024\/05\/bowdenzug-am-scott-sub30-gerissen\/","title":{"rendered":"Bowdenzug am Scott Sub30 gerissen"},"content":{"rendered":"<p>Sonntag kam die Frau von einer kleinen Radtour zur\u00fcck, welche sie selbstverst\u00e4ndlich mit dem frisch <a href=\"https:\/\/www.andreas-edler.de\/blog\/2024\/05\/scott-sub30-fuer-die-frau-eingestellt\/\" rel=\"noopener\" target=\"_blank\">f\u00fcr sie hergerichteten Scott Sub 30<\/a> gefahren ist. Es rollt einfach viel leichter, als das schwere Trekkingrad. Aber es ist auch schon fast zwei Jahrzehnte alt und daher hat es auf der R\u00fcckfahrt einmal geknackt und dann lie\u00dfen sich hinten die G\u00e4nge nicht mehr wechseln. Also sie mir das mitteilte, war ich gerade selbst auf dem Sprung eine kleine Runde zu drehen. Muss ich halt danach Werkstatt spielen.<\/p>\n<figure id=\"attachment_171686\" aria-describedby=\"caption-attachment-171686\" style=\"width: 470px\" class=\"wp-caption aligncenter\"><a href=\"https:\/\/www.andreas-edler.de\/blog\/wp-content\/uploads\/2024\/05\/2024-05-26-16.49.13.jpg\"><img loading=\"lazy\" decoding=\"async\" src=\"https:\/\/www.andreas-edler.de\/blog\/wp-content\/uploads\/2024\/05\/2024-05-26-16.49.13-470x229.jpg\" alt=\"Das freigelegte Innenleben eines Schalthebels an einem Fahrrad.\" width=\"470\" height=\"229\" class=\"size-large wp-image-171686\" srcset=\"https:\/\/www.andreas-edler.de\/blog\/wp-content\/uploads\/2024\/05\/2024-05-26-16.49.13-470x229.jpg 470w, https:\/\/www.andreas-edler.de\/blog\/wp-content\/uploads\/2024\/05\/2024-05-26-16.49.13-250x122.jpg 250w, https:\/\/www.andreas-edler.de\/blog\/wp-content\/uploads\/2024\/05\/2024-05-26-16.49.13-768x374.jpg 768w, https:\/\/www.andreas-edler.de\/blog\/wp-content\/uploads\/2024\/05\/2024-05-26-16.49.13-100x49.jpg 100w, https:\/\/www.andreas-edler.de\/blog\/wp-content\/uploads\/2024\/05\/2024-05-26-16.49.13-150x73.jpg 150w, https:\/\/www.andreas-edler.de\/blog\/wp-content\/uploads\/2024\/05\/2024-05-26-16.49.13-200x97.jpg 200w, https:\/\/www.andreas-edler.de\/blog\/wp-content\/uploads\/2024\/05\/2024-05-26-16.49.13-300x146.jpg 300w, https:\/\/www.andreas-edler.de\/blog\/wp-content\/uploads\/2024\/05\/2024-05-26-16.49.13-450x219.jpg 450w, https:\/\/www.andreas-edler.de\/blog\/wp-content\/uploads\/2024\/05\/2024-05-26-16.49.13-600x292.jpg 600w, https:\/\/www.andreas-edler.de\/blog\/wp-content\/uploads\/2024\/05\/2024-05-26-16.49.13-900x438.jpg 900w, https:\/\/www.andreas-edler.de\/blog\/wp-content\/uploads\/2024\/05\/2024-05-26-16.49.13.jpg 1280w\" sizes=\"auto, (max-width: 470px) 100vw, 470px\" \/><\/a><figcaption id=\"caption-attachment-171686\" class=\"wp-caption-text\">Da ist der Bowdenzug wohl ab<\/figcaption><\/figure>\n<p>Der Fehler war ziemlich schnell lokalisiert. Der Bowdenzug, den ich noch nie gewechselt hatte, ist direkt an der Einf\u00fchrung in den Schalthebel abgerissen. Angek\u00fcndigt hat sich dies meiner Meinung nach nicht. Die Frau sprach zwar davon, dass die G\u00e4nge sehr schwerg\u00e4ngig zu schalten seien, dass konnte ich im Test aber nicht feststellen und habe es auf unterschiedlich starke Daumen geschoben. Nunja, nach fest kommt ab.<\/p>\n<p>Im Keller hatte ich noch ein paar Z\u00fcge in der W\u00fchlkiste und nachdem ich den Deckel vom Schalter entfernt hatte, konnte ich auch sehen, dass passende Dr\u00e4hte dabei waren.<\/p>\n<figure id=\"attachment_171687\" aria-describedby=\"caption-attachment-171687\" style=\"width: 470px\" class=\"wp-caption aligncenter\"><a href=\"https:\/\/www.andreas-edler.de\/blog\/wp-content\/uploads\/2024\/05\/2024-05-26-17.05.04.jpg\"><img loading=\"lazy\" decoding=\"async\" src=\"https:\/\/www.andreas-edler.de\/blog\/wp-content\/uploads\/2024\/05\/2024-05-26-17.05.04-470x229.jpg\" alt=\"Das hintere Schaltwerke eines auf der Seite liegenden Fahrrads mit zwei Zangen, welche auf den Speichen drapiert sind.\" width=\"470\" height=\"229\" class=\"size-large wp-image-171687\" srcset=\"https:\/\/www.andreas-edler.de\/blog\/wp-content\/uploads\/2024\/05\/2024-05-26-17.05.04-470x229.jpg 470w, https:\/\/www.andreas-edler.de\/blog\/wp-content\/uploads\/2024\/05\/2024-05-26-17.05.04-250x122.jpg 250w, https:\/\/www.andreas-edler.de\/blog\/wp-content\/uploads\/2024\/05\/2024-05-26-17.05.04-768x374.jpg 768w, https:\/\/www.andreas-edler.de\/blog\/wp-content\/uploads\/2024\/05\/2024-05-26-17.05.04-100x49.jpg 100w, https:\/\/www.andreas-edler.de\/blog\/wp-content\/uploads\/2024\/05\/2024-05-26-17.05.04-150x73.jpg 150w, https:\/\/www.andreas-edler.de\/blog\/wp-content\/uploads\/2024\/05\/2024-05-26-17.05.04-200x97.jpg 200w, https:\/\/www.andreas-edler.de\/blog\/wp-content\/uploads\/2024\/05\/2024-05-26-17.05.04-300x146.jpg 300w, https:\/\/www.andreas-edler.de\/blog\/wp-content\/uploads\/2024\/05\/2024-05-26-17.05.04-450x219.jpg 450w, https:\/\/www.andreas-edler.de\/blog\/wp-content\/uploads\/2024\/05\/2024-05-26-17.05.04-600x292.jpg 600w, https:\/\/www.andreas-edler.de\/blog\/wp-content\/uploads\/2024\/05\/2024-05-26-17.05.04-900x438.jpg 900w, https:\/\/www.andreas-edler.de\/blog\/wp-content\/uploads\/2024\/05\/2024-05-26-17.05.04.jpg 1280w\" sizes=\"auto, (max-width: 470px) 100vw, 470px\" \/><\/a><figcaption id=\"caption-attachment-171687\" class=\"wp-caption-text\">Wieder alles zusammen.<\/figcaption><\/figure>\n<p>Die Au\u00dfenh\u00fclle des Zuges war OK. Besteht nur aus zwei 20 Zentimeter St\u00fccken, der Rest des Bowdenzuges verl\u00e4uft frei. Den alten Zug raus, den neuen unter Zuhilfenahme von etwas wohldosiertem Fett wieder eingezogen und am Schaltwerk verschraubt. Und endlich kommt auch die Spezial-Bowdenzugzange zum Einsatz :-) Die kneift die Dr\u00e4hte tats\u00e4chlich v\u00f6llig fusselfrei und gerade ab. So soll es sein. Noch eine Aderendh\u00fclse verpressen und es kann wieder wie am ersten Tag geschaltet werden!<\/p>\n","protected":false},"excerpt":{"rendered":"<p>Sonntag kam die Frau von einer kleinen Radtour zur\u00fcck, welche sie selbstverst\u00e4ndlich mit dem frisch f\u00fcr sie hergerichteten Scott Sub 30 gefahren ist. Es rollt einfach viel leichter, als das schwere Trekkingrad. Aber es ist auch schon fast zwei Jahrzehnte &hellip;<\/p>\n<p class=\"read-more\"> <a class=\"more-link\" href=\"https:\/\/www.andreas-edler.de\/blog\/2024\/05\/bowdenzug-am-scott-sub30-gerissen\/\"> <span class=\"screen-reader-text\">Bowdenzug am Scott Sub30 gerissen<\/span> Weiterlesen &raquo;<\/a><\/p>\n","protected":false},"author":1,"featured_media":0,"comment_status":"open","ping_status":"open","sticky":false,"template":"","format":"standard","meta":{"ngg_post_thumbnail":0,"activitypub_content_warning":"","activitypub_content_visibility":"","activitypub_max_image_attachments":2,"activitypub_interaction_policy_quote":"anyone","activitypub_status":"federated","footnotes":""},"categories":[22,15],"tags":[49,50,316,46,201],"class_list":["post-171685","post","type-post","status-publish","format-standard","hentry","category-basteln","category-fahrrad","tag-hardware","tag-helfen","tag-reparieren","tag-technik","tag-werkzeug"],"share_on_mastodon":{"url":"https:\/\/social.tchncs.de\/@filmfacts\/112517146901462990","error":""},"_links":{"self":[{"href":"https:\/\/www.andreas-edler.de\/blog\/wp-json\/wp\/v2\/posts\/171685","targetHints":{"allow":["GET"]}}],"collection":[{"href":"https:\/\/www.andreas-edler.de\/blog\/wp-json\/wp\/v2\/posts"}],"about":[{"href":"https:\/\/www.andreas-edler.de\/blog\/wp-json\/wp\/v2\/types\/post"}],"author":[{"embeddable":true,"href":"https:\/\/www.andreas-edler.de\/blog\/wp-json\/wp\/v2\/users\/1"}],"replies":[{"embeddable":true,"href":"https:\/\/www.andreas-edler.de\/blog\/wp-json\/wp\/v2\/comments?post=171685"}],"version-history":[{"count":0,"href":"https:\/\/www.andreas-edler.de\/blog\/wp-json\/wp\/v2\/posts\/171685\/revisions"}],"wp:attachment":[{"href":"https:\/\/www.andreas-edler.de\/blog\/wp-json\/wp\/v2\/media?parent=171685"}],"wp:term":[{"taxonomy":"category","embeddable":true,"href":"https:\/\/www.andreas-edler.de\/blog\/wp-json\/wp\/v2\/categories?post=171685"},{"taxonomy":"post_tag","embeddable":true,"href":"https:\/\/www.andreas-edler.de\/blog\/wp-json\/wp\/v2\/tags?post=171685"}],"curies":[{"name":"wp","href":"https:\/\/api.w.org\/{rel}","templated":true}]}}