{"id":171669,"date":"2024-05-25T08:26:56","date_gmt":"2024-05-25T06:26:56","guid":{"rendered":"https:\/\/www.andreas-edler.de\/blog\/?p=171669"},"modified":"2024-05-25T08:26:56","modified_gmt":"2024-05-25T06:26:56","slug":"cdu-ist-sargnagel-der-deutschen-automobilindustrie","status":"publish","type":"post","link":"https:\/\/www.andreas-edler.de\/blog\/2024\/05\/cdu-ist-sargnagel-der-deutschen-automobilindustrie\/","title":{"rendered":"CDU ist Sargnagel der deutschen Automobilindustrie"},"content":{"rendered":"<p>Die CDU m\u00f6chte wissen, ob die Menschen ihre Forderung zur R\u00fccknahme des &#8222;Verbrenner-Verbotes&#8220; unterst\u00fctzen. Die Umfrage unter <a href=\"https:\/\/aktion.cdu.de\/ja-zum-auto\" rel=\"noopener\" target=\"_blank\">https:\/\/aktion.cdu.de\/ja-zum-auto<\/a> l\u00e4uft seit ein paar Tagen (zwei?) und das Ergebnis ist Stand jetzt bei 149.108 Teilnehmern recht deutlich: 15% wollen uneingeschr\u00e4nkt weiter Verbrenner Individualverkehr erlauben, 85% wollen dies nicht. Eine sehr eindeutige Meinungsabgabe.<\/p>\n<p>Die CDU verkn\u00fcpft zudem Wohlstand und &#8222;gute&#8220; Jobs in der Autoindustrie mit der Notwenidgkeit, die Umwelt zu sch\u00e4digen. Dass andere L\u00e4nder, auf die in Sachen Klimaschutz immer mit dem Finger gezeigt wird, dies nun genau anders sehen und unsere ach-so-tolle Automobilindustrie l\u00e4ngst \u00fcberholt, ja sogar \u00fcberfl\u00fcgelt haben, wird dabei v\u00f6llig ignoriert. Die CDU ist ein v\u00f6llig an der Realit\u00e4t vorbei agierender Zusammenschluss. Mit ihrer Argumentation h\u00e4tten wir vor \u00fcber 100 Jahren bei den Pferdekutschen bleiben m\u00fcssen und weiterhin Eis per Handkarren in die Haushalte transportieren m\u00fcssen, statt motorisierten Verkehr zu haben und Dosen bzw. K\u00fchlschr\u00e4nke einzusetzen.<\/p>\n<p>Die Texte auf der verlinkten Seite werden t\u00e4glich in den Nachrichten ad absurdum gef\u00fchrt. Der tats\u00e4chliche Sargnagel f\u00fcr unsere Automobilindustrie ist die augenscheinlich am Tropf der genaus gestrigen Lobby h\u00e4ngende CDU. Mit ihrer Politik haben sie die Solarindustrie ins Ausland gedr\u00e4ngt, die Windkraft gesch\u00e4digt und beerdigen gerade die deutsche Automobilindustrie mit Forderungen aus den 50er Jahre des letzten Jahrhunderts.<\/p>\n","protected":false},"excerpt":{"rendered":"<p>Die CDU m\u00f6chte wissen, ob die Menschen ihre Forderung zur R\u00fccknahme des &#8222;Verbrenner-Verbotes&#8220; unterst\u00fctzen. Die Umfrage unter https:\/\/aktion.cdu.de\/ja-zum-auto l\u00e4uft seit ein paar Tagen (zwei?) und das Ergebnis ist Stand jetzt bei 149.108 Teilnehmern recht deutlich: 15% wollen uneingeschr\u00e4nkt weiter Verbrenner &hellip;<\/p>\n<p class=\"read-more\"> <a class=\"more-link\" href=\"https:\/\/www.andreas-edler.de\/blog\/2024\/05\/cdu-ist-sargnagel-der-deutschen-automobilindustrie\/\"> <span class=\"screen-reader-text\">CDU ist Sargnagel der deutschen Automobilindustrie<\/span> Weiterlesen &raquo;<\/a><\/p>\n","protected":false},"author":1,"featured_media":0,"comment_status":"open","ping_status":"open","sticky":false,"template":"","format":"standard","meta":{"ngg_post_thumbnail":0,"activitypub_content_warning":"","activitypub_content_visibility":"","activitypub_max_image_attachments":2,"activitypub_interaction_policy_quote":"anyone","activitypub_status":"federated","footnotes":""},"categories":[18,45],"tags":[37,114,532,354,168,64,46,177],"class_list":["post-171669","post","type-post","status-publish","format-standard","hentry","category-fraglich","category-politik","tag-auto","tag-energie-sparen","tag-energiewende","tag-europa","tag-klimafreundliche-mobilitaet","tag-konsum","tag-technik","tag-wahlkampf"],"share_on_mastodon":{"url":"https:\/\/social.tchncs.de\/@filmfacts\/112500304580078897","error":""},"_links":{"self":[{"href":"https:\/\/www.andreas-edler.de\/blog\/wp-json\/wp\/v2\/posts\/171669","targetHints":{"allow":["GET"]}}],"collection":[{"href":"https:\/\/www.andreas-edler.de\/blog\/wp-json\/wp\/v2\/posts"}],"about":[{"href":"https:\/\/www.andreas-edler.de\/blog\/wp-json\/wp\/v2\/types\/post"}],"author":[{"embeddable":true,"href":"https:\/\/www.andreas-edler.de\/blog\/wp-json\/wp\/v2\/users\/1"}],"replies":[{"embeddable":true,"href":"https:\/\/www.andreas-edler.de\/blog\/wp-json\/wp\/v2\/comments?post=171669"}],"version-history":[{"count":0,"href":"https:\/\/www.andreas-edler.de\/blog\/wp-json\/wp\/v2\/posts\/171669\/revisions"}],"wp:attachment":[{"href":"https:\/\/www.andreas-edler.de\/blog\/wp-json\/wp\/v2\/media?parent=171669"}],"wp:term":[{"taxonomy":"category","embeddable":true,"href":"https:\/\/www.andreas-edler.de\/blog\/wp-json\/wp\/v2\/categories?post=171669"},{"taxonomy":"post_tag","embeddable":true,"href":"https:\/\/www.andreas-edler.de\/blog\/wp-json\/wp\/v2\/tags?post=171669"}],"curies":[{"name":"wp","href":"https:\/\/api.w.org\/{rel}","templated":true}]}}