{"id":171665,"date":"2024-05-23T19:08:44","date_gmt":"2024-05-23T17:08:44","guid":{"rendered":"https:\/\/www.andreas-edler.de\/blog\/?p=171665"},"modified":"2024-05-23T19:08:44","modified_gmt":"2024-05-23T17:08:44","slug":"stadtradeln-2024","status":"publish","type":"post","link":"https:\/\/www.andreas-edler.de\/blog\/2024\/05\/stadtradeln-2024\/","title":{"rendered":"Stadtradeln 2024"},"content":{"rendered":"<div class=\"bild\" style=\"font-size: smaller;\"><img decoding=\"async\" src=\"https:\/\/www.andreas-edler.de\/grafik\/logo_rad.png\" alt=\"Logo: Fahrrad\" title=\"Logo: Fahrrad\" width=\"250\" border=\"0\"><\/div>\n<p> <a href=\"https:\/\/www.gruene-badoeynhausen.de\/wp\/2024\/05\/stadtradeln-2024\/\" rel=\"noopener\" target=\"_blank\">Pfingstmontag ist das diesj\u00e4hrige Stadtradeln gestartet.<\/a> Organisiert wird es inzwischen zum zweiten oder dritten Mal vom Kreis. Habe geh\u00f6rt, das sei g\u00fcnstiger. Nat\u00fcrlich muss sich dann bei uns in der Verwaltung auch weniger damit besch\u00e4ftigt werden. Im letzten Jahr war es schon eine traurige Veranstaltung ohne &#8222;richtiges&#8220; Ende. Ich hatte das in 2018 schon einmal als &#8222;<a href=\"https:\/\/www.andreas-edler.de\/blog\/2018\/06\/ich-radel-nicht-ich-fahre-fahrrad\/\" rel=\"noopener\" target=\"_blank\">Jux-Veranstaltung<\/a>&#8220; bezeichnet. In einer Umfrage, deren Antworten augenscheinlich auch der Verwaltung zugeleitet wurden. Das fand die damalige Radverkehrsbeauftragte so unlustig, dass sie es mehrfach <a href=\"https:\/\/www.andreas-edler.de\/blog\/2021\/05\/stadtradeln-2021\/\" rel=\"noopener\" target=\"_blank\">in ihrer Rede zur Abschlussveranstaltung<\/a> auf der Innenstadtfete erw\u00e4hnte. Damals wurde sowas noch mit einer Siegerehrung beendet! An der \u00e4hnlichen Aktion &#8222;<a href=\"https:\/\/www.andreas-edler.de\/blog\/2016\/04\/mit-dem-rad-zur-arbeit-ohne-mich\/\" rel=\"noopener\" target=\"_blank\">Mit dem Rad zur Arbeit<\/a>&#8220; nehme ich u.a. wegen der l\u00e4cherlich wenigen Tage in einem ziemlich langen Zeitraum schon nicht mehr Teil. Auch wenn wir da mal <a href=\"https:\/\/www.andreas-edler.de\/blog\/2013\/11\/mit-dem-rad-zur-arbeit-gewonnen\/\" rel=\"noopener\" target=\"_blank\">den ersten Preis gewonnen<\/a> haben.<\/p>\n<p>Wie dem auch sei, am Montag bin ich nat\u00fcrlich sofort angefangen und habe eine Runde gedreht. Weil ich schon seit Monaten st\u00e4ndig m\u00fcde und irgendwie groggy bin, waren die 50 Kilometer ziemlich anstrengend. Am Tag danach ging es besser. Und ins B\u00fcro fahre ich sowieso mit dem Fahrrad. Allerdings habe ich mir in den Vorjahren schon immer ein bisschen Stress gemacht, weil ich ein bisschen ehrgeizig bin und nat\u00fcrlich m\u00f6glichst viel fahren will. In den Vorjahren reichte es aber schon lange nicht mehr f\u00fcr den ersten oder zweiten Platz, weil andere noch weiter fahren und fitter sind. Das ist auch OK so. Trotzdem bin ich ehrgeizig und will viel fahren. Und wenn das nicht klappt, bin ich schlecht gelaunt. Weil ich nicht fahren kann, nicht weil ich nicht erster bin. Und das ist eigentlich v\u00f6llig am Thema des Stadtradelns vorbei!<\/p>\n<p><cite><strong><a href=\"https:\/\/www.stadtradeln.de\/darum-geht-es\" target=\"_new\" rel=\"noopener\">Was ist Stadtradeln?<\/a><\/strong><br \/>\n[&#8230;] STADTRADELN ist ein Wettbewerb, bei dem es darum geht, 21 Tage lang m\u00f6glichst viele Alltagswege klimafreundlich mit dem Fahrrad zur\u00fcckzulegen. Dabei ist es egal, ob du bereits jeden Tag f\u00e4hrst oder bisher eher selten mit dem Rad unterwegs bist. Jeder Kilometer z\u00e4hlt \u2013 erst recht wenn du ihn sonst mit dem Auto zur\u00fcckgelegt h\u00e4ttest. [&#8230;]<\/cite><\/p>\n<p>Es geht nicht darum, wer in der Freizeit die meisten Kilometer auf einem Flussradweg zur\u00fccklegt. Wir sollen das Auto stehen lassen! Niemand (naja, die allermeisten) f\u00e4hrt mit dem Auto in der Freizeit aus Spa\u00df auf dem Weserradweg. Und ich h\u00e4tte mich auch Pfingstmontag nicht ins Auto gesetzt und w\u00e4re 50 Kilometer durch die Gegend gefahren! Und den Rest fahre ich schon immer sehr viel mit dem Fahrrad.<\/p>\n<p><cite>[&#8230;] Um auf die Bed\u00fcrfnisse der Radfahrenden aufmerksam zu machen, richtet sich das STADTRADELN auch an die Kommunalpolitiker*innen. Sie sind die Entscheidungstr\u00e4ger*innen, wenn es um die Radinfrastruktur und damit praktischen Klimaschutz vor Ort geht. [&#8230;]<\/cite><\/p>\n<p>Auch der politische Aspekt kommt &#8211; zumindest hier bei uns &#8211; viel zu kurz. Von 55 Stadtratsmitgliedern sind Stand 23.05.2024 genau f\u00fcnf seit Montag mit dem Fahrrad gefahren und haben ihre Kilometer beim Stadtradeln eingetragen. Alle f\u00fcnf sind Mitglieder der Fraktion der GR\u00dcNEN in Bad Oeynhausen. Kein Wunder, wenn die Aktion <strong>\u00fcberhaupt keine<\/strong> Auswirkungen in Bad Oeynhausen hat. Es ist eine Besch\u00e4ftigungsma\u00dfnahme und ein Feigenblatt. Nat\u00fcrlich machen immer mehr Menschen mit. Aber es wird als Wettbewerb untereinander gesehen. Wer f\u00e4hrt am meisten. Ich bekomme ja durchaus auch was aus anderen Teams mit.<\/p>\n<p>Der tats\u00e4chlich radverkehrspolitische Teil des Stadtradeln findet meiner Erfahrung nach nicht statt. Nicht bei uns. Und weil ich jetzt ca. ein Vierteljahrhundert &#8222;Fahrradaktivist&#8220; bin und mich um Verbesserungen f\u00fcr den Alltagsradverkehr einsetze, nervt mich diese hom\u00f6opathische Vorankommen sehr. Um meine Nerven zu schonen werde ich also nicht mehr extra weite Strecken fahren. Ob ich \u00fcberhaupt noch was eintrage muss ich mir noch \u00fcberlegen.<\/p>\n<p>Es ist eh sinnlos.<\/p>\n","protected":false},"excerpt":{"rendered":"<p>Pfingstmontag ist das diesj\u00e4hrige Stadtradeln gestartet. Organisiert wird es inzwischen zum zweiten oder dritten Mal vom Kreis. Habe geh\u00f6rt, das sei g\u00fcnstiger. Nat\u00fcrlich muss sich dann bei uns in der Verwaltung auch weniger damit besch\u00e4ftigt werden. Im letzten Jahr war &hellip;<\/p>\n<p class=\"read-more\"> <a class=\"more-link\" href=\"https:\/\/www.andreas-edler.de\/blog\/2024\/05\/stadtradeln-2024\/\"> <span class=\"screen-reader-text\">Stadtradeln 2024<\/span> Weiterlesen &raquo;<\/a><\/p>\n","protected":false},"author":1,"featured_media":0,"comment_status":"open","ping_status":"open","sticky":false,"template":"","format":"standard","meta":{"ngg_post_thumbnail":0,"activitypub_content_warning":"","activitypub_content_visibility":"","activitypub_max_image_attachments":2,"activitypub_interaction_policy_quote":"anyone","activitypub_status":"federated","footnotes":""},"categories":[14,15,45],"tags":[352,168,412,158,252,77,72],"class_list":["post-171665","post","type-post","status-publish","format-standard","hentry","category-bad-oeynhausen","category-fahrrad","category-politik","tag-gruene","tag-klimafreundliche-mobilitaet","tag-mdrza","tag-mit-dem-rad-zur-arbeit","tag-stadtradeln","tag-stadtrat","tag-verwaltung"],"share_on_mastodon":{"url":"https:\/\/social.tchncs.de\/@filmfacts\/112491503607741438","error":""},"_links":{"self":[{"href":"https:\/\/www.andreas-edler.de\/blog\/wp-json\/wp\/v2\/posts\/171665","targetHints":{"allow":["GET"]}}],"collection":[{"href":"https:\/\/www.andreas-edler.de\/blog\/wp-json\/wp\/v2\/posts"}],"about":[{"href":"https:\/\/www.andreas-edler.de\/blog\/wp-json\/wp\/v2\/types\/post"}],"author":[{"embeddable":true,"href":"https:\/\/www.andreas-edler.de\/blog\/wp-json\/wp\/v2\/users\/1"}],"replies":[{"embeddable":true,"href":"https:\/\/www.andreas-edler.de\/blog\/wp-json\/wp\/v2\/comments?post=171665"}],"version-history":[{"count":0,"href":"https:\/\/www.andreas-edler.de\/blog\/wp-json\/wp\/v2\/posts\/171665\/revisions"}],"wp:attachment":[{"href":"https:\/\/www.andreas-edler.de\/blog\/wp-json\/wp\/v2\/media?parent=171665"}],"wp:term":[{"taxonomy":"category","embeddable":true,"href":"https:\/\/www.andreas-edler.de\/blog\/wp-json\/wp\/v2\/categories?post=171665"},{"taxonomy":"post_tag","embeddable":true,"href":"https:\/\/www.andreas-edler.de\/blog\/wp-json\/wp\/v2\/tags?post=171665"}],"curies":[{"name":"wp","href":"https:\/\/api.w.org\/{rel}","templated":true}]}}