{"id":171562,"date":"2024-04-23T09:42:58","date_gmt":"2024-04-23T07:42:58","guid":{"rendered":"https:\/\/www.andreas-edler.de\/blog\/?p=171562"},"modified":"2024-04-23T09:42:58","modified_gmt":"2024-04-23T07:42:58","slug":"kein-150-meter-ueberholabstand","status":"publish","type":"post","link":"https:\/\/www.andreas-edler.de\/blog\/2024\/04\/kein-150-meter-ueberholabstand\/","title":{"rendered":"Kein 1,50 Meter \u00dcberholabstand"},"content":{"rendered":"<figure id=\"attachment_171563\" aria-describedby=\"caption-attachment-171563\" style=\"width: 470px\" class=\"wp-caption aligncenter\"><a href=\"https:\/\/www.andreas-edler.de\/blog\/wp-content\/uploads\/2024\/04\/2024-04-11-flachsbleiche_auto_ueberholt_eng.jpg\"><img loading=\"lazy\" decoding=\"async\" src=\"https:\/\/www.andreas-edler.de\/blog\/wp-content\/uploads\/2024\/04\/2024-04-11-flachsbleiche_auto_ueberholt_eng-470x207.jpg\" alt=\"Ein KFZ wird auf einer sehr schmalen Stra\u00dfe viel zu eng an einem Fahrradfahrer vorbei gelenkt. Man sieht das \u00fcberholende Fahrzeug aus der Lenkerperspektive.\" width=\"470\" height=\"207\" class=\"size-large wp-image-171563\" srcset=\"https:\/\/www.andreas-edler.de\/blog\/wp-content\/uploads\/2024\/04\/2024-04-11-flachsbleiche_auto_ueberholt_eng-470x207.jpg 470w, https:\/\/www.andreas-edler.de\/blog\/wp-content\/uploads\/2024\/04\/2024-04-11-flachsbleiche_auto_ueberholt_eng-250x110.jpg 250w, https:\/\/www.andreas-edler.de\/blog\/wp-content\/uploads\/2024\/04\/2024-04-11-flachsbleiche_auto_ueberholt_eng-768x339.jpg 768w, https:\/\/www.andreas-edler.de\/blog\/wp-content\/uploads\/2024\/04\/2024-04-11-flachsbleiche_auto_ueberholt_eng-100x44.jpg 100w, https:\/\/www.andreas-edler.de\/blog\/wp-content\/uploads\/2024\/04\/2024-04-11-flachsbleiche_auto_ueberholt_eng-150x66.jpg 150w, https:\/\/www.andreas-edler.de\/blog\/wp-content\/uploads\/2024\/04\/2024-04-11-flachsbleiche_auto_ueberholt_eng-200x88.jpg 200w, https:\/\/www.andreas-edler.de\/blog\/wp-content\/uploads\/2024\/04\/2024-04-11-flachsbleiche_auto_ueberholt_eng-300x132.jpg 300w, https:\/\/www.andreas-edler.de\/blog\/wp-content\/uploads\/2024\/04\/2024-04-11-flachsbleiche_auto_ueberholt_eng-450x199.jpg 450w, https:\/\/www.andreas-edler.de\/blog\/wp-content\/uploads\/2024\/04\/2024-04-11-flachsbleiche_auto_ueberholt_eng-600x265.jpg 600w, https:\/\/www.andreas-edler.de\/blog\/wp-content\/uploads\/2024\/04\/2024-04-11-flachsbleiche_auto_ueberholt_eng-900x397.jpg 900w, https:\/\/www.andreas-edler.de\/blog\/wp-content\/uploads\/2024\/04\/2024-04-11-flachsbleiche_auto_ueberholt_eng.jpg 1280w\" sizes=\"auto, (max-width: 470px) 100vw, 470px\" \/><\/a><figcaption id=\"caption-attachment-171563\" class=\"wp-caption-text\">Das ist kein ausreichender Sicherheitsabstand.<\/figcaption><\/figure>\n<p>Die Flachsbleiche ist nicht besonders breit. Wenn dort ein Mensch auf einem Fahrrad vor einem Menschen in einem Auto f\u00e4hrt, dann bleibt letzterem eigentlich keine andere Wahl, als dahinter zu bleiben. Es sei denn, man ist ein r\u00fccksichtsloser Mensch, der andere bedenkenlos gef\u00e4hrdet und bedr\u00e4ngt.<\/p>\n","protected":false},"excerpt":{"rendered":"<p>Die Flachsbleiche ist nicht besonders breit. Wenn dort ein Mensch auf einem Fahrrad vor einem Menschen in einem Auto f\u00e4hrt, dann bleibt letzterem eigentlich keine andere Wahl, als dahinter zu bleiben. Es sei denn, man ist ein r\u00fccksichtsloser Mensch, der &hellip;<\/p>\n<p class=\"read-more\"> <a class=\"more-link\" href=\"https:\/\/www.andreas-edler.de\/blog\/2024\/04\/kein-150-meter-ueberholabstand\/\"> <span class=\"screen-reader-text\">Kein 1,50 Meter \u00dcberholabstand<\/span> Weiterlesen &raquo;<\/a><\/p>\n","protected":false},"author":1,"featured_media":0,"comment_status":"open","ping_status":"open","sticky":false,"template":"","format":"standard","meta":{"ngg_post_thumbnail":0,"activitypub_content_warning":"","activitypub_content_visibility":"","activitypub_max_image_attachments":2,"activitypub_interaction_policy_quote":"anyone","activitypub_status":"federated","footnotes":""},"categories":[14,15,13],"tags":[477,37,63,419,599,168,412,158,510,71,474,260],"class_list":["post-171562","post","type-post","status-publish","format-standard","hentry","category-bad-oeynhausen","category-fahrrad","category-verkehr","tag-alltagsradverkehr","tag-auto","tag-benehmen","tag-eidinghausen","tag-flachsbleiche","tag-klimafreundliche-mobilitaet","tag-mdrza","tag-mit-dem-rad-zur-arbeit","tag-mit-dem-rad-zur-schule","tag-regeln","tag-schulweg","tag-stvo"],"share_on_mastodon":{"url":"https:\/\/social.tchncs.de\/@filmfacts\/112319409699416315","error":""},"_links":{"self":[{"href":"https:\/\/www.andreas-edler.de\/blog\/wp-json\/wp\/v2\/posts\/171562","targetHints":{"allow":["GET"]}}],"collection":[{"href":"https:\/\/www.andreas-edler.de\/blog\/wp-json\/wp\/v2\/posts"}],"about":[{"href":"https:\/\/www.andreas-edler.de\/blog\/wp-json\/wp\/v2\/types\/post"}],"author":[{"embeddable":true,"href":"https:\/\/www.andreas-edler.de\/blog\/wp-json\/wp\/v2\/users\/1"}],"replies":[{"embeddable":true,"href":"https:\/\/www.andreas-edler.de\/blog\/wp-json\/wp\/v2\/comments?post=171562"}],"version-history":[{"count":0,"href":"https:\/\/www.andreas-edler.de\/blog\/wp-json\/wp\/v2\/posts\/171562\/revisions"}],"wp:attachment":[{"href":"https:\/\/www.andreas-edler.de\/blog\/wp-json\/wp\/v2\/media?parent=171562"}],"wp:term":[{"taxonomy":"category","embeddable":true,"href":"https:\/\/www.andreas-edler.de\/blog\/wp-json\/wp\/v2\/categories?post=171562"},{"taxonomy":"post_tag","embeddable":true,"href":"https:\/\/www.andreas-edler.de\/blog\/wp-json\/wp\/v2\/tags?post=171562"}],"curies":[{"name":"wp","href":"https:\/\/api.w.org\/{rel}","templated":true}]}}