{"id":171551,"date":"2024-04-20T14:51:09","date_gmt":"2024-04-20T12:51:09","guid":{"rendered":"https:\/\/www.andreas-edler.de\/blog\/?p=171551"},"modified":"2024-04-20T14:51:09","modified_gmt":"2024-04-20T12:51:09","slug":"bei-roter-ampel-schoen-dicht-vorbei-fahren","status":"publish","type":"post","link":"https:\/\/www.andreas-edler.de\/blog\/2024\/04\/bei-roter-ampel-schoen-dicht-vorbei-fahren\/","title":{"rendered":"Bei roter Ampel sch\u00f6n dicht vorbei fahren"},"content":{"rendered":"<figure id=\"attachment_171552\" aria-describedby=\"caption-attachment-171552\" style=\"width: 470px\" class=\"wp-caption aligncenter\"><a href=\"https:\/\/www.andreas-edler.de\/blog\/wp-content\/uploads\/2024\/04\/2024-04-15_eidinghausener_mindener_auto_bei_rot_rueber_sehr_eng_01.jpg\"><img loading=\"lazy\" decoding=\"async\" src=\"https:\/\/www.andreas-edler.de\/blog\/wp-content\/uploads\/2024\/04\/2024-04-15_eidinghausener_mindener_auto_bei_rot_rueber_sehr_eng_01-470x264.jpg\" alt=\"Eine dreispurige Stra\u00dfe. Der Blick ist aus einer Seitenstra\u00dfe an der Haltelinie zur Stra\u00dfe.\" width=\"470\" height=\"264\" class=\"size-large wp-image-171552\" srcset=\"https:\/\/www.andreas-edler.de\/blog\/wp-content\/uploads\/2024\/04\/2024-04-15_eidinghausener_mindener_auto_bei_rot_rueber_sehr_eng_01-470x264.jpg 470w, https:\/\/www.andreas-edler.de\/blog\/wp-content\/uploads\/2024\/04\/2024-04-15_eidinghausener_mindener_auto_bei_rot_rueber_sehr_eng_01-250x141.jpg 250w, https:\/\/www.andreas-edler.de\/blog\/wp-content\/uploads\/2024\/04\/2024-04-15_eidinghausener_mindener_auto_bei_rot_rueber_sehr_eng_01-768x432.jpg 768w, https:\/\/www.andreas-edler.de\/blog\/wp-content\/uploads\/2024\/04\/2024-04-15_eidinghausener_mindener_auto_bei_rot_rueber_sehr_eng_01-1536x864.jpg 1536w, https:\/\/www.andreas-edler.de\/blog\/wp-content\/uploads\/2024\/04\/2024-04-15_eidinghausener_mindener_auto_bei_rot_rueber_sehr_eng_01-100x56.jpg 100w, https:\/\/www.andreas-edler.de\/blog\/wp-content\/uploads\/2024\/04\/2024-04-15_eidinghausener_mindener_auto_bei_rot_rueber_sehr_eng_01-150x84.jpg 150w, https:\/\/www.andreas-edler.de\/blog\/wp-content\/uploads\/2024\/04\/2024-04-15_eidinghausener_mindener_auto_bei_rot_rueber_sehr_eng_01-200x113.jpg 200w, https:\/\/www.andreas-edler.de\/blog\/wp-content\/uploads\/2024\/04\/2024-04-15_eidinghausener_mindener_auto_bei_rot_rueber_sehr_eng_01-300x169.jpg 300w, https:\/\/www.andreas-edler.de\/blog\/wp-content\/uploads\/2024\/04\/2024-04-15_eidinghausener_mindener_auto_bei_rot_rueber_sehr_eng_01-450x253.jpg 450w, https:\/\/www.andreas-edler.de\/blog\/wp-content\/uploads\/2024\/04\/2024-04-15_eidinghausener_mindener_auto_bei_rot_rueber_sehr_eng_01-600x338.jpg 600w, https:\/\/www.andreas-edler.de\/blog\/wp-content\/uploads\/2024\/04\/2024-04-15_eidinghausener_mindener_auto_bei_rot_rueber_sehr_eng_01-900x506.jpg 900w, https:\/\/www.andreas-edler.de\/blog\/wp-content\/uploads\/2024\/04\/2024-04-15_eidinghausener_mindener_auto_bei_rot_rueber_sehr_eng_01.jpg 1920w\" sizes=\"auto, (max-width: 470px) 100vw, 470px\" \/><\/a><figcaption id=\"caption-attachment-171552\" class=\"wp-caption-text\">In diesem Augenblick schaltet die Ampel f\u00fcr Rechtsabbieger auf orange.<\/figcaption><\/figure>\n<p>Ich bin mit dem Fahrrad von der Stra\u00dfe Hinter&#8217;m Gradierwerk auf die Eidinghausener Stra\u00dfe abgebogen, weil der kombinierte, benutzungspflichtige Geh- und Radweg aufgrund von Bauarbeiten an der Lichtzeichenanlage gesperrt war. W\u00e4hrend ich an der Linie wartete, fuhr ein PKW vor mir her. Exakt in dem Augenblick des obigen Bildes ist die Ampel f\u00fcr die Rechtsabbieger auf orange umgesprungen.<\/p>\n<figure id=\"attachment_171554\" aria-describedby=\"caption-attachment-171554\" style=\"width: 470px\" class=\"wp-caption aligncenter\"><a href=\"https:\/\/www.andreas-edler.de\/blog\/wp-content\/uploads\/2024\/04\/2024-04-15_eidinghausener_mindener_auto_bei_rot_rueber_sehr_eng_02-1.jpg\"><img loading=\"lazy\" decoding=\"async\" src=\"https:\/\/www.andreas-edler.de\/blog\/wp-content\/uploads\/2024\/04\/2024-04-15_eidinghausener_mindener_auto_bei_rot_rueber_sehr_eng_02-1-470x264.jpg\" alt=\"Die Rechtsabbiegespur einer dreispurigen Stra\u00dfe\" width=\"470\" height=\"264\" class=\"size-large wp-image-171554\" srcset=\"https:\/\/www.andreas-edler.de\/blog\/wp-content\/uploads\/2024\/04\/2024-04-15_eidinghausener_mindener_auto_bei_rot_rueber_sehr_eng_02-1-470x264.jpg 470w, https:\/\/www.andreas-edler.de\/blog\/wp-content\/uploads\/2024\/04\/2024-04-15_eidinghausener_mindener_auto_bei_rot_rueber_sehr_eng_02-1-250x141.jpg 250w, https:\/\/www.andreas-edler.de\/blog\/wp-content\/uploads\/2024\/04\/2024-04-15_eidinghausener_mindener_auto_bei_rot_rueber_sehr_eng_02-1-768x432.jpg 768w, https:\/\/www.andreas-edler.de\/blog\/wp-content\/uploads\/2024\/04\/2024-04-15_eidinghausener_mindener_auto_bei_rot_rueber_sehr_eng_02-1-1536x864.jpg 1536w, https:\/\/www.andreas-edler.de\/blog\/wp-content\/uploads\/2024\/04\/2024-04-15_eidinghausener_mindener_auto_bei_rot_rueber_sehr_eng_02-1-100x56.jpg 100w, https:\/\/www.andreas-edler.de\/blog\/wp-content\/uploads\/2024\/04\/2024-04-15_eidinghausener_mindener_auto_bei_rot_rueber_sehr_eng_02-1-150x84.jpg 150w, https:\/\/www.andreas-edler.de\/blog\/wp-content\/uploads\/2024\/04\/2024-04-15_eidinghausener_mindener_auto_bei_rot_rueber_sehr_eng_02-1-200x113.jpg 200w, https:\/\/www.andreas-edler.de\/blog\/wp-content\/uploads\/2024\/04\/2024-04-15_eidinghausener_mindener_auto_bei_rot_rueber_sehr_eng_02-1-300x169.jpg 300w, https:\/\/www.andreas-edler.de\/blog\/wp-content\/uploads\/2024\/04\/2024-04-15_eidinghausener_mindener_auto_bei_rot_rueber_sehr_eng_02-1-450x253.jpg 450w, https:\/\/www.andreas-edler.de\/blog\/wp-content\/uploads\/2024\/04\/2024-04-15_eidinghausener_mindener_auto_bei_rot_rueber_sehr_eng_02-1-600x338.jpg 600w, https:\/\/www.andreas-edler.de\/blog\/wp-content\/uploads\/2024\/04\/2024-04-15_eidinghausener_mindener_auto_bei_rot_rueber_sehr_eng_02-1-900x506.jpg 900w, https:\/\/www.andreas-edler.de\/blog\/wp-content\/uploads\/2024\/04\/2024-04-15_eidinghausener_mindener_auto_bei_rot_rueber_sehr_eng_02-1.jpg 1920w\" sizes=\"auto, (max-width: 470px) 100vw, 470px\" \/><\/a><figcaption id=\"caption-attachment-171554\" class=\"wp-caption-text\">Die Ampel zeigt f\u00fcr Rechtsabbieger orange.<\/figcaption><\/figure>\n<p>Ich bin hinter dem PKW abgebogen und bis zur Haltelinie gefahren. Der PKW ist nat\u00fcrlich noch bei orange r\u00fcber. Da w\u00e4re Bremsen auch sehr abrupt gewesen.<\/p>\n<figure id=\"attachment_171555\" aria-describedby=\"caption-attachment-171555\" style=\"width: 470px\" class=\"wp-caption aligncenter\"><a href=\"https:\/\/www.andreas-edler.de\/blog\/wp-content\/uploads\/2024\/04\/2024-04-15_eidinghausener_mindener_auto_bei_rot_rueber_sehr_eng_03.jpg\"><img loading=\"lazy\" decoding=\"async\" src=\"https:\/\/www.andreas-edler.de\/blog\/wp-content\/uploads\/2024\/04\/2024-04-15_eidinghausener_mindener_auto_bei_rot_rueber_sehr_eng_03-470x264.jpg\" alt=\"Blick von der Haltelinie einer Rechtsabbiegespur auf die zu querende Stra\u00dfe.\" width=\"470\" height=\"264\" class=\"size-large wp-image-171555\" srcset=\"https:\/\/www.andreas-edler.de\/blog\/wp-content\/uploads\/2024\/04\/2024-04-15_eidinghausener_mindener_auto_bei_rot_rueber_sehr_eng_03-470x264.jpg 470w, https:\/\/www.andreas-edler.de\/blog\/wp-content\/uploads\/2024\/04\/2024-04-15_eidinghausener_mindener_auto_bei_rot_rueber_sehr_eng_03-250x141.jpg 250w, https:\/\/www.andreas-edler.de\/blog\/wp-content\/uploads\/2024\/04\/2024-04-15_eidinghausener_mindener_auto_bei_rot_rueber_sehr_eng_03-768x432.jpg 768w, https:\/\/www.andreas-edler.de\/blog\/wp-content\/uploads\/2024\/04\/2024-04-15_eidinghausener_mindener_auto_bei_rot_rueber_sehr_eng_03-1536x864.jpg 1536w, https:\/\/www.andreas-edler.de\/blog\/wp-content\/uploads\/2024\/04\/2024-04-15_eidinghausener_mindener_auto_bei_rot_rueber_sehr_eng_03-100x56.jpg 100w, https:\/\/www.andreas-edler.de\/blog\/wp-content\/uploads\/2024\/04\/2024-04-15_eidinghausener_mindener_auto_bei_rot_rueber_sehr_eng_03-150x84.jpg 150w, https:\/\/www.andreas-edler.de\/blog\/wp-content\/uploads\/2024\/04\/2024-04-15_eidinghausener_mindener_auto_bei_rot_rueber_sehr_eng_03-200x113.jpg 200w, https:\/\/www.andreas-edler.de\/blog\/wp-content\/uploads\/2024\/04\/2024-04-15_eidinghausener_mindener_auto_bei_rot_rueber_sehr_eng_03-300x169.jpg 300w, https:\/\/www.andreas-edler.de\/blog\/wp-content\/uploads\/2024\/04\/2024-04-15_eidinghausener_mindener_auto_bei_rot_rueber_sehr_eng_03-450x253.jpg 450w, https:\/\/www.andreas-edler.de\/blog\/wp-content\/uploads\/2024\/04\/2024-04-15_eidinghausener_mindener_auto_bei_rot_rueber_sehr_eng_03-600x338.jpg 600w, https:\/\/www.andreas-edler.de\/blog\/wp-content\/uploads\/2024\/04\/2024-04-15_eidinghausener_mindener_auto_bei_rot_rueber_sehr_eng_03-900x506.jpg 900w, https:\/\/www.andreas-edler.de\/blog\/wp-content\/uploads\/2024\/04\/2024-04-15_eidinghausener_mindener_auto_bei_rot_rueber_sehr_eng_03.jpg 1920w\" sizes=\"auto, (max-width: 470px) 100vw, 470px\" \/><\/a><figcaption id=\"caption-attachment-171555\" class=\"wp-caption-text\">Brav anhalten, denn es ist bereits rot.<\/figcaption><\/figure>\n<p>Ich habe angehalten, weil die Ampel inzwischen auf rot umgesprungen war. Die Orangephase dauert ca. 3 Sekunden.<\/p>\n<figure id=\"attachment_171556\" aria-describedby=\"caption-attachment-171556\" style=\"width: 470px\" class=\"wp-caption aligncenter\"><a href=\"https:\/\/www.andreas-edler.de\/blog\/wp-content\/uploads\/2024\/04\/2024-04-15_eidinghausener_mindener_auto_bei_rot_rueber_sehr_eng_04.jpg\"><img loading=\"lazy\" decoding=\"async\" src=\"https:\/\/www.andreas-edler.de\/blog\/wp-content\/uploads\/2024\/04\/2024-04-15_eidinghausener_mindener_auto_bei_rot_rueber_sehr_eng_04-470x264.jpg\" alt=\"W\u00e4hrend ein Radfahrer an der roten Ampel wartet, f\u00e4hrt ein PKW mit Minimalabstand links vorbei, um rechts abzubiegen.\" width=\"470\" height=\"264\" class=\"size-large wp-image-171556\" srcset=\"https:\/\/www.andreas-edler.de\/blog\/wp-content\/uploads\/2024\/04\/2024-04-15_eidinghausener_mindener_auto_bei_rot_rueber_sehr_eng_04-470x264.jpg 470w, https:\/\/www.andreas-edler.de\/blog\/wp-content\/uploads\/2024\/04\/2024-04-15_eidinghausener_mindener_auto_bei_rot_rueber_sehr_eng_04-250x141.jpg 250w, https:\/\/www.andreas-edler.de\/blog\/wp-content\/uploads\/2024\/04\/2024-04-15_eidinghausener_mindener_auto_bei_rot_rueber_sehr_eng_04-768x432.jpg 768w, https:\/\/www.andreas-edler.de\/blog\/wp-content\/uploads\/2024\/04\/2024-04-15_eidinghausener_mindener_auto_bei_rot_rueber_sehr_eng_04-1536x864.jpg 1536w, https:\/\/www.andreas-edler.de\/blog\/wp-content\/uploads\/2024\/04\/2024-04-15_eidinghausener_mindener_auto_bei_rot_rueber_sehr_eng_04-100x56.jpg 100w, https:\/\/www.andreas-edler.de\/blog\/wp-content\/uploads\/2024\/04\/2024-04-15_eidinghausener_mindener_auto_bei_rot_rueber_sehr_eng_04-150x84.jpg 150w, https:\/\/www.andreas-edler.de\/blog\/wp-content\/uploads\/2024\/04\/2024-04-15_eidinghausener_mindener_auto_bei_rot_rueber_sehr_eng_04-200x113.jpg 200w, https:\/\/www.andreas-edler.de\/blog\/wp-content\/uploads\/2024\/04\/2024-04-15_eidinghausener_mindener_auto_bei_rot_rueber_sehr_eng_04-300x169.jpg 300w, https:\/\/www.andreas-edler.de\/blog\/wp-content\/uploads\/2024\/04\/2024-04-15_eidinghausener_mindener_auto_bei_rot_rueber_sehr_eng_04-450x253.jpg 450w, https:\/\/www.andreas-edler.de\/blog\/wp-content\/uploads\/2024\/04\/2024-04-15_eidinghausener_mindener_auto_bei_rot_rueber_sehr_eng_04-600x338.jpg 600w, https:\/\/www.andreas-edler.de\/blog\/wp-content\/uploads\/2024\/04\/2024-04-15_eidinghausener_mindener_auto_bei_rot_rueber_sehr_eng_04-900x506.jpg 900w, https:\/\/www.andreas-edler.de\/blog\/wp-content\/uploads\/2024\/04\/2024-04-15_eidinghausener_mindener_auto_bei_rot_rueber_sehr_eng_04.jpg 1920w\" sizes=\"auto, (max-width: 470px) 100vw, 470px\" \/><\/a><figcaption id=\"caption-attachment-171556\" class=\"wp-caption-text\">Wie kommt der Schei\u00dfradfahrer darauf, bei rot anzuhalten?<\/figcaption><\/figure>\n<p>Eine rote Ampel ist f\u00fcr viele Menschen in Autos weniger als eine Empfehlung. So auch f\u00fcr die PKW-Fahrerin hinter mir, die mit Minimalabstand an mir vorbei zirkelte und trotz deutlichem Rotlicht nach rechts abgebogen ist. Das bekomme ich sonst ja nur mit, w\u00e4hrend ich an der Querung f\u00fcr den Fu\u00df- und Radverkehr warte. So mit wenig Abstand und recht z\u00fcgig f\u00fchlt sich das richtig beschissen an. Der an der Baustelle werkende Arbeiter war auch ein wenig erstaunt.<\/p>\n<p>Sowas interessiert die Polizei oder jemanden in der Verwaltung allerdings nicht. Sonst w\u00fcrde man ja mal kontrollieren oder sich um Rotlichtblitzer bem\u00fchen. <\/p>\n","protected":false},"excerpt":{"rendered":"<p>Ich bin mit dem Fahrrad von der Stra\u00dfe Hinter&#8217;m Gradierwerk auf die Eidinghausener Stra\u00dfe abgebogen, weil der kombinierte, benutzungspflichtige Geh- und Radweg aufgrund von Bauarbeiten an der Lichtzeichenanlage gesperrt war. W\u00e4hrend ich an der Linie wartete, fuhr ein PKW vor &hellip;<\/p>\n<p class=\"read-more\"> <a class=\"more-link\" href=\"https:\/\/www.andreas-edler.de\/blog\/2024\/04\/bei-roter-ampel-schoen-dicht-vorbei-fahren\/\"> <span class=\"screen-reader-text\">Bei roter Ampel sch\u00f6n dicht vorbei fahren<\/span> Weiterlesen &raquo;<\/a><\/p>\n","protected":false},"author":1,"featured_media":0,"comment_status":"open","ping_status":"open","sticky":false,"template":"","format":"standard","meta":{"ngg_post_thumbnail":0,"activitypub_content_warning":"","activitypub_content_visibility":"","activitypub_max_image_attachments":2,"activitypub_interaction_policy_quote":"anyone","activitypub_status":"federated","footnotes":""},"categories":[14,15,13],"tags":[477,37,563,63,262,412,270,158,127,71,260,72],"class_list":["post-171551","post","type-post","status-publish","format-standard","hentry","category-bad-oeynhausen","category-fahrrad","category-verkehr","tag-alltagsradverkehr","tag-auto","tag-baustelle","tag-benehmen","tag-eidinghausener-strasse","tag-mdrza","tag-mindener-strasse","tag-mit-dem-rad-zur-arbeit","tag-polizei","tag-regeln","tag-stvo","tag-verwaltung"],"share_on_mastodon":{"url":"https:\/\/social.tchncs.de\/@filmfacts\/112303634795351282","error":""},"_links":{"self":[{"href":"https:\/\/www.andreas-edler.de\/blog\/wp-json\/wp\/v2\/posts\/171551","targetHints":{"allow":["GET"]}}],"collection":[{"href":"https:\/\/www.andreas-edler.de\/blog\/wp-json\/wp\/v2\/posts"}],"about":[{"href":"https:\/\/www.andreas-edler.de\/blog\/wp-json\/wp\/v2\/types\/post"}],"author":[{"embeddable":true,"href":"https:\/\/www.andreas-edler.de\/blog\/wp-json\/wp\/v2\/users\/1"}],"replies":[{"embeddable":true,"href":"https:\/\/www.andreas-edler.de\/blog\/wp-json\/wp\/v2\/comments?post=171551"}],"version-history":[{"count":0,"href":"https:\/\/www.andreas-edler.de\/blog\/wp-json\/wp\/v2\/posts\/171551\/revisions"}],"wp:attachment":[{"href":"https:\/\/www.andreas-edler.de\/blog\/wp-json\/wp\/v2\/media?parent=171551"}],"wp:term":[{"taxonomy":"category","embeddable":true,"href":"https:\/\/www.andreas-edler.de\/blog\/wp-json\/wp\/v2\/categories?post=171551"},{"taxonomy":"post_tag","embeddable":true,"href":"https:\/\/www.andreas-edler.de\/blog\/wp-json\/wp\/v2\/tags?post=171551"}],"curies":[{"name":"wp","href":"https:\/\/api.w.org\/{rel}","templated":true}]}}