{"id":171527,"date":"2024-04-14T22:42:28","date_gmt":"2024-04-14T20:42:28","guid":{"rendered":"https:\/\/www.andreas-edler.de\/blog\/?p=171527"},"modified":"2024-04-15T07:49:24","modified_gmt":"2024-04-15T05:49:24","slug":"elektromobilitaet-vereitelt","status":"publish","type":"post","link":"https:\/\/www.andreas-edler.de\/blog\/2024\/04\/elektromobilitaet-vereitelt\/","title":{"rendered":"Elektromobilit\u00e4t vereitelt"},"content":{"rendered":"<figure id=\"attachment_171528\" aria-describedby=\"caption-attachment-171528\" style=\"width: 470px\" class=\"wp-caption aligncenter\"><a href=\"https:\/\/www.andreas-edler.de\/blog\/wp-content\/uploads\/2024\/04\/2024-04-14-17.06.30.jpg\"><img loading=\"lazy\" decoding=\"async\" src=\"https:\/\/www.andreas-edler.de\/blog\/wp-content\/uploads\/2024\/04\/2024-04-14-17.06.30-470x207.jpg\" alt=\"Etliche KFZ stehen in einem Parkhaus in einer Reihe.\" width=\"470\" height=\"207\" class=\"size-large wp-image-171528\" srcset=\"https:\/\/www.andreas-edler.de\/blog\/wp-content\/uploads\/2024\/04\/2024-04-14-17.06.30-470x207.jpg 470w, https:\/\/www.andreas-edler.de\/blog\/wp-content\/uploads\/2024\/04\/2024-04-14-17.06.30-250x110.jpg 250w, https:\/\/www.andreas-edler.de\/blog\/wp-content\/uploads\/2024\/04\/2024-04-14-17.06.30-768x339.jpg 768w, https:\/\/www.andreas-edler.de\/blog\/wp-content\/uploads\/2024\/04\/2024-04-14-17.06.30-100x44.jpg 100w, https:\/\/www.andreas-edler.de\/blog\/wp-content\/uploads\/2024\/04\/2024-04-14-17.06.30-150x66.jpg 150w, https:\/\/www.andreas-edler.de\/blog\/wp-content\/uploads\/2024\/04\/2024-04-14-17.06.30-200x88.jpg 200w, https:\/\/www.andreas-edler.de\/blog\/wp-content\/uploads\/2024\/04\/2024-04-14-17.06.30-300x132.jpg 300w, https:\/\/www.andreas-edler.de\/blog\/wp-content\/uploads\/2024\/04\/2024-04-14-17.06.30-450x199.jpg 450w, https:\/\/www.andreas-edler.de\/blog\/wp-content\/uploads\/2024\/04\/2024-04-14-17.06.30-600x265.jpg 600w, https:\/\/www.andreas-edler.de\/blog\/wp-content\/uploads\/2024\/04\/2024-04-14-17.06.30-900x397.jpg 900w, https:\/\/www.andreas-edler.de\/blog\/wp-content\/uploads\/2024\/04\/2024-04-14-17.06.30.jpg 1280w\" sizes=\"auto, (max-width: 470px) 100vw, 470px\" \/><\/a><figcaption id=\"caption-attachment-171528\" class=\"wp-caption-text\">In Reih und Glied<\/figcaption><\/figure>\n<p>Das ist die unterste Parkpalette im neuen Parkhaus am Hockeyplatz. In dieser Reihe sind die Wallboxen f\u00fcr Elektrofahrzeuge montiert. Bei dem gestriegen Spiel des FCO in der Sparkassen-Arena waren die unteren beiden Paletten des Parkhauses belegt, die 6(?) dar\u00fcber waren komplett leer. An Spieltagen ist das Parken in dem Parkhaus f\u00fcr den Verein kostenlos.<\/p>\n<p>In dieser Reihe vor den Wallboxen steht ein Hybrid-Fahrzeug, dessen Ladekabel nicht eingesteckt ist. Die anderen Autos sind Verbrenner-KfZ.<\/p>\n<p>Es scheint v\u00f6llig undenkbar f\u00fcr diese Klientel R\u00fccksicht zu nehmen und sich an Regeln zu halten. Aber dar\u00fcber meckern, man k\u00f6nne sich kein Elektroauto kaufen, weil die Ladeinfrastruktur nicht genug ausgebaut ist.<\/p>\n","protected":false},"excerpt":{"rendered":"<p>Das ist die unterste Parkpalette im neuen Parkhaus am Hockeyplatz. In dieser Reihe sind die Wallboxen f\u00fcr Elektrofahrzeuge montiert. Bei dem gestriegen Spiel des FCO in der Sparkassen-Arena waren die unteren beiden Paletten des Parkhauses belegt, die 6(?) dar\u00fcber waren &hellip;<\/p>\n<p class=\"read-more\"> <a class=\"more-link\" href=\"https:\/\/www.andreas-edler.de\/blog\/2024\/04\/elektromobilitaet-vereitelt\/\"> <span class=\"screen-reader-text\">Elektromobilit\u00e4t vereitelt<\/span> Weiterlesen &raquo;<\/a><\/p>\n","protected":false},"author":1,"featured_media":0,"comment_status":"open","ping_status":"open","sticky":false,"template":"","format":"standard","meta":{"ngg_post_thumbnail":0,"activitypub_content_warning":"","activitypub_content_visibility":"","activitypub_max_image_attachments":2,"activitypub_interaction_policy_quote":"anyone","activitypub_status":"federated","footnotes":""},"categories":[14,13],"tags":[37,63,239,532,489,488,216,71,374],"class_list":["post-171527","post","type-post","status-publish","format-standard","hentry","category-bad-oeynhausen","category-verkehr","tag-auto","tag-benehmen","tag-elektromobilitaet","tag-energiewende","tag-hockeyplatz","tag-medical-city-plaza","tag-parkhaeuser","tag-regeln","tag-verkehrswende"],"share_on_mastodon":{"url":"https:\/\/social.tchncs.de\/@filmfacts\/112273664623406384","error":""},"_links":{"self":[{"href":"https:\/\/www.andreas-edler.de\/blog\/wp-json\/wp\/v2\/posts\/171527","targetHints":{"allow":["GET"]}}],"collection":[{"href":"https:\/\/www.andreas-edler.de\/blog\/wp-json\/wp\/v2\/posts"}],"about":[{"href":"https:\/\/www.andreas-edler.de\/blog\/wp-json\/wp\/v2\/types\/post"}],"author":[{"embeddable":true,"href":"https:\/\/www.andreas-edler.de\/blog\/wp-json\/wp\/v2\/users\/1"}],"replies":[{"embeddable":true,"href":"https:\/\/www.andreas-edler.de\/blog\/wp-json\/wp\/v2\/comments?post=171527"}],"version-history":[{"count":0,"href":"https:\/\/www.andreas-edler.de\/blog\/wp-json\/wp\/v2\/posts\/171527\/revisions"}],"wp:attachment":[{"href":"https:\/\/www.andreas-edler.de\/blog\/wp-json\/wp\/v2\/media?parent=171527"}],"wp:term":[{"taxonomy":"category","embeddable":true,"href":"https:\/\/www.andreas-edler.de\/blog\/wp-json\/wp\/v2\/categories?post=171527"},{"taxonomy":"post_tag","embeddable":true,"href":"https:\/\/www.andreas-edler.de\/blog\/wp-json\/wp\/v2\/tags?post=171527"}],"curies":[{"name":"wp","href":"https:\/\/api.w.org\/{rel}","templated":true}]}}