{"id":171503,"date":"2024-03-29T17:01:53","date_gmt":"2024-03-29T16:01:53","guid":{"rendered":"https:\/\/www.andreas-edler.de\/blog\/?p=171503"},"modified":"2024-03-29T17:01:53","modified_gmt":"2024-03-29T16:01:53","slug":"antboy-die-rache-der-red-fury","status":"publish","type":"post","link":"https:\/\/www.andreas-edler.de\/blog\/2024\/03\/antboy-die-rache-der-red-fury\/","title":{"rendered":"Antboy \u2013 Die Rache der Red Fury"},"content":{"rendered":"<p>Nachdem dem j\u00fcngsten Nachwuchs der Spiderman-Verschnitt &#8222;Antboy&#8220; so gut gefallen hat und ich ihm steckte, dass es noch zwei weitere Fortsetzungen gab, musste das nat\u00fcrlich weiter geschaut werden. So suchten wir denn auf Amazon Prime nach dem Film &#8222;Antboy \u2013 Die Rache der Red Fury&#8220; und wurden auch schnell f\u00fcndig. Mit Kulleraugen wurde ich vom Filou darauf hingewiesen, dass &#8222;kaufen&#8220; nur einen Euro mehr kostet als &#8222;leihen&#8220;. Naja, muss ich ihn nicht gleich aufnehmen!<\/p>\n<p>Pelle ist immer noch als Antboy unterwegs, um f\u00fcr Gerechtigkeit zu sorgen. Auf Idas Ann\u00e4herungsversuche reagiert er aber unbeholfen, obwohl er nicht abgeneigt ist und so hat der Neue an der Schule, Christian, leichtes Spiel ihn auszustechen. Allerdings ist da noch Maria &#8211; riesiger Antboy-Fan &#8211; mit der er zu einer Party gehen will und sie leider sitzen l\u00e4sst. Superheldenpflichten gehen vor. Die so vor den Kopf gesto\u00dfene entwickelt sich mit unfreiwilliger Hilfe ihres Vaters zur Superschurkin und hetzt zus\u00e4tzlich die &#8222;Terror Typen&#8220; auf Antboy.<\/p>\n<p>Puh, ganz sch\u00f6n viel in die Handlung rein gepackt, aber immer noch am\u00fcsant anzusehen. ich fands ein bisschen langweiliger als den ersten Teil, w\u00fcrde mich aber auch nicht unbedingt zur Zielgruppe z\u00e4hlen. Mindestens ein Mitglied dieser Gruppe in unserer Familie war immer noch sehr angetan und ich f\u00fcrchte, wir werden in den n\u00e4chsten Tagen auch noch den dritten Teil leihen oder kaufen m\u00fcssen!<\/p>\n","protected":false},"excerpt":{"rendered":"<p>Nachdem dem j\u00fcngsten Nachwuchs der Spiderman-Verschnitt &#8222;Antboy&#8220; so gut gefallen hat und ich ihm steckte, dass es noch zwei weitere Fortsetzungen gab, musste das nat\u00fcrlich weiter geschaut werden. So suchten wir denn auf Amazon Prime nach dem Film &#8222;Antboy \u2013 &hellip;<\/p>\n<p class=\"read-more\"> <a class=\"more-link\" href=\"https:\/\/www.andreas-edler.de\/blog\/2024\/03\/antboy-die-rache-der-red-fury\/\"> <span class=\"screen-reader-text\">Antboy \u2013 Die Rache der Red Fury<\/span> Weiterlesen &raquo;<\/a><\/p>\n","protected":false},"author":1,"featured_media":0,"comment_status":"open","ping_status":"open","sticky":false,"template":"","format":"standard","meta":{"ngg_post_thumbnail":0,"activitypub_content_warning":"","activitypub_content_visibility":"","activitypub_max_image_attachments":2,"activitypub_interaction_policy_quote":"anyone","activitypub_status":"federated","footnotes":""},"categories":[1],"tags":[11,88,95,186],"class_list":["post-171503","post","type-post","status-publish","format-standard","hentry","category-allgemein","tag-film","tag-filmkritik","tag-heimkino","tag-nachwuchs-2-0"],"share_on_mastodon":{"url":"https:\/\/social.tchncs.de\/@filmfacts\/112179813683565015","error":""},"_links":{"self":[{"href":"https:\/\/www.andreas-edler.de\/blog\/wp-json\/wp\/v2\/posts\/171503","targetHints":{"allow":["GET"]}}],"collection":[{"href":"https:\/\/www.andreas-edler.de\/blog\/wp-json\/wp\/v2\/posts"}],"about":[{"href":"https:\/\/www.andreas-edler.de\/blog\/wp-json\/wp\/v2\/types\/post"}],"author":[{"embeddable":true,"href":"https:\/\/www.andreas-edler.de\/blog\/wp-json\/wp\/v2\/users\/1"}],"replies":[{"embeddable":true,"href":"https:\/\/www.andreas-edler.de\/blog\/wp-json\/wp\/v2\/comments?post=171503"}],"version-history":[{"count":0,"href":"https:\/\/www.andreas-edler.de\/blog\/wp-json\/wp\/v2\/posts\/171503\/revisions"}],"wp:attachment":[{"href":"https:\/\/www.andreas-edler.de\/blog\/wp-json\/wp\/v2\/media?parent=171503"}],"wp:term":[{"taxonomy":"category","embeddable":true,"href":"https:\/\/www.andreas-edler.de\/blog\/wp-json\/wp\/v2\/categories?post=171503"},{"taxonomy":"post_tag","embeddable":true,"href":"https:\/\/www.andreas-edler.de\/blog\/wp-json\/wp\/v2\/tags?post=171503"}],"curies":[{"name":"wp","href":"https:\/\/api.w.org\/{rel}","templated":true}]}}