{"id":171499,"date":"2024-03-27T09:23:18","date_gmt":"2024-03-27T08:23:18","guid":{"rendered":"https:\/\/www.andreas-edler.de\/blog\/?p=171499"},"modified":"2024-03-27T09:23:18","modified_gmt":"2024-03-27T08:23:18","slug":"sommerreifen-auf-dem-skoda-yeti","status":"publish","type":"post","link":"https:\/\/www.andreas-edler.de\/blog\/2024\/03\/sommerreifen-auf-dem-skoda-yeti\/","title":{"rendered":"Sommerreifen auf dem Skoda Yeti"},"content":{"rendered":"<p>&#8222;Von O bis O!&#8220;, von Oktober bis Ostern m\u00fcssen die Winterreifen aufs Auto wird mir regelm\u00e4\u00dfig gesagt. Und nat\u00fcrlich ist das Quatsch. Die m\u00fcssen drauf, sobald das Wetter dies erfordert. In diesem Jahr war das quasi nicht der Fall &#8211; Auch nicht, als wir den Nachwuchs aus der Skifreizeit in Neuastenberg abgeholt haben. Ich denke, das wird noch weniger werden.<\/p>\n<figure id=\"attachment_171500\" aria-describedby=\"caption-attachment-171500\" style=\"width: 470px\" class=\"wp-caption aligncenter\"><a href=\"https:\/\/www.andreas-edler.de\/blog\/wp-content\/uploads\/2024\/03\/2024-03-25-16.18.22.jpg\"><img loading=\"lazy\" decoding=\"async\" src=\"https:\/\/www.andreas-edler.de\/blog\/wp-content\/uploads\/2024\/03\/2024-03-25-16.18.22-470x233.jpg\" alt=\"Ein rotes Auto - Skoda Yeti - ist vorne rechts auf einem Wagenheber und das rechte Vorderrad ist demontiert.\" width=\"470\" height=\"233\" class=\"size-large wp-image-171500\" srcset=\"https:\/\/www.andreas-edler.de\/blog\/wp-content\/uploads\/2024\/03\/2024-03-25-16.18.22-470x233.jpg 470w, https:\/\/www.andreas-edler.de\/blog\/wp-content\/uploads\/2024\/03\/2024-03-25-16.18.22-250x124.jpg 250w, https:\/\/www.andreas-edler.de\/blog\/wp-content\/uploads\/2024\/03\/2024-03-25-16.18.22-768x380.jpg 768w, https:\/\/www.andreas-edler.de\/blog\/wp-content\/uploads\/2024\/03\/2024-03-25-16.18.22-100x50.jpg 100w, https:\/\/www.andreas-edler.de\/blog\/wp-content\/uploads\/2024\/03\/2024-03-25-16.18.22-150x74.jpg 150w, https:\/\/www.andreas-edler.de\/blog\/wp-content\/uploads\/2024\/03\/2024-03-25-16.18.22-200x99.jpg 200w, https:\/\/www.andreas-edler.de\/blog\/wp-content\/uploads\/2024\/03\/2024-03-25-16.18.22-300x149.jpg 300w, https:\/\/www.andreas-edler.de\/blog\/wp-content\/uploads\/2024\/03\/2024-03-25-16.18.22-450x223.jpg 450w, https:\/\/www.andreas-edler.de\/blog\/wp-content\/uploads\/2024\/03\/2024-03-25-16.18.22-600x297.jpg 600w, https:\/\/www.andreas-edler.de\/blog\/wp-content\/uploads\/2024\/03\/2024-03-25-16.18.22-900x446.jpg 900w, https:\/\/www.andreas-edler.de\/blog\/wp-content\/uploads\/2024\/03\/2024-03-25-16.18.22.jpg 1280w\" sizes=\"auto, (max-width: 470px) 100vw, 470px\" \/><\/a><figcaption id=\"caption-attachment-171500\" class=\"wp-caption-text\">Runter mit dem Winterfell.<\/figcaption><\/figure>\n<p>Ich wechsle daher die Reifen genau dann, wenn es trocken und halbwegs warm ist und ich Lust habe. Das kann auch im Dezember sein. Zur\u00fcck auf die Sommerreifen wollte ich schon ein paar Mal in diesem Jahr, aber die Variablen passten nicht zusammen. Nun sind aber Osterferien, wir haben eine Woche Urlaub und ich war mit dem kleinen Umbau eines Nachttischchens im Schlafzimmer schneller fertig als gedacht.<\/p>\n<p>Wagenheber gez\u00fcckt, Alex hat die Reifen mit aus dem Keller geholt und ich habe gewechselt. Immer wenn ein Reifen fertig war, hat Alex diesen netterweise schon in den Keller gebracht, so dass nach einer halben Stunde alles erledigt war. Wieder 34 Euro gespart. Soviel nahm Reifen-Langer am n\u00e4chsten Tag f\u00fcr den Wechsel von Winter- auf Sommerbereifung am Fiat 500e. Bei dem Elektrowagen sind die Auflagepunkte f\u00fcr den Wagenheber doof weit innen und ich komme mit unserem Wagenheber nur m\u00e4\u00dfig bequem da ran. Zus\u00e4tzlich zu den Kosten dauert der Wechsel mit Hin- und R\u00fcckfahrt auch noch l\u00e4nger. Vielleicht gucke ich mir das doch mal an.<\/p>\n","protected":false},"excerpt":{"rendered":"<p>&#8222;Von O bis O!&#8220;, von Oktober bis Ostern m\u00fcssen die Winterreifen aufs Auto wird mir regelm\u00e4\u00dfig gesagt. Und nat\u00fcrlich ist das Quatsch. Die m\u00fcssen drauf, sobald das Wetter dies erfordert. In diesem Jahr war das quasi nicht der Fall &#8211; &hellip;<\/p>\n<p class=\"read-more\"> <a class=\"more-link\" href=\"https:\/\/www.andreas-edler.de\/blog\/2024\/03\/sommerreifen-auf-dem-skoda-yeti\/\"> <span class=\"screen-reader-text\">Sommerreifen auf dem Skoda Yeti<\/span> Weiterlesen &raquo;<\/a><\/p>\n","protected":false},"author":1,"featured_media":0,"comment_status":"open","ping_status":"open","sticky":false,"template":"","format":"standard","meta":{"ngg_post_thumbnail":0,"activitypub_content_warning":"","activitypub_content_visibility":"","activitypub_max_image_attachments":2,"activitypub_interaction_policy_quote":"anyone","activitypub_status":"federated","footnotes":""},"categories":[22,13],"tags":[37,49,64,209,46],"class_list":["post-171499","post","type-post","status-publish","format-standard","hentry","category-basteln","category-verkehr","tag-auto","tag-hardware","tag-konsum","tag-skoda-yeti","tag-technik"],"share_on_mastodon":{"url":"https:\/\/social.tchncs.de\/@filmfacts\/112166685887152161","error":""},"_links":{"self":[{"href":"https:\/\/www.andreas-edler.de\/blog\/wp-json\/wp\/v2\/posts\/171499","targetHints":{"allow":["GET"]}}],"collection":[{"href":"https:\/\/www.andreas-edler.de\/blog\/wp-json\/wp\/v2\/posts"}],"about":[{"href":"https:\/\/www.andreas-edler.de\/blog\/wp-json\/wp\/v2\/types\/post"}],"author":[{"embeddable":true,"href":"https:\/\/www.andreas-edler.de\/blog\/wp-json\/wp\/v2\/users\/1"}],"replies":[{"embeddable":true,"href":"https:\/\/www.andreas-edler.de\/blog\/wp-json\/wp\/v2\/comments?post=171499"}],"version-history":[{"count":0,"href":"https:\/\/www.andreas-edler.de\/blog\/wp-json\/wp\/v2\/posts\/171499\/revisions"}],"wp:attachment":[{"href":"https:\/\/www.andreas-edler.de\/blog\/wp-json\/wp\/v2\/media?parent=171499"}],"wp:term":[{"taxonomy":"category","embeddable":true,"href":"https:\/\/www.andreas-edler.de\/blog\/wp-json\/wp\/v2\/categories?post=171499"},{"taxonomy":"post_tag","embeddable":true,"href":"https:\/\/www.andreas-edler.de\/blog\/wp-json\/wp\/v2\/tags?post=171499"}],"curies":[{"name":"wp","href":"https:\/\/api.w.org\/{rel}","templated":true}]}}