{"id":171487,"date":"2024-03-26T10:00:40","date_gmt":"2024-03-26T09:00:40","guid":{"rendered":"https:\/\/www.andreas-edler.de\/blog\/?p=171487"},"modified":"2024-03-26T10:00:40","modified_gmt":"2024-03-26T09:00:40","slug":"reparaturstation-am-weserradweg-intakt","status":"publish","type":"post","link":"https:\/\/www.andreas-edler.de\/blog\/2024\/03\/reparaturstation-am-weserradweg-intakt\/","title":{"rendered":"Reparaturstation am Weserradweg intakt"},"content":{"rendered":"<p><figure id=\"attachment_171488\" aria-describedby=\"caption-attachment-171488\" style=\"width: 150px\" class=\"wp-caption alignright\"><a href=\"https:\/\/www.andreas-edler.de\/blog\/wp-content\/uploads\/2024\/03\/2024-03-26-09.39.47.png\"><img loading=\"lazy\" decoding=\"async\" src=\"https:\/\/www.andreas-edler.de\/blog\/wp-content\/uploads\/2024\/03\/2024-03-26-09.39.47-150x150.png\" alt=\"Screenshot einer Meldung in einem M\u00e4ngelmelder.\" width=\"150\" height=\"150\" class=\"size-thumbnail wp-image-171488\" \/><\/a><figcaption id=\"caption-attachment-171488\" class=\"wp-caption-text\">Meldung vom 29.09.2023<\/figcaption><\/figure> Am 29.09.2023 habe ich die defekte Reparaturstation an der Rehmer Insel im M\u00e4ngelmelder eingetragen. Viel fr\u00fcher gab es den einfach nicht. Zerst\u00f6rt wurde die Station in Etappen aber schon deutlich fr\u00fcher. Bereits Ende Mai 2023 war <a href=\"https:\/\/www.andreas-edler.de\/blog\/2023\/05\/werkzeugstation-an-der-rehmer-insel\/\" rel=\"noopener\" target=\"_blank\">der Pumpenkopf der Station abgerissen<\/a> worden. Selbstverst\u00e4ndlich habe ich das gemeldet. Es ist nichts passiert.<\/p>\n<p>Im September war dann <a href=\"https:\/\/www.andreas-edler.de\/blog\/2023\/09\/fahrradreparaturstation-an-der-rehmer-insel-mit-reparaturstau\/\" rel=\"noopener\" target=\"_blank\">der Rest futsch<\/a>. Daraufhin die M\u00e4ngelmeldung. Die Meldung wurde aber noch nicht einmal im M\u00e4ngelmelder freigegeben. Nachdem ich im Ausschuss f\u00fcr Stadtentwicklung entsprechend nachgefragt habe, kam heraus, dass der <a href=\"https:\/\/www.andreas-edler.de\/blog\/2023\/10\/hersteller-der-fahrradreparaturstation-nicht-bekannt\/\" rel=\"noopener\" target=\"_blank\">Hersteller der Station wohl unbekannt<\/a> sei. H\u00fcstel, ich f\u00fchlte mich veralbert. Passiert ist daraufhin nichts.<\/p>\n<figure id=\"attachment_171489\" aria-describedby=\"caption-attachment-171489\" style=\"width: 470px\" class=\"wp-caption aligncenter\"><a href=\"https:\/\/www.andreas-edler.de\/blog\/wp-content\/uploads\/2024\/03\/2024-03-25-17.12.52.jpg\"><img loading=\"lazy\" decoding=\"async\" src=\"https:\/\/www.andreas-edler.de\/blog\/wp-content\/uploads\/2024\/03\/2024-03-25-17.12.52-470x261.jpg\" alt=\"Eine Fahrradreparaturstation vor einem KFZ-Parkplatz und neben mehreren Anlehnb\u00fcgeln f\u00fcr Fahrr\u00e4der.\" width=\"470\" height=\"261\" class=\"size-large wp-image-171489\" srcset=\"https:\/\/www.andreas-edler.de\/blog\/wp-content\/uploads\/2024\/03\/2024-03-25-17.12.52-470x261.jpg 470w, https:\/\/www.andreas-edler.de\/blog\/wp-content\/uploads\/2024\/03\/2024-03-25-17.12.52-250x139.jpg 250w, https:\/\/www.andreas-edler.de\/blog\/wp-content\/uploads\/2024\/03\/2024-03-25-17.12.52-768x427.jpg 768w, https:\/\/www.andreas-edler.de\/blog\/wp-content\/uploads\/2024\/03\/2024-03-25-17.12.52-100x56.jpg 100w, https:\/\/www.andreas-edler.de\/blog\/wp-content\/uploads\/2024\/03\/2024-03-25-17.12.52-150x83.jpg 150w, https:\/\/www.andreas-edler.de\/blog\/wp-content\/uploads\/2024\/03\/2024-03-25-17.12.52-200x111.jpg 200w, https:\/\/www.andreas-edler.de\/blog\/wp-content\/uploads\/2024\/03\/2024-03-25-17.12.52-300x167.jpg 300w, https:\/\/www.andreas-edler.de\/blog\/wp-content\/uploads\/2024\/03\/2024-03-25-17.12.52-450x250.jpg 450w, https:\/\/www.andreas-edler.de\/blog\/wp-content\/uploads\/2024\/03\/2024-03-25-17.12.52-600x333.jpg 600w, https:\/\/www.andreas-edler.de\/blog\/wp-content\/uploads\/2024\/03\/2024-03-25-17.12.52-900x500.jpg 900w, https:\/\/www.andreas-edler.de\/blog\/wp-content\/uploads\/2024\/03\/2024-03-25-17.12.52.jpg 1280w\" sizes=\"auto, (max-width: 470px) 100vw, 470px\" \/><\/a><figcaption id=\"caption-attachment-171489\" class=\"wp-caption-text\">Sie ist wieder intakt!<\/figcaption><\/figure>\n<p>Ich habe am Rande von Sitzungen immer mal wieder die Verwaltung angesprochen, aber au\u00dfer Schulterzucken keine konkrete Antwort bekommen. Bis pl\u00f6tzlich am 20.03.2024 eine Mail eintrudelte, dass mein gemeldeter Mangel behoben sei. Es wurde an einem Tag die Meldung freigeschaltet und sofort auf gel\u00f6st gesetzt. Und es hat nur sechs Monate gedauert! Nimmt man den Pumpenkopf als &#8222;Startschuss&#8220;, dauerte die Instandsetzung lediglich 10 Monate. Ich bin begeistert, wie sehr man sich in Bad Oeynhausen um den Radverkehr und f\u00fcr neu umgesetzte, nicht ganz g\u00fcnstige  Tourismushotspots k\u00fcmmert!<\/p>\n","protected":false},"excerpt":{"rendered":"<p>Am 29.09.2023 habe ich die defekte Reparaturstation an der Rehmer Insel im M\u00e4ngelmelder eingetragen. Viel fr\u00fcher gab es den einfach nicht. Zerst\u00f6rt wurde die Station in Etappen aber schon deutlich fr\u00fcher. Bereits Ende Mai 2023 war der Pumpenkopf der Station &hellip;<\/p>\n<p class=\"read-more\"> <a class=\"more-link\" href=\"https:\/\/www.andreas-edler.de\/blog\/2024\/03\/reparaturstation-am-weserradweg-intakt\/\"> <span class=\"screen-reader-text\">Reparaturstation am Weserradweg intakt<\/span> Weiterlesen &raquo;<\/a><\/p>\n","protected":false},"author":1,"featured_media":0,"comment_status":"open","ping_status":"open","sticky":false,"template":"","format":"standard","meta":{"ngg_post_thumbnail":0,"activitypub_content_warning":"","activitypub_content_visibility":"","activitypub_max_image_attachments":2,"activitypub_interaction_policy_quote":"anyone","activitypub_status":"federated","footnotes":""},"categories":[14,15,18,45],"tags":[477,237,110,251,34,434,316,79,46,175,72,301],"class_list":["post-171487","post","type-post","status-publish","format-standard","hentry","category-bad-oeynhausen","category-fahrrad","category-fraglich","category-politik","tag-alltagsradverkehr","tag-ausschuss-fuer-stadtentwicklung","tag-fahrradfreundliche-stadt","tag-infrastruktur","tag-kommunikation","tag-rehmer-insel","tag-reparieren","tag-stadtwerke","tag-technik","tag-tourismus","tag-verwaltung","tag-weserradweg"],"share_on_mastodon":{"url":"https:\/\/social.tchncs.de\/@filmfacts\/112161170569319451","error":""},"_links":{"self":[{"href":"https:\/\/www.andreas-edler.de\/blog\/wp-json\/wp\/v2\/posts\/171487","targetHints":{"allow":["GET"]}}],"collection":[{"href":"https:\/\/www.andreas-edler.de\/blog\/wp-json\/wp\/v2\/posts"}],"about":[{"href":"https:\/\/www.andreas-edler.de\/blog\/wp-json\/wp\/v2\/types\/post"}],"author":[{"embeddable":true,"href":"https:\/\/www.andreas-edler.de\/blog\/wp-json\/wp\/v2\/users\/1"}],"replies":[{"embeddable":true,"href":"https:\/\/www.andreas-edler.de\/blog\/wp-json\/wp\/v2\/comments?post=171487"}],"version-history":[{"count":0,"href":"https:\/\/www.andreas-edler.de\/blog\/wp-json\/wp\/v2\/posts\/171487\/revisions"}],"wp:attachment":[{"href":"https:\/\/www.andreas-edler.de\/blog\/wp-json\/wp\/v2\/media?parent=171487"}],"wp:term":[{"taxonomy":"category","embeddable":true,"href":"https:\/\/www.andreas-edler.de\/blog\/wp-json\/wp\/v2\/categories?post=171487"},{"taxonomy":"post_tag","embeddable":true,"href":"https:\/\/www.andreas-edler.de\/blog\/wp-json\/wp\/v2\/tags?post=171487"}],"curies":[{"name":"wp","href":"https:\/\/api.w.org\/{rel}","templated":true}]}}