{"id":171448,"date":"2024-03-19T18:50:00","date_gmt":"2024-03-19T17:50:00","guid":{"rendered":"https:\/\/www.andreas-edler.de\/blog\/?p=171448"},"modified":"2024-03-19T18:05:41","modified_gmt":"2024-03-19T17:05:41","slug":"maerchenfiguren-in-bad-oeynhausen","status":"publish","type":"post","link":"https:\/\/www.andreas-edler.de\/blog\/2024\/03\/maerchenfiguren-in-bad-oeynhausen\/","title":{"rendered":"M\u00e4rchenfiguren in Bad Oeynhausen"},"content":{"rendered":"<p>Seit ich in der Lokalpolitik in Bad Oeynhausen aktiv bin, wird \u00fcber das M\u00e4rchenmuseum geredet. Haupts\u00e4chlich zu den Haushaltsberatungen poppt das Thema auf, denn wir zahlen einige hunderttausend Euro daf\u00fcr, dass wir uns dieses Museum (und den Museumshof) leisten. Im Haushaltsentwurf 2024 standen den Kosten i.H.v. 671.543 \u20ac zum Beispiel Einnahmen von 33.010 \u20ac gegen\u00fcber.<\/p>\n<p>Das macht einen st\u00e4dtischen <strong>Zuschuss von 638.533 \u20ac im Jahr<\/strong>. Bei ca. 6.000 Besuchern im Jahr kostet jeder Besuch im Museumshof oder dem M\u00e4rchenmuseum also knapp 106 Euro. Muss man halt wollen. Ich bin da nicht so \u00fcberzeugt. Das habe ich vor 15 bis 20 Jahren noch anders gesehen. Da habe ich aber auch nicht \u00fcber den Haushalt beraten.<\/p>\n<p>Zur Attraktivit\u00e4tssteigerung haben wir jedenfalls vor kurzem einige Bronzefiguren mit M\u00e4rchenmotiven aufgestellt. Diese sollen im Stadtbild f\u00fcr Interesse am M\u00e4rchenmuseum sorgen.<\/p>\n<p><cite>Neue Westf\u00e4lische vom 07.03.2024: <strong><a href=\"https:\/\/www.nw.de\/lokal\/kreis_minden_luebbecke\/bad_oeynhausen\/23799752_Neue-Bronzefiguren-in-Bad-Oeynhausen-Das-hat-es-mit-den-Maerchenfiguren-auf-sich.html\" target=\"_new\" rel=\"noopener\">Neue Bronzefiguren in Bad Oeynhausen: Das hat es mit den M\u00e4rchenfiguren auf sich<\/a><\/strong><br \/>\n[&#8230;] Trotz der bescheidenen Gr\u00f6\u00dfe kn\u00fcpft die Verwaltung hohe Erwartungen an die M\u00e4rchenfiguren. [&#8230;]<br \/>\n[&#8230;] \u201eMit den M\u00e4rchenfiguren soll das M\u00e4rchenmuseum nachhaltig gest\u00e4rkt werden.\u201c Es sei zu erwarten, \u201edass Bad Oeynhausen \u00fcberregional eine h\u00f6here Bekanntheit erlangen wird durch die M\u00e4rchenfiguren. [&#8230;]<br \/>\n[&#8230;] Weiter sei zu erwarten, dass sich die Einwohner st\u00e4rker mit dem M\u00e4rchenmuseum identifizieren w\u00fcrden, wenn die M\u00e4rchenfiguren ein fester Bestandteil des Stadtbildes seien [&#8230;]<\/cite><\/p>\n<figure id=\"attachment_171449\" aria-describedby=\"caption-attachment-171449\" style=\"width: 470px\" class=\"wp-caption aligncenter\"><a href=\"https:\/\/www.andreas-edler.de\/blog\/wp-content\/uploads\/2024\/03\/2024-03-18-13.09.31.jpg\"><img loading=\"lazy\" decoding=\"async\" src=\"https:\/\/www.andreas-edler.de\/blog\/wp-content\/uploads\/2024\/03\/2024-03-18-13.09.31-470x283.jpg\" alt=\"Eine Bronzestatue der M\u00e4rchenfigur &quot;Der b\u00f6se Wolf&quot; verkleidet als Gro\u00dfmutter.\" width=\"470\" height=\"283\" class=\"size-large wp-image-171449\" srcset=\"https:\/\/www.andreas-edler.de\/blog\/wp-content\/uploads\/2024\/03\/2024-03-18-13.09.31-470x283.jpg 470w, https:\/\/www.andreas-edler.de\/blog\/wp-content\/uploads\/2024\/03\/2024-03-18-13.09.31-250x151.jpg 250w, https:\/\/www.andreas-edler.de\/blog\/wp-content\/uploads\/2024\/03\/2024-03-18-13.09.31-768x463.jpg 768w, https:\/\/www.andreas-edler.de\/blog\/wp-content\/uploads\/2024\/03\/2024-03-18-13.09.31-100x60.jpg 100w, https:\/\/www.andreas-edler.de\/blog\/wp-content\/uploads\/2024\/03\/2024-03-18-13.09.31-150x90.jpg 150w, https:\/\/www.andreas-edler.de\/blog\/wp-content\/uploads\/2024\/03\/2024-03-18-13.09.31-200x121.jpg 200w, https:\/\/www.andreas-edler.de\/blog\/wp-content\/uploads\/2024\/03\/2024-03-18-13.09.31-300x181.jpg 300w, https:\/\/www.andreas-edler.de\/blog\/wp-content\/uploads\/2024\/03\/2024-03-18-13.09.31-450x271.jpg 450w, https:\/\/www.andreas-edler.de\/blog\/wp-content\/uploads\/2024\/03\/2024-03-18-13.09.31-600x362.jpg 600w, https:\/\/www.andreas-edler.de\/blog\/wp-content\/uploads\/2024\/03\/2024-03-18-13.09.31-900x543.jpg 900w, https:\/\/www.andreas-edler.de\/blog\/wp-content\/uploads\/2024\/03\/2024-03-18-13.09.31.jpg 1280w\" sizes=\"auto, (max-width: 470px) 100vw, 470px\" \/><\/a><figcaption id=\"caption-attachment-171449\" class=\"wp-caption-text\">Der b\u00f6se Wolf<\/figcaption><\/figure>\n<p>Ich habe angesichts der vergleichbar geringen Kosten nichts gegen diese Figuren und denke tats\u00e4chlich, dass diese das Stadtbild ein bisschen aufwerten k\u00f6nnten. Andere St\u00e4dte haben auch Statuen &#8211; wenn auch vielleicht deutlich bekanntere. Die im NW-Artikel genannten Ziele halte ich allerdings f\u00fcr ziemlich hoch gesteckt. Ich habe keinerlei Ahnung, wie bekannt unser M\u00e4rchenmuseum \u00fcberregional ist. Angeblich &#8211; so wurde es vor Jahren intern erz\u00e4hlt &#8211; gab es mal ein vernichtendes Gutachten dazu. Und ich zweifle, dass diese Figuren daran etwas \u00e4ndern. Ob sich die B\u00fcrger\/innen aufgrund kleiner versteckter Figuren mit dem M\u00e4rchenmuseum identifizieren? Nun, bei mir klappt es nicht.<\/p>\n<p>Nachdem ich die Figuren gesehen habe, war mir auch sofort klar, was als n\u00e4chstes passiert: sie werden zerst\u00f6rt bzw. sind weg. Der &#8222;b\u00f6se Wolf&#8220; steht schon schief und ist wackelig in seiner Halterung. Die Bodenplatte ist verbogen. Im Vergleich mit dem Bild in der Zeitung ist das gut zu erkennen. Da waren bereits Vandalen am Werk. Bin gespannt wann er weg ist und wie lange es dauert, bis das dann &#8222;repariert&#8220; ist.<\/p>\n","protected":false},"excerpt":{"rendered":"<p>Seit ich in der Lokalpolitik in Bad Oeynhausen aktiv bin, wird \u00fcber das M\u00e4rchenmuseum geredet. Haupts\u00e4chlich zu den Haushaltsberatungen poppt das Thema auf, denn wir zahlen einige hunderttausend Euro daf\u00fcr, dass wir uns dieses Museum (und den Museumshof) leisten. Im &hellip;<\/p>\n<p class=\"read-more\"> <a class=\"more-link\" href=\"https:\/\/www.andreas-edler.de\/blog\/2024\/03\/maerchenfiguren-in-bad-oeynhausen\/\"> <span class=\"screen-reader-text\">M\u00e4rchenfiguren in Bad Oeynhausen<\/span> Weiterlesen &raquo;<\/a><\/p>\n","protected":false},"author":1,"featured_media":0,"comment_status":"open","ping_status":"open","sticky":false,"template":"","format":"standard","meta":{"ngg_post_thumbnail":0,"activitypub_content_warning":"","activitypub_content_visibility":"","activitypub_max_image_attachments":2,"activitypub_interaction_policy_quote":"anyone","activitypub_status":"federated","footnotes":""},"categories":[14,45],"tags":[204,208,597,598,72],"class_list":["post-171448","post","type-post","status-publish","format-standard","hentry","category-bad-oeynhausen","category-politik","tag-bahnhof","tag-haushalt","tag-kultur","tag-maerchenmuseum","tag-verwaltung"],"share_on_mastodon":{"url":"https:\/\/social.tchncs.de\/@filmfacts\/112123675357474840","error":""},"_links":{"self":[{"href":"https:\/\/www.andreas-edler.de\/blog\/wp-json\/wp\/v2\/posts\/171448","targetHints":{"allow":["GET"]}}],"collection":[{"href":"https:\/\/www.andreas-edler.de\/blog\/wp-json\/wp\/v2\/posts"}],"about":[{"href":"https:\/\/www.andreas-edler.de\/blog\/wp-json\/wp\/v2\/types\/post"}],"author":[{"embeddable":true,"href":"https:\/\/www.andreas-edler.de\/blog\/wp-json\/wp\/v2\/users\/1"}],"replies":[{"embeddable":true,"href":"https:\/\/www.andreas-edler.de\/blog\/wp-json\/wp\/v2\/comments?post=171448"}],"version-history":[{"count":0,"href":"https:\/\/www.andreas-edler.de\/blog\/wp-json\/wp\/v2\/posts\/171448\/revisions"}],"wp:attachment":[{"href":"https:\/\/www.andreas-edler.de\/blog\/wp-json\/wp\/v2\/media?parent=171448"}],"wp:term":[{"taxonomy":"category","embeddable":true,"href":"https:\/\/www.andreas-edler.de\/blog\/wp-json\/wp\/v2\/categories?post=171448"},{"taxonomy":"post_tag","embeddable":true,"href":"https:\/\/www.andreas-edler.de\/blog\/wp-json\/wp\/v2\/tags?post=171448"}],"curies":[{"name":"wp","href":"https:\/\/api.w.org\/{rel}","templated":true}]}}