{"id":171438,"date":"2024-03-15T22:48:02","date_gmt":"2024-03-15T21:48:02","guid":{"rendered":"https:\/\/www.andreas-edler.de\/blog\/?p=171438"},"modified":"2024-03-17T23:03:34","modified_gmt":"2024-03-17T22:03:34","slug":"hundekot-in-futterwiesen","status":"publish","type":"post","link":"https:\/\/www.andreas-edler.de\/blog\/2024\/03\/hundekot-in-futterwiesen\/","title":{"rendered":"Hundekot in Futterwiesen"},"content":{"rendered":"<p>Auf dem Weg nach Hause an mehreren B\u00e4umen entlang des Radweges hinter der Volksbank l\u00e4ngs der Werre hingen ein paar Schilder. Zuerst nur aus dem Augenwinkel gesehen, habe ich dann mal angehalten und gelesen.<\/p>\n<figure id=\"attachment_171439\" aria-describedby=\"caption-attachment-171439\" style=\"width: 470px\" class=\"wp-caption aligncenter\"><a href=\"https:\/\/www.andreas-edler.de\/blog\/wp-content\/uploads\/2024\/03\/2024-03-15-16.13.53.jpg\"><img loading=\"lazy\" decoding=\"async\" src=\"https:\/\/www.andreas-edler.de\/blog\/wp-content\/uploads\/2024\/03\/2024-03-15-16.13.53-470x269.jpg\" alt=\"Ein an einen Baum gebundenes und gegen Wettereinfl\u00fcsse laminiertes Schild mit der Aufschrift:\n\nHallo ihr lieben TIERFREUNDE und HUNDEBESITZER,\n\nhabt ihr schon mal dar\u00fcber nachgedacht, da\u00df wenn euer Hund auf meine Wiese KACKT, eben diese KACKE in meinem Futter landet und mich schwer krank machen kann? Nehmt doch bitte die Hinterlassenschaften eures Hundes mit, oder reicht euer Verst\u00e4ndnis nur so lang wie eure Hundeleine\u00a0ist.\n\nLG\u00a0Muh\" width=\"470\" height=\"269\" class=\"size-large wp-image-171439\" srcset=\"https:\/\/www.andreas-edler.de\/blog\/wp-content\/uploads\/2024\/03\/2024-03-15-16.13.53-470x269.jpg 470w, https:\/\/www.andreas-edler.de\/blog\/wp-content\/uploads\/2024\/03\/2024-03-15-16.13.53-250x143.jpg 250w, https:\/\/www.andreas-edler.de\/blog\/wp-content\/uploads\/2024\/03\/2024-03-15-16.13.53-768x440.jpg 768w, https:\/\/www.andreas-edler.de\/blog\/wp-content\/uploads\/2024\/03\/2024-03-15-16.13.53-100x57.jpg 100w, https:\/\/www.andreas-edler.de\/blog\/wp-content\/uploads\/2024\/03\/2024-03-15-16.13.53-150x86.jpg 150w, https:\/\/www.andreas-edler.de\/blog\/wp-content\/uploads\/2024\/03\/2024-03-15-16.13.53-200x115.jpg 200w, https:\/\/www.andreas-edler.de\/blog\/wp-content\/uploads\/2024\/03\/2024-03-15-16.13.53-300x172.jpg 300w, https:\/\/www.andreas-edler.de\/blog\/wp-content\/uploads\/2024\/03\/2024-03-15-16.13.53-450x258.jpg 450w, https:\/\/www.andreas-edler.de\/blog\/wp-content\/uploads\/2024\/03\/2024-03-15-16.13.53-600x344.jpg 600w, https:\/\/www.andreas-edler.de\/blog\/wp-content\/uploads\/2024\/03\/2024-03-15-16.13.53-900x515.jpg 900w, https:\/\/www.andreas-edler.de\/blog\/wp-content\/uploads\/2024\/03\/2024-03-15-16.13.53.jpg 1280w\" sizes=\"auto, (max-width: 470px) 100vw, 470px\" \/><\/a><figcaption id=\"caption-attachment-171439\" class=\"wp-caption-text\">Hier m\u00f6chte wohl jemand keinen Kot in seiner Nahrung.<\/figcaption><\/figure>\n<p>Ich wundere mich sowieso immer, mit welcher Selbstverst\u00e4ndlichkeit Hundebesitzer ihre Lieblinge einfach durch irgendwelche Wiesen rennen lassen, ohne sich darum zu scheren, wem die geh\u00f6ren und was damit wohl passiert.<\/p>\n<p>Augenscheinlich m\u00f6chte hier jemand mal darauf hinweisen, dass eine Wieser auf der Futter f\u00fcr Tiere angebaut wird, nicht unbedingt das Klo f\u00fcr andere Tiere sein sollte. Mein Vater hat damals auch des\u00f6fteren Hundehalter angesprochen, die meinten ihre Tiffen in unsere Heuwiesen kacken lassen zu m\u00fcssen. Fanden die jedesmal ziemlich frech und haben teilweise lautstark lamentiert und forderten ernsthaft &#8222;Grundbuchausz\u00fcge&#8220;, weil sonst ja jeder kommen k\u00f6nnte. Was stimmt mit solchen Menschen nicht.<\/p>\n<p><cite>Hallo ihr lieben TIERFREUNDE und HUNDEBESITZER,<br \/>\n<br \/>\nhabt ihr schon mal dar\u00fcber nachgedacht, da\u00df wenn euer Hund auf meine Wiese KACKT, eben diese KACKE in meinem Futter landet und mich schwer krank machen kann? Nehmt doch bitte die Hinterlassenschaften eures Hundes mit, oder reicht euer Verst\u00e4ndnis nur so lang wie eure Hundeleine\u00a0ist.<br \/>\n<br \/>\nLG\u00a0Muh<\/cite><\/p>\n<p>Keine Ahnung ob das Schild vom Eigent\u00fcmer\/P\u00e4chter der Wiesen an der Werre ist, aber inhaltlich ist es verst\u00e4ndlich. Es wird nur nichts bringen, weil &#8222;Wo soll ich denn sonst Gassi gehen?&#8220;! Das ist aus der gleichen Reihe wie &#8222;Wo soll ich denn sonst parken?&#8220; und der lustigen Fortsetzung &#8222;Was geht Dich das \u00fcberhaupt an?&#8220;.<\/p>\n<p>Bin gespannt, wie lange die Schilder h\u00e4ngen.<\/p>\n","protected":false},"excerpt":{"rendered":"<p>Auf dem Weg nach Hause an mehreren B\u00e4umen entlang des Radweges hinter der Volksbank l\u00e4ngs der Werre hingen ein paar Schilder. Zuerst nur aus dem Augenwinkel gesehen, habe ich dann mal angehalten und gelesen. Ich wundere mich sowieso immer, mit &hellip;<\/p>\n<p class=\"read-more\"> <a class=\"more-link\" href=\"https:\/\/www.andreas-edler.de\/blog\/2024\/03\/hundekot-in-futterwiesen\/\"> <span class=\"screen-reader-text\">Hundekot in Futterwiesen<\/span> Weiterlesen &raquo;<\/a><\/p>\n","protected":false},"author":1,"featured_media":0,"comment_status":"open","ping_status":"open","sticky":false,"template":"","format":"standard","meta":{"ngg_post_thumbnail":0,"activitypub_content_warning":"","activitypub_content_visibility":"","activitypub_max_image_attachments":2,"activitypub_interaction_policy_quote":"anyone","activitypub_status":"federated","footnotes":""},"categories":[14,1],"tags":[63,71,508],"class_list":["post-171438","post","type-post","status-publish","format-standard","hentry","category-bad-oeynhausen","category-allgemein","tag-benehmen","tag-regeln","tag-werre"],"share_on_mastodon":{"url":"https:\/\/social.tchncs.de\/@filmfacts\/112113281350184060","error":""},"_links":{"self":[{"href":"https:\/\/www.andreas-edler.de\/blog\/wp-json\/wp\/v2\/posts\/171438","targetHints":{"allow":["GET"]}}],"collection":[{"href":"https:\/\/www.andreas-edler.de\/blog\/wp-json\/wp\/v2\/posts"}],"about":[{"href":"https:\/\/www.andreas-edler.de\/blog\/wp-json\/wp\/v2\/types\/post"}],"author":[{"embeddable":true,"href":"https:\/\/www.andreas-edler.de\/blog\/wp-json\/wp\/v2\/users\/1"}],"replies":[{"embeddable":true,"href":"https:\/\/www.andreas-edler.de\/blog\/wp-json\/wp\/v2\/comments?post=171438"}],"version-history":[{"count":0,"href":"https:\/\/www.andreas-edler.de\/blog\/wp-json\/wp\/v2\/posts\/171438\/revisions"}],"wp:attachment":[{"href":"https:\/\/www.andreas-edler.de\/blog\/wp-json\/wp\/v2\/media?parent=171438"}],"wp:term":[{"taxonomy":"category","embeddable":true,"href":"https:\/\/www.andreas-edler.de\/blog\/wp-json\/wp\/v2\/categories?post=171438"},{"taxonomy":"post_tag","embeddable":true,"href":"https:\/\/www.andreas-edler.de\/blog\/wp-json\/wp\/v2\/tags?post=171438"}],"curies":[{"name":"wp","href":"https:\/\/api.w.org\/{rel}","templated":true}]}}