{"id":171432,"date":"2024-03-17T22:38:41","date_gmt":"2024-03-17T21:38:41","guid":{"rendered":"https:\/\/www.andreas-edler.de\/blog\/?p=171432"},"modified":"2024-03-17T22:38:41","modified_gmt":"2024-03-17T21:38:41","slug":"wir-muessen-noch-was-fuer-fahrraeder-machen","status":"publish","type":"post","link":"https:\/\/www.andreas-edler.de\/blog\/2024\/03\/wir-muessen-noch-was-fuer-fahrraeder-machen\/","title":{"rendered":"Wir m\u00fcssen noch was f\u00fcr Fahrr\u00e4der machen!"},"content":{"rendered":"<p>Das scheint man sich gedacht zu haben, als die neue Kita geplant und gebaut wurde. Verdammt! Wir haben nicht an den Radverkehr gedacht. Das wird uns doch wieder um die Ohren gehauen. &#8222;Jupp, hol mal den Eimer mit der wei\u00dfen Farbe und mach da was hin!&#8220;<\/p>\n<figure id=\"attachment_171433\" aria-describedby=\"caption-attachment-171433\" style=\"width: 470px\" class=\"wp-caption aligncenter\"><a href=\"https:\/\/www.andreas-edler.de\/blog\/wp-content\/uploads\/2024\/03\/2024-03-17-15.13.29.jpg\"><img loading=\"lazy\" decoding=\"async\" src=\"https:\/\/www.andreas-edler.de\/blog\/wp-content\/uploads\/2024\/03\/2024-03-17-15.13.29-470x259.jpg\" alt=\"Vier kleine mit wei\u00dfer Farbe markierte Rechtecke mit jeweils einem Fahrradpiktogramm sollen entsprechende Parkfl\u00e4chen darstellen.\" width=\"470\" height=\"259\" class=\"size-large wp-image-171433\" srcset=\"https:\/\/www.andreas-edler.de\/blog\/wp-content\/uploads\/2024\/03\/2024-03-17-15.13.29-470x259.jpg 470w, https:\/\/www.andreas-edler.de\/blog\/wp-content\/uploads\/2024\/03\/2024-03-17-15.13.29-250x138.jpg 250w, https:\/\/www.andreas-edler.de\/blog\/wp-content\/uploads\/2024\/03\/2024-03-17-15.13.29-768x422.jpg 768w, https:\/\/www.andreas-edler.de\/blog\/wp-content\/uploads\/2024\/03\/2024-03-17-15.13.29-100x55.jpg 100w, https:\/\/www.andreas-edler.de\/blog\/wp-content\/uploads\/2024\/03\/2024-03-17-15.13.29-150x83.jpg 150w, https:\/\/www.andreas-edler.de\/blog\/wp-content\/uploads\/2024\/03\/2024-03-17-15.13.29-200x110.jpg 200w, https:\/\/www.andreas-edler.de\/blog\/wp-content\/uploads\/2024\/03\/2024-03-17-15.13.29-300x165.jpg 300w, https:\/\/www.andreas-edler.de\/blog\/wp-content\/uploads\/2024\/03\/2024-03-17-15.13.29-450x248.jpg 450w, https:\/\/www.andreas-edler.de\/blog\/wp-content\/uploads\/2024\/03\/2024-03-17-15.13.29-600x330.jpg 600w, https:\/\/www.andreas-edler.de\/blog\/wp-content\/uploads\/2024\/03\/2024-03-17-15.13.29-900x495.jpg 900w, https:\/\/www.andreas-edler.de\/blog\/wp-content\/uploads\/2024\/03\/2024-03-17-15.13.29.jpg 1280w\" sizes=\"auto, (max-width: 470px) 100vw, 470px\" \/><\/a><figcaption id=\"caption-attachment-171433\" class=\"wp-caption-text\">Hier mal vier K\u00e4stchen &#8230;<\/figcaption><\/figure>\n<figure id=\"attachment_171434\" aria-describedby=\"caption-attachment-171434\" style=\"width: 470px\" class=\"wp-caption aligncenter\"><a href=\"https:\/\/www.andreas-edler.de\/blog\/wp-content\/uploads\/2024\/03\/2024-03-17-15.13.42.jpg\"><img loading=\"lazy\" decoding=\"async\" src=\"https:\/\/www.andreas-edler.de\/blog\/wp-content\/uploads\/2024\/03\/2024-03-17-15.13.42-470x254.jpg\" alt=\"Drei kleine mit wei\u00dfer Farbe markierte Rechtecke mit jeweils einem Fahrradpiktogramm sollen entsprechende Parkfl\u00e4chen darstellen.\" width=\"470\" height=\"254\" class=\"size-large wp-image-171434\" srcset=\"https:\/\/www.andreas-edler.de\/blog\/wp-content\/uploads\/2024\/03\/2024-03-17-15.13.42-470x254.jpg 470w, https:\/\/www.andreas-edler.de\/blog\/wp-content\/uploads\/2024\/03\/2024-03-17-15.13.42-250x135.jpg 250w, https:\/\/www.andreas-edler.de\/blog\/wp-content\/uploads\/2024\/03\/2024-03-17-15.13.42-768x415.jpg 768w, https:\/\/www.andreas-edler.de\/blog\/wp-content\/uploads\/2024\/03\/2024-03-17-15.13.42-100x54.jpg 100w, https:\/\/www.andreas-edler.de\/blog\/wp-content\/uploads\/2024\/03\/2024-03-17-15.13.42-150x81.jpg 150w, https:\/\/www.andreas-edler.de\/blog\/wp-content\/uploads\/2024\/03\/2024-03-17-15.13.42-200x108.jpg 200w, https:\/\/www.andreas-edler.de\/blog\/wp-content\/uploads\/2024\/03\/2024-03-17-15.13.42-300x162.jpg 300w, https:\/\/www.andreas-edler.de\/blog\/wp-content\/uploads\/2024\/03\/2024-03-17-15.13.42-450x243.jpg 450w, https:\/\/www.andreas-edler.de\/blog\/wp-content\/uploads\/2024\/03\/2024-03-17-15.13.42-600x324.jpg 600w, https:\/\/www.andreas-edler.de\/blog\/wp-content\/uploads\/2024\/03\/2024-03-17-15.13.42-900x487.jpg 900w, https:\/\/www.andreas-edler.de\/blog\/wp-content\/uploads\/2024\/03\/2024-03-17-15.13.42.jpg 1280w\" sizes=\"auto, (max-width: 470px) 100vw, 470px\" \/><\/a><figcaption id=\"caption-attachment-171434\" class=\"wp-caption-text\">&#8230; und hier noch mal drei.<\/figcaption><\/figure>\n<p>Und dann kommt sowas dabei raus. Wo sind denn die Anlehnb\u00fcgel, an denen die Fahrr\u00e4der angeschlossen werden k\u00f6nnen? Und warum markiert man die Fl\u00e4chen unter anderm mitten in der Einfahrt, so dass die R\u00e4der von nur leicht unaufmerksamen Menschen in KFZ umgefahren werden k\u00f6nnen? Jedenfalls falls jemand so verr\u00fcckt ist, sein Fahrrad dort \u00fcberhaupt abzustellen.<\/p>\n<p>Farbe ist keine Infrastruktur! Weder bei der Sicherheit, noch bei solchen &#8222;Parkfl\u00e4chen&#8220;.<\/p>\n","protected":false},"excerpt":{"rendered":"<p>Das scheint man sich gedacht zu haben, als die neue Kita geplant und gebaut wurde. Verdammt! Wir haben nicht an den Radverkehr gedacht. Das wird uns doch wieder um die Ohren gehauen. &#8222;Jupp, hol mal den Eimer mit der wei\u00dfen &hellip;<\/p>\n<p class=\"read-more\"> <a class=\"more-link\" href=\"https:\/\/www.andreas-edler.de\/blog\/2024\/03\/wir-muessen-noch-was-fuer-fahrraeder-machen\/\"> <span class=\"screen-reader-text\">Wir m\u00fcssen noch was f\u00fcr Fahrr\u00e4der machen!<\/span> Weiterlesen &raquo;<\/a><\/p>\n","protected":false},"author":1,"featured_media":0,"comment_status":"open","ping_status":"open","sticky":false,"template":"","format":"standard","meta":{"ngg_post_thumbnail":0,"activitypub_content_warning":"","activitypub_content_visibility":"","activitypub_max_image_attachments":2,"activitypub_interaction_policy_quote":"anyone","activitypub_status":"federated","footnotes":""},"categories":[14,15,18],"tags":[477,377,110,251,214,342],"class_list":["post-171432","post","type-post","status-publish","format-standard","hentry","category-bad-oeynhausen","category-fahrrad","category-fraglich","tag-alltagsradverkehr","tag-bluecherstrasse","tag-fahrradfreundliche-stadt","tag-infrastruktur","tag-parken","tag-portastrasse"],"share_on_mastodon":{"url":"https:\/\/social.tchncs.de\/@filmfacts\/112113190690748900","error":""},"_links":{"self":[{"href":"https:\/\/www.andreas-edler.de\/blog\/wp-json\/wp\/v2\/posts\/171432","targetHints":{"allow":["GET"]}}],"collection":[{"href":"https:\/\/www.andreas-edler.de\/blog\/wp-json\/wp\/v2\/posts"}],"about":[{"href":"https:\/\/www.andreas-edler.de\/blog\/wp-json\/wp\/v2\/types\/post"}],"author":[{"embeddable":true,"href":"https:\/\/www.andreas-edler.de\/blog\/wp-json\/wp\/v2\/users\/1"}],"replies":[{"embeddable":true,"href":"https:\/\/www.andreas-edler.de\/blog\/wp-json\/wp\/v2\/comments?post=171432"}],"version-history":[{"count":0,"href":"https:\/\/www.andreas-edler.de\/blog\/wp-json\/wp\/v2\/posts\/171432\/revisions"}],"wp:attachment":[{"href":"https:\/\/www.andreas-edler.de\/blog\/wp-json\/wp\/v2\/media?parent=171432"}],"wp:term":[{"taxonomy":"category","embeddable":true,"href":"https:\/\/www.andreas-edler.de\/blog\/wp-json\/wp\/v2\/categories?post=171432"},{"taxonomy":"post_tag","embeddable":true,"href":"https:\/\/www.andreas-edler.de\/blog\/wp-json\/wp\/v2\/tags?post=171432"}],"curies":[{"name":"wp","href":"https:\/\/api.w.org\/{rel}","templated":true}]}}