{"id":171402,"date":"2024-03-04T21:15:04","date_gmt":"2024-03-04T20:15:04","guid":{"rendered":"https:\/\/www.andreas-edler.de\/blog\/?p=171402"},"modified":"2024-03-04T21:15:04","modified_gmt":"2024-03-04T20:15:04","slug":"licht-am-kinderfahrrad-kaputt","status":"publish","type":"post","link":"https:\/\/www.andreas-edler.de\/blog\/2024\/03\/licht-am-kinderfahrrad-kaputt\/","title":{"rendered":"Licht am Kinderfahrrad kaputt"},"content":{"rendered":"<p>Freitag habe ich Ben von einem Freund abgeholt und obwohl es nicht hell war, hatten wir nat\u00fcrlich beide das Licht am Fahrrad eingeschaltet. Genauer ich, denn beim Nachwuchs wei\u00df ich nicht einmal, wie man es \u00fcberhaupt ausschaltet. Ich glaube, das geht gar nicht. Trotzdem war es hinten dunkel! Mist. Vor Tagen war mir schon aufgefallen, dass es ein bisschen flackerte, habe mir aber nichts dabei gedacht.<\/p>\n<figure id=\"attachment_171403\" aria-describedby=\"caption-attachment-171403\" style=\"width: 470px\" class=\"wp-caption aligncenter\"><a href=\"https:\/\/www.andreas-edler.de\/blog\/wp-content\/uploads\/2024\/03\/2024-03-04-19.34.14.jpg\"><img loading=\"lazy\" decoding=\"async\" src=\"https:\/\/www.andreas-edler.de\/blog\/wp-content\/uploads\/2024\/03\/2024-03-04-19.34.14-470x258.jpg\" alt=\"Ein gr\u00fcnes Kinderfahrrad auf einem sehr unaufger\u00e4umten Tisch mit allerlei Werkzeug und Krimskrams in einem Werkzeugkeller.\" width=\"470\" height=\"258\" class=\"size-large wp-image-171403\" srcset=\"https:\/\/www.andreas-edler.de\/blog\/wp-content\/uploads\/2024\/03\/2024-03-04-19.34.14-470x258.jpg 470w, https:\/\/www.andreas-edler.de\/blog\/wp-content\/uploads\/2024\/03\/2024-03-04-19.34.14-250x137.jpg 250w, https:\/\/www.andreas-edler.de\/blog\/wp-content\/uploads\/2024\/03\/2024-03-04-19.34.14-768x422.jpg 768w, https:\/\/www.andreas-edler.de\/blog\/wp-content\/uploads\/2024\/03\/2024-03-04-19.34.14-100x55.jpg 100w, https:\/\/www.andreas-edler.de\/blog\/wp-content\/uploads\/2024\/03\/2024-03-04-19.34.14-150x82.jpg 150w, https:\/\/www.andreas-edler.de\/blog\/wp-content\/uploads\/2024\/03\/2024-03-04-19.34.14-200x110.jpg 200w, https:\/\/www.andreas-edler.de\/blog\/wp-content\/uploads\/2024\/03\/2024-03-04-19.34.14-300x165.jpg 300w, https:\/\/www.andreas-edler.de\/blog\/wp-content\/uploads\/2024\/03\/2024-03-04-19.34.14-450x247.jpg 450w, https:\/\/www.andreas-edler.de\/blog\/wp-content\/uploads\/2024\/03\/2024-03-04-19.34.14-600x330.jpg 600w, https:\/\/www.andreas-edler.de\/blog\/wp-content\/uploads\/2024\/03\/2024-03-04-19.34.14-900x494.jpg 900w, https:\/\/www.andreas-edler.de\/blog\/wp-content\/uploads\/2024\/03\/2024-03-04-19.34.14.jpg 1280w\" sizes=\"auto, (max-width: 470px) 100vw, 470px\" \/><\/a><figcaption id=\"caption-attachment-171403\" class=\"wp-caption-text\">Das giftgr\u00fcne Noxon.<\/figcaption><\/figure>\n<p>Habe dem Nachwuchs also aufgetragen, mich am Wochenende daran zu erinnern, das Rad zu reparieren. War auch notwendig, denn ich habe von alleine nat\u00fcrlich nicht daran gedacht. Allerdings war Sonntagsp\u00e4tnachmittag auch nicht mehr ganz fr\u00fch. So habe ich mich dann eben nach der Arbeit auf die Fehlersuche gemacht. Die gestaltete sich recht einfach, denn die zwei Adern zum R\u00fccklicht waren vorne an der Einf\u00fchrung in den Rahmen abgerissen. Die M\u00fche neue Dr\u00e4hte durch den Rahmen zu pfriemeln mache ich mir heute nicht, war der Gedanke. Also ganz raus gezogen, die angerissenen Enden freigelegt, verdrillt, mit ein bisschen L\u00f6tzinn versehen, Schrumpfschlauch dr\u00fcber. Gedreht, funktioniert, super. Alles mit Kabelbindern vert\u00e4ut, das Werkzeug wegger\u00e4umt, Rad vom Tisch und im Flur schon gemerkt: das Licht brennt gar nicht mehr.<\/p>\n<p>Was zur H\u00f6lle? Wieder auf den Tisch, alles auseinander get\u00fcdelt, wo kommt den das Wasser her, was da aus der Umh\u00fcllung tropft? Irgendwo schien es einen Kurzschluss zu geben. Also Schrumpfschlauch drum weg, Verbindung schien zu bestehen. Rad gedreht, Licht funktioniert vorne und hinten. Mit Isoband vert\u00fcdelt, gedreht, funktioniert. Alles mit Kabelbindern fest gemacht, vom Tisch gehoben, \u00fcber den Flur geschoben, R\u00fccklicht aus. Schei\u00df die Wand an!<\/p>\n<p>Wieder auf den Tisch, Isoband abgerissen, Kabel mit der Zange abgekniffen, geflucht wie ein einbeiniger Pirat und w\u00fctend gebr\u00fcllt. Den zum Gucken gekommenen Nachwuchs beruhigt. Neu abisoliert, nur verdrillt, \u00fcber die ein einzelnen Adern d\u00fcnnen Schrumpfschlauch und \u00fcber die beiden zusammen noch mal etwas dickeren. Am Rad gedreht, Licht funktioniert. Wieder alles kabelbindererisiert, Licht funktioniert. Auch als das Fahrrad wieder oben auf dem Hof stand, brannte noch alles bei einer Proberunde.<\/p>\n<p>Verdammter Mist, das ist der Grund, warum ich nicht mehr gerne bastel. Wobei, mit L\u00f6tzinn konnte ich noch nie so richtig hantieren. Aber wenigstens ist das Problem gel\u00f6st, es sieht nicht ganz bescheuert aus und wird auch eine ganze Weile halten. Feierabend.<\/p>\n","protected":false},"excerpt":{"rendered":"<p>Freitag habe ich Ben von einem Freund abgeholt und obwohl es nicht hell war, hatten wir nat\u00fcrlich beide das Licht am Fahrrad eingeschaltet. Genauer ich, denn beim Nachwuchs wei\u00df ich nicht einmal, wie man es \u00fcberhaupt ausschaltet. Ich glaube, das &hellip;<\/p>\n<p class=\"read-more\"> <a class=\"more-link\" href=\"https:\/\/www.andreas-edler.de\/blog\/2024\/03\/licht-am-kinderfahrrad-kaputt\/\"> <span class=\"screen-reader-text\">Licht am Kinderfahrrad kaputt<\/span> Weiterlesen &raquo;<\/a><\/p>\n","protected":false},"author":1,"featured_media":0,"comment_status":"open","ping_status":"open","sticky":false,"template":"","format":"standard","meta":{"ngg_post_thumbnail":0,"activitypub_content_warning":"","activitypub_content_visibility":"","activitypub_max_image_attachments":2,"activitypub_interaction_policy_quote":"anyone","activitypub_status":"federated","footnotes":""},"categories":[22,15],"tags":[49,511,510,76,260,46],"class_list":["post-171402","post","type-post","status-publish","format-standard","hentry","category-basteln","category-fahrrad","tag-hardware","tag-mdrzs","tag-mit-dem-rad-zur-schule","tag-sicherheit","tag-stvo","tag-technik"],"share_on_mastodon":{"url":"https:\/\/social.tchncs.de\/@filmfacts\/112039251616208424","error":""},"_links":{"self":[{"href":"https:\/\/www.andreas-edler.de\/blog\/wp-json\/wp\/v2\/posts\/171402","targetHints":{"allow":["GET"]}}],"collection":[{"href":"https:\/\/www.andreas-edler.de\/blog\/wp-json\/wp\/v2\/posts"}],"about":[{"href":"https:\/\/www.andreas-edler.de\/blog\/wp-json\/wp\/v2\/types\/post"}],"author":[{"embeddable":true,"href":"https:\/\/www.andreas-edler.de\/blog\/wp-json\/wp\/v2\/users\/1"}],"replies":[{"embeddable":true,"href":"https:\/\/www.andreas-edler.de\/blog\/wp-json\/wp\/v2\/comments?post=171402"}],"version-history":[{"count":0,"href":"https:\/\/www.andreas-edler.de\/blog\/wp-json\/wp\/v2\/posts\/171402\/revisions"}],"wp:attachment":[{"href":"https:\/\/www.andreas-edler.de\/blog\/wp-json\/wp\/v2\/media?parent=171402"}],"wp:term":[{"taxonomy":"category","embeddable":true,"href":"https:\/\/www.andreas-edler.de\/blog\/wp-json\/wp\/v2\/categories?post=171402"},{"taxonomy":"post_tag","embeddable":true,"href":"https:\/\/www.andreas-edler.de\/blog\/wp-json\/wp\/v2\/tags?post=171402"}],"curies":[{"name":"wp","href":"https:\/\/api.w.org\/{rel}","templated":true}]}}