{"id":171397,"date":"2024-02-23T23:20:40","date_gmt":"2024-02-23T22:20:40","guid":{"rendered":"https:\/\/www.andreas-edler.de\/blog\/?p=171397"},"modified":"2024-02-25T13:38:23","modified_gmt":"2024-02-25T12:38:23","slug":"zwei-von-12-monaten-nicht-benutzbar","status":"publish","type":"post","link":"https:\/\/www.andreas-edler.de\/blog\/2024\/02\/zwei-von-12-monaten-nicht-benutzbar\/","title":{"rendered":"Zwei von 12 Monaten nicht benutzbar"},"content":{"rendered":"<p>Kann ja niemand ahnen &#8211; und leider auch nicht beeinflussen. Aber es ist wie es ist, die Flutmulde l\u00e4uft voll Wasser. Dazu ist sie da. Das ist genau richtig so. Es ist dann nur keine gute Idee, eine ausgewiesene Radroute als Alternative zur Eidinghausener Stra\u00dfe durch eben diese Flutmulde zu legen.<\/p>\n<figure id=\"attachment_171398\" aria-describedby=\"caption-attachment-171398\" style=\"width: 470px\" class=\"wp-caption aligncenter\"><a href=\"https:\/\/www.andreas-edler.de\/blog\/wp-content\/uploads\/2024\/02\/2024-02-23-17.11.29.jpg\"><img loading=\"lazy\" decoding=\"async\" src=\"https:\/\/www.andreas-edler.de\/blog\/wp-content\/uploads\/2024\/02\/2024-02-23-17.11.29-470x181.jpg\" alt=\"Ein \u00fcberfluteter Radweg durch eine Mulde, welche als \u00dcberflutungsgebiet dient.\" width=\"470\" height=\"181\" class=\"size-large wp-image-171398\" srcset=\"https:\/\/www.andreas-edler.de\/blog\/wp-content\/uploads\/2024\/02\/2024-02-23-17.11.29-470x181.jpg 470w, https:\/\/www.andreas-edler.de\/blog\/wp-content\/uploads\/2024\/02\/2024-02-23-17.11.29-250x96.jpg 250w, https:\/\/www.andreas-edler.de\/blog\/wp-content\/uploads\/2024\/02\/2024-02-23-17.11.29-768x296.jpg 768w, https:\/\/www.andreas-edler.de\/blog\/wp-content\/uploads\/2024\/02\/2024-02-23-17.11.29-100x39.jpg 100w, https:\/\/www.andreas-edler.de\/blog\/wp-content\/uploads\/2024\/02\/2024-02-23-17.11.29-150x58.jpg 150w, https:\/\/www.andreas-edler.de\/blog\/wp-content\/uploads\/2024\/02\/2024-02-23-17.11.29-200x77.jpg 200w, https:\/\/www.andreas-edler.de\/blog\/wp-content\/uploads\/2024\/02\/2024-02-23-17.11.29-300x116.jpg 300w, https:\/\/www.andreas-edler.de\/blog\/wp-content\/uploads\/2024\/02\/2024-02-23-17.11.29-450x173.jpg 450w, https:\/\/www.andreas-edler.de\/blog\/wp-content\/uploads\/2024\/02\/2024-02-23-17.11.29-600x231.jpg 600w, https:\/\/www.andreas-edler.de\/blog\/wp-content\/uploads\/2024\/02\/2024-02-23-17.11.29-900x347.jpg 900w, https:\/\/www.andreas-edler.de\/blog\/wp-content\/uploads\/2024\/02\/2024-02-23-17.11.29.jpg 1280w\" sizes=\"auto, (max-width: 470px) 100vw, 470px\" \/><\/a><figcaption id=\"caption-attachment-171398\" class=\"wp-caption-text\">\u00dcberraschend: immer noch voll<\/figcaption><\/figure>\n<p>Nun ist es in diesem Jahr ziemlich viel mit dem Wasser. Das ist schon ungew\u00f6hnlich. Glaubt man allerdings den Wetterfr\u00f6schen, dann werden wir in Zukunft mehr von solchen Ereignissen haben. Und nat\u00fcrlich <a href=\"https:\/\/www.andreas-edler.de\/blog\/2023\/03\/radweg-prinzenwinkel\/\" rel=\"noopener\" target=\"_blank\">habe ich in der Vergangenheit und auch schon vor dem Bau auf die Situation hingewiesen<\/a>. Ich nutze den Weg viel. Aus dem \u00f6stlichen Eidinghausen kommend, liegt der wirklich gut. Es ist nur Mist, wenn ich mich nicht darauf verlassen kann, die Strecke auch jederzeit nutzen zu k\u00f6nnen. Solche Strecken kann man einfach nicht zu einem Radverkehrsnetz z\u00e4hlen!<\/p>\n<p>H\u00e4tte man die neue Br\u00fccke nicht &#8222;In der Ahe&#8220; gebaut, sondern dort, wo sie <a href=\"https:\/\/www.andreas-edler.de\/blog\/2021\/04\/neue-bruecke-fuer-den-radverkehr-ueber-die-werre\/\" rel=\"noopener\" target=\"_blank\">vor vielen, vielen Jahren schon in Radverkehrsworkshops vorgeschlagen<\/a> wurde, dann w\u00e4re das Problem nicht existent.<\/p>\n","protected":false},"excerpt":{"rendered":"<p>Kann ja niemand ahnen &#8211; und leider auch nicht beeinflussen. Aber es ist wie es ist, die Flutmulde l\u00e4uft voll Wasser. Dazu ist sie da. Das ist genau richtig so. Es ist dann nur keine gute Idee, eine ausgewiesene Radroute &hellip;<\/p>\n<p class=\"read-more\"> <a class=\"more-link\" href=\"https:\/\/www.andreas-edler.de\/blog\/2024\/02\/zwei-von-12-monaten-nicht-benutzbar\/\"> <span class=\"screen-reader-text\">Zwei von 12 Monaten nicht benutzbar<\/span> Weiterlesen &raquo;<\/a><\/p>\n","protected":false},"author":1,"featured_media":0,"comment_status":"open","ping_status":"open","sticky":false,"template":"","format":"standard","meta":{"ngg_post_thumbnail":0,"activitypub_content_warning":"","activitypub_content_visibility":"","activitypub_max_image_attachments":2,"activitypub_interaction_policy_quote":"anyone","activitypub_status":"federated","footnotes":""},"categories":[14,15,45,13],"tags":[109,477,237,419,319,352,326,251,412,511,158,510,483,207,72],"class_list":["post-171397","post","type-post","status-publish","format-standard","hentry","category-bad-oeynhausen","category-fahrrad","category-politik","category-verkehr","tag-adfc","tag-alltagsradverkehr","tag-ausschuss-fuer-stadtentwicklung","tag-eidinghausen","tag-flutmulde","tag-gruene","tag-in-der-ahe","tag-infrastruktur","tag-mdrza","tag-mdrzs","tag-mit-dem-rad-zur-arbeit","tag-mit-dem-rad-zur-schule","tag-prinzenwinkel","tag-radweg","tag-verwaltung"],"share_on_mastodon":{"url":"https:\/\/social.tchncs.de\/@filmfacts\/111992157371634874","error":""},"_links":{"self":[{"href":"https:\/\/www.andreas-edler.de\/blog\/wp-json\/wp\/v2\/posts\/171397","targetHints":{"allow":["GET"]}}],"collection":[{"href":"https:\/\/www.andreas-edler.de\/blog\/wp-json\/wp\/v2\/posts"}],"about":[{"href":"https:\/\/www.andreas-edler.de\/blog\/wp-json\/wp\/v2\/types\/post"}],"author":[{"embeddable":true,"href":"https:\/\/www.andreas-edler.de\/blog\/wp-json\/wp\/v2\/users\/1"}],"replies":[{"embeddable":true,"href":"https:\/\/www.andreas-edler.de\/blog\/wp-json\/wp\/v2\/comments?post=171397"}],"version-history":[{"count":0,"href":"https:\/\/www.andreas-edler.de\/blog\/wp-json\/wp\/v2\/posts\/171397\/revisions"}],"wp:attachment":[{"href":"https:\/\/www.andreas-edler.de\/blog\/wp-json\/wp\/v2\/media?parent=171397"}],"wp:term":[{"taxonomy":"category","embeddable":true,"href":"https:\/\/www.andreas-edler.de\/blog\/wp-json\/wp\/v2\/categories?post=171397"},{"taxonomy":"post_tag","embeddable":true,"href":"https:\/\/www.andreas-edler.de\/blog\/wp-json\/wp\/v2\/tags?post=171397"}],"curies":[{"name":"wp","href":"https:\/\/api.w.org\/{rel}","templated":true}]}}