{"id":171393,"date":"2024-02-24T17:40:09","date_gmt":"2024-02-24T16:40:09","guid":{"rendered":"https:\/\/www.andreas-edler.de\/blog\/?p=171393"},"modified":"2024-03-17T21:58:46","modified_gmt":"2024-03-17T20:58:46","slug":"bisschen-peinlich-fahrradreparaturstation-immer-noch-kaputt","status":"publish","type":"post","link":"https:\/\/www.andreas-edler.de\/blog\/2024\/02\/bisschen-peinlich-fahrradreparaturstation-immer-noch-kaputt\/","title":{"rendered":"bisschen peinlich: Fahrradreparaturstation immer noch kaputt"},"content":{"rendered":"<p>Letztes Jahr <a href=\"https:\/\/www.andreas-edler.de\/blog\/2023\/05\/werkzeugstation-an-der-rehmer-insel\/\" rel=\"noopener\" target=\"_blank\">an Christi Himmelfahrt wurde die nagelneue Fahrradreparaturstation an der Rehmer Insel ihres Pumpenkopfes beraubt<\/a>. Wurde nicht instand gesetzt. Im September <a href=\"https:\/\/www.andreas-edler.de\/blog\/2023\/09\/fahrradreparaturstation-an-der-rehmer-insel-mit-reparaturstau\/\" rel=\"noopener\" target=\"_blank\">fehlte dann das Werkzeug<\/a>. Ein Mailwechsel mit der Verwaltung und eine Anfrage im Ausschuss f\u00fcr Stadtentwicklung f\u00f6rderte zutage, dass der <a href=\"https:\/\/www.andreas-edler.de\/blog\/2023\/10\/hersteller-der-fahrradreparaturstation-nicht-bekannt\/\" rel=\"noopener\" target=\"_blank\">Hersteller der Station leider nicht bekannt<\/a> sei und man daher auch noch nichts instand setzen konnte.<\/p>\n<p>Nat\u00fcrlich steht der Hersteller auf der S\u00e4ule. Aussagegem\u00e4\u00df hat die Verwaltung den Stadtwerken dies bei Freigabe des Abschnittes auch mitgeteilt. Warum dort nichts passiert ist f\u00fcr mich v\u00f6llig unerkl\u00e4rlich. In etwas mehr als zwei Monaten j\u00e4hrt sich der Beginn der Zerst\u00f6rung und ganz offensichtlich hat niemand diese Station erneuert. F\u00fcr mich sieht das nach komplettem Desinteresse aus. Peinlich.<\/p>\n<p>[Update 17.03.2024] Immer noch kaputt!<\/p>\n","protected":false},"excerpt":{"rendered":"<p>Letztes Jahr an Christi Himmelfahrt wurde die nagelneue Fahrradreparaturstation an der Rehmer Insel ihres Pumpenkopfes beraubt. Wurde nicht instand gesetzt. Im September fehlte dann das Werkzeug. Ein Mailwechsel mit der Verwaltung und eine Anfrage im Ausschuss f\u00fcr Stadtentwicklung f\u00f6rderte zutage, &hellip;<\/p>\n<p class=\"read-more\"> <a class=\"more-link\" href=\"https:\/\/www.andreas-edler.de\/blog\/2024\/02\/bisschen-peinlich-fahrradreparaturstation-immer-noch-kaputt\/\"> <span class=\"screen-reader-text\">bisschen peinlich: Fahrradreparaturstation immer noch kaputt<\/span> Weiterlesen &raquo;<\/a><\/p>\n","protected":false},"author":1,"featured_media":171394,"comment_status":"open","ping_status":"open","sticky":false,"template":"","format":"standard","meta":{"ngg_post_thumbnail":0,"activitypub_content_warning":"","activitypub_content_visibility":"","activitypub_max_image_attachments":2,"activitypub_interaction_policy_quote":"anyone","activitypub_status":"federated","footnotes":""},"categories":[14,15],"tags":[237,251,434,316,79,175,301],"class_list":["post-171393","post","type-post","status-publish","format-standard","has-post-thumbnail","hentry","category-bad-oeynhausen","category-fahrrad","tag-ausschuss-fuer-stadtentwicklung","tag-infrastruktur","tag-rehmer-insel","tag-reparieren","tag-stadtwerke","tag-tourismus","tag-weserradweg"],"share_on_mastodon":{"url":"https:\/\/social.tchncs.de\/@filmfacts\/111991928279474498","error":""},"_links":{"self":[{"href":"https:\/\/www.andreas-edler.de\/blog\/wp-json\/wp\/v2\/posts\/171393","targetHints":{"allow":["GET"]}}],"collection":[{"href":"https:\/\/www.andreas-edler.de\/blog\/wp-json\/wp\/v2\/posts"}],"about":[{"href":"https:\/\/www.andreas-edler.de\/blog\/wp-json\/wp\/v2\/types\/post"}],"author":[{"embeddable":true,"href":"https:\/\/www.andreas-edler.de\/blog\/wp-json\/wp\/v2\/users\/1"}],"replies":[{"embeddable":true,"href":"https:\/\/www.andreas-edler.de\/blog\/wp-json\/wp\/v2\/comments?post=171393"}],"version-history":[{"count":0,"href":"https:\/\/www.andreas-edler.de\/blog\/wp-json\/wp\/v2\/posts\/171393\/revisions"}],"wp:featuredmedia":[{"embeddable":true,"href":"https:\/\/www.andreas-edler.de\/blog\/wp-json\/wp\/v2\/media\/171394"}],"wp:attachment":[{"href":"https:\/\/www.andreas-edler.de\/blog\/wp-json\/wp\/v2\/media?parent=171393"}],"wp:term":[{"taxonomy":"category","embeddable":true,"href":"https:\/\/www.andreas-edler.de\/blog\/wp-json\/wp\/v2\/categories?post=171393"},{"taxonomy":"post_tag","embeddable":true,"href":"https:\/\/www.andreas-edler.de\/blog\/wp-json\/wp\/v2\/tags?post=171393"}],"curies":[{"name":"wp","href":"https:\/\/api.w.org\/{rel}","templated":true}]}}