{"id":171332,"date":"2024-01-27T18:41:43","date_gmt":"2024-01-27T17:41:43","guid":{"rendered":"https:\/\/www.andreas-edler.de\/blog\/?p=171332"},"modified":"2024-01-27T18:46:26","modified_gmt":"2024-01-27T17:46:26","slug":"else-werre-radweg-unpassierbar","status":"publish","type":"post","link":"https:\/\/www.andreas-edler.de\/blog\/2024\/01\/else-werre-radweg-unpassierbar\/","title":{"rendered":"Else-Werre-Radweg unpassierbar"},"content":{"rendered":"<p>Wir hatten Ende letzten und Anfang des Jahres ein <a href=\"https:\/\/www.andreas-edler.de\/blog\/2023\/12\/hochwasser-an-werre-und-weser-dezember-2023\/\" rel=\"noopener\" target=\"_blank\">bisschen Hochwasser an Weser und Werre<\/a>. Das hat die Ufer aufgeweicht und folgerichtig wurde im Dezember davor gewarnt, zum Beispiel den Sielpark zu besuchen. Am 14.01. habe ich den gro\u00dfen Nachwuchs zum Bahnhof gebracht, damit er wieder in seine Studentenbude fahren kann. Als wir dabei \u00fcber die Werrebr\u00fccke fuhren, erw\u00e4hnte er, dass es wohl an der Werre ein Baum nicht geschafft habe und quer \u00fcber den Radweg l\u00e4ge. Habe ich gar nicht richtig wahrgenommen und auch nicht mehr dr\u00fcber nachgedacht. Bis mich gestern <a href=\"https:\/\/nrw.social\/@kamerapaul\/111823362773736599\" rel=\"noopener\" target=\"_blank\">auf Mastodon ein Bad Oeynhausener Radfahrer erneut daran erinnerte<\/a>. Bin dann heute morgen vor einem Handballspiel des Nachwuchs <a href=\"https:\/\/www.strava.com\/activities\/10639001573\" rel=\"noopener\" target=\"_blank\">mal vorbei gefahren<\/a>.<\/p>\n<figure id=\"attachment_171334\" aria-describedby=\"caption-attachment-171334\" style=\"width: 470px\" class=\"wp-caption aligncenter\"><a href=\"https:\/\/www.andreas-edler.de\/blog\/wp-content\/uploads\/2024\/01\/2024-01-27-11.06.14.jpg\"><img loading=\"lazy\" decoding=\"async\" src=\"https:\/\/www.andreas-edler.de\/blog\/wp-content\/uploads\/2024\/01\/2024-01-27-11.06.14-470x232.jpg\" alt=\"Die Abfahrt unter der Eidinghausener Stra\u00dfe aus Osten kommend ist noch mit dem Schlamm des Hochwassers komplett bedeckt.\" width=\"470\" height=\"232\" class=\"size-large wp-image-171334\" srcset=\"https:\/\/www.andreas-edler.de\/blog\/wp-content\/uploads\/2024\/01\/2024-01-27-11.06.14-470x232.jpg 470w, https:\/\/www.andreas-edler.de\/blog\/wp-content\/uploads\/2024\/01\/2024-01-27-11.06.14-250x124.jpg 250w, https:\/\/www.andreas-edler.de\/blog\/wp-content\/uploads\/2024\/01\/2024-01-27-11.06.14-768x380.jpg 768w, https:\/\/www.andreas-edler.de\/blog\/wp-content\/uploads\/2024\/01\/2024-01-27-11.06.14-100x49.jpg 100w, https:\/\/www.andreas-edler.de\/blog\/wp-content\/uploads\/2024\/01\/2024-01-27-11.06.14-150x74.jpg 150w, https:\/\/www.andreas-edler.de\/blog\/wp-content\/uploads\/2024\/01\/2024-01-27-11.06.14-200x99.jpg 200w, https:\/\/www.andreas-edler.de\/blog\/wp-content\/uploads\/2024\/01\/2024-01-27-11.06.14-300x148.jpg 300w, https:\/\/www.andreas-edler.de\/blog\/wp-content\/uploads\/2024\/01\/2024-01-27-11.06.14-450x223.jpg 450w, https:\/\/www.andreas-edler.de\/blog\/wp-content\/uploads\/2024\/01\/2024-01-27-11.06.14-600x297.jpg 600w, https:\/\/www.andreas-edler.de\/blog\/wp-content\/uploads\/2024\/01\/2024-01-27-11.06.14-900x445.jpg 900w, https:\/\/www.andreas-edler.de\/blog\/wp-content\/uploads\/2024\/01\/2024-01-27-11.06.14.jpg 1280w\" sizes=\"auto, (max-width: 470px) 100vw, 470px\" \/><\/a><figcaption id=\"caption-attachment-171334\" class=\"wp-caption-text\">Man h\u00e4tte den Schlamm entfernen k\u00f6nnen.<\/figcaption><\/figure>\n<p>Von Osten kommend ist die Rampe unter der Eidinghausener Stra\u00dfe bereits mit dem Hinweis auf Hochwasser gesperrt. Der Schlamm liegt noch zentimeterhoch auf dem Weg. Dieser wird aber ganz offensichtlich trotzdem von Menschen zu Fu\u00df und auf dem Fahrrad genutzt. Das geht grunds\u00e4tzlich auch, solange es nicht nass ist und man dort wegrutscht. Nach hundert Metern ist allerdings wirklich Schluss mit lustig.<\/p>\n<figure id=\"attachment_171335\" aria-describedby=\"caption-attachment-171335\" style=\"width: 470px\" class=\"wp-caption aligncenter\"><a href=\"https:\/\/www.andreas-edler.de\/blog\/wp-content\/uploads\/2024\/01\/2024-01-27-11.07.47.jpg\"><img loading=\"lazy\" decoding=\"async\" src=\"https:\/\/www.andreas-edler.de\/blog\/wp-content\/uploads\/2024\/01\/2024-01-27-11.07.47-470x232.jpg\" alt=\"Ein umgekippter Baum liegt quer \u00fcber einen Geh- und Radweg und hat das Gel\u00e4nder zum daneben flie\u00dfenden Fluss platt gedr\u00fcckt.\" width=\"470\" height=\"232\" class=\"size-large wp-image-171335\" srcset=\"https:\/\/www.andreas-edler.de\/blog\/wp-content\/uploads\/2024\/01\/2024-01-27-11.07.47-470x232.jpg 470w, https:\/\/www.andreas-edler.de\/blog\/wp-content\/uploads\/2024\/01\/2024-01-27-11.07.47-250x124.jpg 250w, https:\/\/www.andreas-edler.de\/blog\/wp-content\/uploads\/2024\/01\/2024-01-27-11.07.47-768x380.jpg 768w, https:\/\/www.andreas-edler.de\/blog\/wp-content\/uploads\/2024\/01\/2024-01-27-11.07.47-100x49.jpg 100w, https:\/\/www.andreas-edler.de\/blog\/wp-content\/uploads\/2024\/01\/2024-01-27-11.07.47-150x74.jpg 150w, https:\/\/www.andreas-edler.de\/blog\/wp-content\/uploads\/2024\/01\/2024-01-27-11.07.47-200x99.jpg 200w, https:\/\/www.andreas-edler.de\/blog\/wp-content\/uploads\/2024\/01\/2024-01-27-11.07.47-300x148.jpg 300w, https:\/\/www.andreas-edler.de\/blog\/wp-content\/uploads\/2024\/01\/2024-01-27-11.07.47-450x223.jpg 450w, https:\/\/www.andreas-edler.de\/blog\/wp-content\/uploads\/2024\/01\/2024-01-27-11.07.47-600x297.jpg 600w, https:\/\/www.andreas-edler.de\/blog\/wp-content\/uploads\/2024\/01\/2024-01-27-11.07.47-900x445.jpg 900w, https:\/\/www.andreas-edler.de\/blog\/wp-content\/uploads\/2024\/01\/2024-01-27-11.07.47.jpg 1280w\" sizes=\"auto, (max-width: 470px) 100vw, 470px\" \/><\/a><figcaption id=\"caption-attachment-171335\" class=\"wp-caption-text\">Hier geht es fahrend nicht weiter.<\/figcaption><\/figure>\n<p>Der von Tim vor zwei Wochen erw\u00e4hnte Baum liegt immer noch quer \u00fcber den Weg. Vor der Sanierung haben wir hier mit der Verwaltung mehrfach gestanden und \u00fcber die Streckenf\u00fchrung bzw. die Bauausf\u00fchrung gesprochen. Jedesmal sind dort \u00fcberraschend viele Menschen mit dem Fahrrad entlang gekommen. Bei Regen und auch w\u00e4hrend L\u00e4nderspielen der deutschen Fu\u00dfballnationalmannschaft. Es ist dort viel los! In den letzten zwei Wochen war das Wetter auch nicht \u00fcber die Ma\u00dfen schlecht. Eher im Gegenteil. Meiner Meinung nach w\u00e4re es m\u00f6glich gewesen, den Weg frei zu r\u00e4umen. Meiner Meinung nach w\u00e4re das sogar dringend notwendig. Wenn eine Wegeverbindung f\u00fcr motorisierte Fahrzeuge zwei Wochen von einem Baum versperrt w\u00e4re &#8230; ich will gar nicht wissen, was da in der Verwaltung los w\u00e4re!<\/p>\n<figure id=\"attachment_171336\" aria-describedby=\"caption-attachment-171336\" style=\"width: 470px\" class=\"wp-caption aligncenter\"><a href=\"https:\/\/www.andreas-edler.de\/blog\/wp-content\/uploads\/2024\/01\/2024-01-27-11.09.38.jpg\"><img loading=\"lazy\" decoding=\"async\" src=\"https:\/\/www.andreas-edler.de\/blog\/wp-content\/uploads\/2024\/01\/2024-01-27-11.09.38-470x178.jpg\" alt=\"Ein mit Schlamm bedeckter Geh- und Radweg entlang eines Flusses wird im Hintergrund von einem umgest\u00fcrzten Baum versperrt.\" width=\"470\" height=\"178\" class=\"size-large wp-image-171336\" srcset=\"https:\/\/www.andreas-edler.de\/blog\/wp-content\/uploads\/2024\/01\/2024-01-27-11.09.38-470x178.jpg 470w, https:\/\/www.andreas-edler.de\/blog\/wp-content\/uploads\/2024\/01\/2024-01-27-11.09.38-250x95.jpg 250w, https:\/\/www.andreas-edler.de\/blog\/wp-content\/uploads\/2024\/01\/2024-01-27-11.09.38-768x291.jpg 768w, https:\/\/www.andreas-edler.de\/blog\/wp-content\/uploads\/2024\/01\/2024-01-27-11.09.38-100x38.jpg 100w, https:\/\/www.andreas-edler.de\/blog\/wp-content\/uploads\/2024\/01\/2024-01-27-11.09.38-150x57.jpg 150w, https:\/\/www.andreas-edler.de\/blog\/wp-content\/uploads\/2024\/01\/2024-01-27-11.09.38-200x76.jpg 200w, https:\/\/www.andreas-edler.de\/blog\/wp-content\/uploads\/2024\/01\/2024-01-27-11.09.38-300x114.jpg 300w, https:\/\/www.andreas-edler.de\/blog\/wp-content\/uploads\/2024\/01\/2024-01-27-11.09.38-450x171.jpg 450w, https:\/\/www.andreas-edler.de\/blog\/wp-content\/uploads\/2024\/01\/2024-01-27-11.09.38-600x227.jpg 600w, https:\/\/www.andreas-edler.de\/blog\/wp-content\/uploads\/2024\/01\/2024-01-27-11.09.38-900x341.jpg 900w, https:\/\/www.andreas-edler.de\/blog\/wp-content\/uploads\/2024\/01\/2024-01-27-11.09.38.jpg 1280w\" sizes=\"auto, (max-width: 470px) 100vw, 470px\" \/><\/a><figcaption id=\"caption-attachment-171336\" class=\"wp-caption-text\">Auf der anderen Seite ebenfalls Schlamm.<\/figcaption><\/figure>\n<p>Nun, es ist aber mindestens zwei Wochen lang nichts passiert. \u00dcbersehen worden ist der Baum nicht. Jedenfalls deute ich die Absperrungen so. Ob die Kettens\u00e4gen gerade alle gesch\u00e4rft werden? Die Menschen hindert es jedenfalls nicht, dort spazieren zu gehen. Als ich dort fotografierte sind ein P\u00e4rchen und ein einzelner Fu\u00dfg\u00e4nger \u00fcber den Baum geklettert, dessen Rinde dort so aussieht, als w\u00e4ren es nicht die ersten drei gewesen. Ich habe das Columbus-Rad auch recht problemlos \u00fcber den Baum heben k\u00f6nnen. Ben w\u00e4re das nicht gelungen und ich vermute auch Alex w\u00e4re daran gescheitert.<\/p>\n<p>Das w\u00e4re als Verwaltung nicht mein Anspruch.<\/p>\n","protected":false},"excerpt":{"rendered":"<p>Wir hatten Ende letzten und Anfang des Jahres ein bisschen Hochwasser an Weser und Werre. Das hat die Ufer aufgeweicht und folgerichtig wurde im Dezember davor gewarnt, zum Beispiel den Sielpark zu besuchen. Am 14.01. habe ich den gro\u00dfen Nachwuchs &hellip;<\/p>\n<p class=\"read-more\"> <a class=\"more-link\" href=\"https:\/\/www.andreas-edler.de\/blog\/2024\/01\/else-werre-radweg-unpassierbar\/\"> <span class=\"screen-reader-text\">Else-Werre-Radweg unpassierbar<\/span> Weiterlesen &raquo;<\/a><\/p>\n","protected":false},"author":1,"featured_media":0,"comment_status":"open","ping_status":"open","sticky":false,"template":"","format":"standard","meta":{"ngg_post_thumbnail":0,"activitypub_content_warning":"","activitypub_content_visibility":"","activitypub_max_image_attachments":2,"activitypub_interaction_policy_quote":"anyone","activitypub_status":"","footnotes":""},"categories":[14,15,45,13],"tags":[477,262,306,207,318,79,72,508],"class_list":["post-171332","post","type-post","status-publish","format-standard","hentry","category-bad-oeynhausen","category-fahrrad","category-politik","category-verkehr","tag-alltagsradverkehr","tag-eidinghausener-strasse","tag-else-werre-radweg","tag-radweg","tag-sielpark","tag-stadtwerke","tag-verwaltung","tag-werre"],"share_on_mastodon":{"url":"https:\/\/social.tchncs.de\/@filmfacts\/111829143137287670","error":""},"_links":{"self":[{"href":"https:\/\/www.andreas-edler.de\/blog\/wp-json\/wp\/v2\/posts\/171332","targetHints":{"allow":["GET"]}}],"collection":[{"href":"https:\/\/www.andreas-edler.de\/blog\/wp-json\/wp\/v2\/posts"}],"about":[{"href":"https:\/\/www.andreas-edler.de\/blog\/wp-json\/wp\/v2\/types\/post"}],"author":[{"embeddable":true,"href":"https:\/\/www.andreas-edler.de\/blog\/wp-json\/wp\/v2\/users\/1"}],"replies":[{"embeddable":true,"href":"https:\/\/www.andreas-edler.de\/blog\/wp-json\/wp\/v2\/comments?post=171332"}],"version-history":[{"count":0,"href":"https:\/\/www.andreas-edler.de\/blog\/wp-json\/wp\/v2\/posts\/171332\/revisions"}],"wp:attachment":[{"href":"https:\/\/www.andreas-edler.de\/blog\/wp-json\/wp\/v2\/media?parent=171332"}],"wp:term":[{"taxonomy":"category","embeddable":true,"href":"https:\/\/www.andreas-edler.de\/blog\/wp-json\/wp\/v2\/categories?post=171332"},{"taxonomy":"post_tag","embeddable":true,"href":"https:\/\/www.andreas-edler.de\/blog\/wp-json\/wp\/v2\/tags?post=171332"}],"curies":[{"name":"wp","href":"https:\/\/api.w.org\/{rel}","templated":true}]}}